{"id":114948,"date":"2023-11-29T06:43:29","date_gmt":"2023-11-29T12:43:29","guid":{"rendered":"https:\/\/lospoliticosveracruz.com.mx\/?p=114948"},"modified":"2023-11-29T08:50:02","modified_gmt":"2023-11-29T14:50:02","slug":"los-grupos-culturales-de-derechos","status":"publish","type":"post","link":"https:\/\/lospoliticosveracruz.com.mx\/?p=114948","title":{"rendered":"LOS GRUPOS \u201cCULTURALES\u201d DE DERECHOS"},"content":{"rendered":"\n<p><\/p>\n\n\n\n<p><strong>Omar Z\u00fa\u00f1iga<\/strong><br><em>De Primera Mano<\/em><\/p>\n\n\n\n<p>Los llamados \u201cgrupos culturales\u201d en la Universidad Veracruzana existen pr\u00e1cticamente desde la misma aparici\u00f3n de la instituci\u00f3n.<br>Asimismo, es imposible deslindar a estos grupos tanto con actividades porriles, como con intereses partidistas.<br>De estos grupos culturales los que quiz\u00e1 tengan m\u00e1s \u201ctradici\u00f3n\u201d sean los de la Facultad de Derecho.<\/p>\n\n\n<div class=\"wp-block-image\">\n<figure class=\"alignleft size-medium\"><a href=\"https:\/\/lospoliticosveracruz.com.mx\/wp-content\/uploads\/2021\/10\/Zacauilt.jpg\"><img decoding=\"async\" src=\"https:\/\/lospoliticosveracruz.com.mx\/wp-content\/uploads\/2021\/10\/Zacauilt-150x300.jpg\" alt=\"\" class=\"wp-image-80558\"\/><\/a><\/figure><\/div>\n\n\n<p><br>Para decirlo tambi\u00e9n con todas sus letras, los partidos se metieron con todo, y los usaron como semilleros y por supuesto, alumnos que los utilizaron como trampol\u00edn en la desenfrenada carrera pol\u00edtica y los partidos como ariete en muchas ocasiones o como grupos de choque.<br>Para que estos grupos existan debe tenerse la anuencia del\/a director\/a en turno\/a. Es imposible concebir su existencia sin la autorizaci\u00f3n superior.<br>Por supuesto, en la actualidad no suceden las mismas situaciones del pasado, \u00a1son peor!<br>Todo esto viene a cuento por la existencia (de la que se tienen las pruebas documentales, pero que no se exhiben a petici\u00f3n de parte, por el temor fundado a las represalias de la directora) de permisos que tienen \u201cciertos\u201d alumnos para faltar varios d\u00edas a sus clases, como Grecia Nayeli F.<br>La raz\u00f3n de estas faltas es por estar realizando labores \u201cextraclase\u201d, es decir chamba en favor de estos grupos.<br>Uno de ellos espec\u00edficamente denominado \u201cLiderazgo Constitucional\u201d, -cuya presidencia est\u00e1 a cargo de la misma Grecia, que s\u00ed tiene la anuencia de Araceli Reyes, al justificar las faltas de los alumnos (varios de ellos de primero y segundo a\u00f1o) a trav\u00e9s del secretario Acad\u00e9mico de la Facultad, Joel Hern\u00e1ndez Zubiri.<br>Esto se debe a que, de acuerdo al Reglamento, los chavos deben tener un m\u00ednimo de asistencias para poder tener derecho a examen final (en todos lados es as\u00ed).<br>Entonces, el secretario Acad\u00e9mico, por instrucci\u00f3n superior, se pone a firmar justificantes para las faltas, por \u201cenfermedad\u201d la mayor\u00eda de ellos y as\u00ed darle oportunidad a los faltistas que realizan trabajo pol\u00edtico, que en el caso concreto de Liderazgo Constitucional, para Morena.<br>Al final del d\u00eda, de lo que se trata es tener el control del alumnado.<br>A la directora en turno le sirve para tener los votos de los Consejeros alumnos en su intenci\u00f3n de reelegirse (aunque es un hecho, que ya nadie la quiere en ese puesto) y a Morena en este caso, como caldo de cultivo y semillero, para Ciervos (con C) del Bienestar.<br>Pues bien, este contexto sirve para ejemplificar que Araceli Reyes L\u00f3pez busca encontrarle siempre un problema a cada soluci\u00f3n, para todos aquellos que no se dobleguen a sus exigencias.<br>Para documentar el optimismo, este martes, la magistrada del Tribunal Superior de Justicia del Estado de Veracruz, Mar\u00eda Lilia Viveros Ram\u00edrez, mejor conocida como Marily para los cuates, dio a conocer a trav\u00e9s de sus redes sociales una \u201catenta respuesta\u201d, de Araceli Reyes a una petici\u00f3n de la magistrada, hecha el 27 de octubre, para que sus alumnos de Derecho Procesal y Filosof\u00eda del Derecho, pudieran acudir a un recorrido por las instalaciones del Poder Judicial de Veracruz y de Juzgados de Primera Instancia (estudian Leyes).<br>Pero como para toros del jaral, los caballos de all\u00e1 mesmo, Marily responde, a trav\u00e9s de oficio publicado tambi\u00e9n en redes, que sea la misma Araceli como directora de la Facultad, quien gestione la visita para los alumnos \u201cpara incidir en su formaci\u00f3n integral\u201d, ante la instituci\u00f3n en la que Marily es magistrada.<br>A estas alturas, Araceli Reyes debe aplicarse con la gesti\u00f3n, pues tard\u00f3 un mes s\u00f3lo en contestar una solicitud y faltan escasos 10 d\u00edas para que terminen las clases. Uuuuffff.<br>Por cierto, en la Facultad, para nadie es un secreto que Araceli trae un tema personal con Marily, que dados estos elementos de prueba, ha afectado ya a los alumnos, que nada tienen que ver con el asunto de la directora y la catedr\u00e1tica.<\/p>\n\n\n\n<hr class=\"wp-block-separator has-alpha-channel-opacity\"\/>\n\n\n\n<p>Gracias a quienes me hicieron el favor de leerme y corregirme, pues en entrega del 16 de noviembre, publiqu\u00e9 de manera equivocada lo siguiente \u201c(\u2026) las tres que van \u201ca concurso\u201d ya vienen etiquetadas por la Secretar\u00eda Acad\u00e9mica, una de ellas para Armando Palomo, que se desempe\u00f1a precisamente como asesor del secretario Acad\u00e9mico de la UV (\u2026)\u201d mi m\u00e1s sentida disculpa, pues debe decir Armando Pacheco del Valle, para quien efectivamente ser\u00eda la plaza de Derecho Laboral<br>La de Derecho Civil ser\u00eda para la esposa de este, Rosa Laura Altamirano Casta\u00f1eda, y finalmente para Mar\u00eda Eugenia Jerez, mejor conocida como \u201cla subdirectora\u201d, va etiquetada la de Derecho Mercantil. \u00a1Listo!<\/p>\n\n\n\n<p>\u00a1Qu\u00e9 barbaridad!<br>deprimera.mano2020@gmail.com<\/p>\n","protected":false},"excerpt":{"rendered":"<p>Omar Z\u00fa\u00f1igaDe Primera Mano Los llamados \u201cgrupos culturales\u201d en la Universidad Veracruzana existen pr\u00e1cticamente desde la misma aparici\u00f3n de la instituci\u00f3n.Asimismo, es imposible deslindar a estos grupos tanto con actividades porriles, como con intereses partidistas.De estos grupos culturales los que quiz\u00e1 tengan m\u00e1s \u201ctradici\u00f3n\u201d sean los de la Facultad de Derecho. Para decirlo tambi\u00e9n con [&hellip;]<\/p>\n","protected":false},"author":2,"featured_media":0,"comment_status":"closed","ping_status":"closed","sticky":false,"template":"","format":"standard","meta":{"_jetpack_newsletter_access":"","_jetpack_dont_email_post_to_subs":false,"_jetpack_newsletter_tier_id":0,"_jetpack_memberships_contains_paywalled_content":false,"_jetpack_memberships_contains_paid_content":false,"footnotes":""},"categories":[70],"tags":[3356,39785,39786,219,195],"class_list":["post-114948","post","type-post","status-publish","format-standard","hentry","category-de-opinion","tag-facultad-de-derecho","tag-grecia-nayeli","tag-joel-hernandez-zubiri","tag-universidad-veracruzana","tag-veracruz"],"jetpack_featured_media_url":"","jetpack_sharing_enabled":true,"jetpack_shortlink":"https:\/\/wp.me\/p4Qcd3-tU0","_links":{"self":[{"href":"https:\/\/lospoliticosveracruz.com.mx\/index.php?rest_route=\/wp\/v2\/posts\/114948","targetHints":{"allow":["GET"]}}],"collection":[{"href":"https:\/\/lospoliticosveracruz.com.mx\/index.php?rest_route=\/wp\/v2\/posts"}],"about":[{"href":"https:\/\/lospoliticosveracruz.com.mx\/index.php?rest_route=\/wp\/v2\/types\/post"}],"author":[{"embeddable":true,"href":"https:\/\/lospoliticosveracruz.com.mx\/index.php?rest_route=\/wp\/v2\/users\/2"}],"replies":[{"embeddable":true,"href":"https:\/\/lospoliticosveracruz.com.mx\/index.php?rest_route=%2Fwp%2Fv2%2Fcomments&post=114948"}],"version-history":[{"count":2,"href":"https:\/\/lospoliticosveracruz.com.mx\/index.php?rest_route=\/wp\/v2\/posts\/114948\/revisions"}],"predecessor-version":[{"id":114956,"href":"https:\/\/lospoliticosveracruz.com.mx\/index.php?rest_route=\/wp\/v2\/posts\/114948\/revisions\/114956"}],"wp:attachment":[{"href":"https:\/\/lospoliticosveracruz.com.mx\/index.php?rest_route=%2Fwp%2Fv2%2Fmedia&parent=114948"}],"wp:term":[{"taxonomy":"category","embeddable":true,"href":"https:\/\/lospoliticosveracruz.com.mx\/index.php?rest_route=%2Fwp%2Fv2%2Fcategories&post=114948"},{"taxonomy":"post_tag","embeddable":true,"href":"https:\/\/lospoliticosveracruz.com.mx\/index.php?rest_route=%2Fwp%2Fv2%2Ftags&post=114948"}],"curies":[{"name":"wp","href":"https:\/\/api.w.org\/{rel}","templated":true}]}}