{"id":115157,"date":"2023-12-03T19:47:38","date_gmt":"2023-12-04T01:47:38","guid":{"rendered":"https:\/\/lospoliticosveracruz.com.mx\/?p=115157"},"modified":"2023-12-03T19:47:51","modified_gmt":"2023-12-04T01:47:51","slug":"caminar-segura","status":"publish","type":"post","link":"https:\/\/lospoliticosveracruz.com.mx\/?p=115157","title":{"rendered":"CAMINAR SEGURA"},"content":{"rendered":"\n<p><strong>Brenda Caballero<\/strong><\/p>\n\n\n\n<p><em>N\u00fameros Rojos<\/em><\/p>\n\n\n\n<p>Ervey Daniel \u201cN\u201d hoy est\u00e1 detenido gracias a la viralizaci\u00f3n en redes sociales de un video de una c\u00e1mara de seguridad que grab\u00f3 el momento cuando este \u201csupuesto repartidor de Liverpool\u201d hac\u00eda tocamientos a una ni\u00f1a de 11 a\u00f1os en la alcald\u00eda de Iztapalapa, all\u00e1 en la Ciudad de M\u00e9xico.<\/p>\n\n\n\n<p>Seguramente a sus ojos lleg\u00f3 el video donde se aprecia a un Ervey conversando con una menor, en una calle solitaria, para posteriormente abusar sexualmente de ella, mientras la ni\u00f1a gritaba ayuda, escapando de inmediato su agresor.<\/p>\n\n\n\n<p>\u00bfQu\u00e9 hubiera pasado si esa c\u00e1mara de seguridad no hubiera estado en esa calle?<\/p>\n\n\n\n<p>Lo mismo que pasa todos los d\u00edas en el pa\u00eds: agresores de mujeres y ni\u00f1as que son abusadas, manoseadas, violadas y hasta asesinadas, sin que haya alg\u00fan testigo o alguien que vea algo y les preste ayuda, andar\u00edan en la calle impunemente.<\/p>\n\n\n\n<p>Por eso, muchas mujeres nos sentimos inseguras cuando caminamos en la ciudad, con calles sin luminaci\u00f3n, vegetaci\u00f3n sin chapear y ausencia de c\u00e1maras de vigilancia\u2026 bueno, dicen que ac\u00e1 en Xalapa s\u00ed hay c\u00e1maras, sin embargo, los casos de inseguridad que se han conocido han sido por videoc\u00e1maras de particulares.<\/p>\n\n\n\n<p>Ya lo dice la misma presidenta del Instituto Nacional de las Mujeres (Inmujeres), Nadine Gasman Zylbermann: \u201cEl 80 por ciento de las Mujeres en M\u00e9xico no se sienten seguras caminando por las calles\u201d.<\/p>\n\n\n\n<p>Ese alto porcentaje de mujeres ha sido factor para que desde el 2021, Inmujeres implemente el Programa Senderos Seguros: Camina Libre, Camina Segura, que busca erradicar la violencia de g\u00e9nero en la v\u00eda p\u00fablica mediante el mejoramiento de espacios generando una identidad visual positiva a trav\u00e9s de diversos tipos de intervenciones art\u00edsticas.&nbsp;<\/p>\n\n\n\n<p>Ese programa que ha dado resultados all\u00e1 en la Ciudad de M\u00e9xico, lo tenemos ac\u00e1 en Veracruz, bueno,&nbsp; por desgracia, no en todo el estado, sino en el Puerto de Veracruz, donde&nbsp; la alcaldesa Paty Lobeira Rodr\u00edguez busca habilitar 6 senderos seguros cada a\u00f1o, y as\u00ed lo viene haciendo desde que inici\u00f3 su gesti\u00f3n, retomando el mismo programa del entonces alcalde Fernando Yunes M\u00e1rquez.<\/p>\n\n\n\n<p>Boca del R\u00edo tambi\u00e9n se uni\u00f3 a los Senderos Seguros, y de acuerdo al alcalde Juan Manuel de Unanue Abascal, en ese municipio ya tienen 13 Senderos Seguros y dice que va por 15 m\u00e1s.<\/p>\n\n\n\n<p>\u00bfY los dem\u00e1s municipios del estado? \u00bfPor qu\u00e9 no habilitan Senderos Seguros?<\/p>\n\n\n\n<p>Ojal\u00e1 y no piensen como la regidora porte\u00f1a Lissethe Mart\u00ednez Echeverr\u00eda quien se\u00f1al\u00f3&nbsp; en entrevista que los Senderos Seguros, son callejones pintados y que no tienen infraestructura. No es por intrigar, pero la delegaci\u00f3n de Iztapalapa, gobernada por su mismo partido tiene el mismo Programa y lo resaltan con \u00e9xito.<\/p>\n\n\n\n<p>correo:caballero_brenda@hotmail.com<\/p>\n\n\n\n<p>Twitter: @NumerosRojos_BC<\/p>\n","protected":false},"excerpt":{"rendered":"<p>Brenda Caballero N\u00fameros Rojos Ervey Daniel \u201cN\u201d hoy est\u00e1 detenido gracias a la viralizaci\u00f3n en redes sociales de un video de una c\u00e1mara de seguridad que grab\u00f3 el momento cuando este \u201csupuesto repartidor de Liverpool\u201d hac\u00eda tocamientos a una ni\u00f1a de 11 a\u00f1os en la alcald\u00eda de Iztapalapa, all\u00e1 en la Ciudad de M\u00e9xico. Seguramente [&hellip;]<\/p>\n","protected":false},"author":2,"featured_media":0,"comment_status":"closed","ping_status":"closed","sticky":false,"template":"","format":"standard","meta":{"_jetpack_newsletter_access":"","_jetpack_dont_email_post_to_subs":false,"_jetpack_newsletter_tier_id":0,"_jetpack_memberships_contains_paywalled_content":false,"_jetpack_memberships_contains_paid_content":false,"footnotes":""},"categories":[70],"tags":[601,39821,708,37811,35101,1026,39822,28392,28331,195],"class_list":["post-115157","post","type-post","status-publish","format-standard","hentry","category-de-opinion","tag-boca-del-rio","tag-ervey-daniel","tag-iztapalapa","tag-juan-manuel-de-unanue-2","tag-lissethe-martinez-echeverria","tag-morena","tag-nadine-gasman-zylbermann","tag-paty-lobeira-rodriguez","tag-senderos-seguros","tag-veracruz"],"jetpack_featured_media_url":"","jetpack_sharing_enabled":true,"jetpack_shortlink":"https:\/\/wp.me\/p4Qcd3-tXn","_links":{"self":[{"href":"https:\/\/lospoliticosveracruz.com.mx\/index.php?rest_route=\/wp\/v2\/posts\/115157","targetHints":{"allow":["GET"]}}],"collection":[{"href":"https:\/\/lospoliticosveracruz.com.mx\/index.php?rest_route=\/wp\/v2\/posts"}],"about":[{"href":"https:\/\/lospoliticosveracruz.com.mx\/index.php?rest_route=\/wp\/v2\/types\/post"}],"author":[{"embeddable":true,"href":"https:\/\/lospoliticosveracruz.com.mx\/index.php?rest_route=\/wp\/v2\/users\/2"}],"replies":[{"embeddable":true,"href":"https:\/\/lospoliticosveracruz.com.mx\/index.php?rest_route=%2Fwp%2Fv2%2Fcomments&post=115157"}],"version-history":[{"count":1,"href":"https:\/\/lospoliticosveracruz.com.mx\/index.php?rest_route=\/wp\/v2\/posts\/115157\/revisions"}],"predecessor-version":[{"id":115159,"href":"https:\/\/lospoliticosveracruz.com.mx\/index.php?rest_route=\/wp\/v2\/posts\/115157\/revisions\/115159"}],"wp:attachment":[{"href":"https:\/\/lospoliticosveracruz.com.mx\/index.php?rest_route=%2Fwp%2Fv2%2Fmedia&parent=115157"}],"wp:term":[{"taxonomy":"category","embeddable":true,"href":"https:\/\/lospoliticosveracruz.com.mx\/index.php?rest_route=%2Fwp%2Fv2%2Fcategories&post=115157"},{"taxonomy":"post_tag","embeddable":true,"href":"https:\/\/lospoliticosveracruz.com.mx\/index.php?rest_route=%2Fwp%2Fv2%2Ftags&post=115157"}],"curies":[{"name":"wp","href":"https:\/\/api.w.org\/{rel}","templated":true}]}}