{"id":115474,"date":"2023-12-10T20:15:38","date_gmt":"2023-12-11T02:15:38","guid":{"rendered":"https:\/\/lospoliticosveracruz.com.mx\/?p=115474"},"modified":"2023-12-10T20:15:45","modified_gmt":"2023-12-11T02:15:45","slug":"desaparecidos-5","status":"publish","type":"post","link":"https:\/\/lospoliticosveracruz.com.mx\/?p=115474","title":{"rendered":"DESAPARECIDOS"},"content":{"rendered":"\n<p>Guadalupe H. Mar<\/p>\n\n\n\n<p>Mira Pol\u00edtica<\/p>\n\n\n\n<p><strong>TRISTE FAMA <\/strong>\u2026 Veracruz se ha convertido en el estado de la rep\u00fablica de referencia cuando se aborda el tema de las fosas clandestinas y desaparecidos en nuestro pa\u00eds, pues desafortunada y lastimosamente, somos el primero en el pa\u00eds en cuanto a entierros ilegales.<\/p>\n\n\n\n<p>Por ello no es fortuito que el pr\u00f3ximo s\u00e1bado 16 de diciembre a eso de la una de la tarde, en la facultad de Derecho de la Universidad Veracruzana (UV) all\u00e1 en la ciudad de Xalapa, se presentar\u00e1 el libro: \u201cDesaparici\u00f3n forzada y colectivos de b\u00fasqueda de personas en el norte de Sinaloa\u201d, texto que incluye un cap\u00edtulo dedicado a las desapariciones forzadas de personas en el estado de Veracruz.<\/p>\n\n\n\n<p>Este libro cuyos autores son Erika Guadalupe Ram\u00edrez Valenzuela y Juan Antonio Fern\u00e1ndez Vel\u00e1zquez, ser\u00e1 presentado por la presidenta del Colectivo por la Paz Xalapa, Sara Gonz\u00e1lez Rodr\u00edguez, adem\u00e1s de Denisse Alejandra Gigi Ortiz Castillo y la acad\u00e9mica Rosa Hilda Rojas P\u00e9rez, como moderadora.<\/p>\n\n\n\n<p>En la rese\u00f1a de este libro se expone la reflexi\u00f3n en torno a la desaparici\u00f3n forzada, como manifestaci\u00f3n social de la violencia en Sinaloa (M\u00e9xico) con base en las acciones del colectivo Las Rastreadoras de El Fuerte.<\/p>\n\n\n\n<p>De ah\u00ed se desarrollaron los siguientes objetivos espec\u00edficos: exponer las experiencias de las integrantes del colectivo Las Rastreadoras de El Fuerte; reconocer a sus integrantes, a trav\u00e9s de sus memorias, como v\u00edctimas de la violencia en Sinaloa y contribuir al conocimiento de la desaparici\u00f3n forzada en Sinaloa.<\/p>\n\n\n\n<p>La investigaci\u00f3n para elaborar este libro, se hizo con una metodolog\u00eda dise\u00f1ada para el caso y por ende con rigor cient\u00edfico, de ah\u00ed su particularidad. Si bien el libro se refiere a desapariciones forzadas en el estado de Sinaloa, se incluyen casos de la entidad veracruzana, pues como dec\u00edamos, somos vergonzosamente el primero del pa\u00eds en cuanto a entierros clandestinos.<\/p>\n\n\n\n<p>Ser\u00e1 interesante la lectura de este texto, porque las rese\u00f1as indican en cuanto a Veracruz, que se expone entre otros casos, la presunta participaci\u00f3n de elementos de la polic\u00eda estatal en privaciones de la libertad o levantones como se les conoce, documentados en 2013. As\u00f3mbrese usted amable lectora y lector.<\/p>\n\n\n\n<p>Si le es posible amable lectora o lector, asista a la presentaci\u00f3n de este libro el pr\u00f3ximo s\u00e1bado a la una de la tarde, en la facultad de Derecho de la Universidad Veracruzana, en la ciudad de Xalapa.<\/p>\n\n\n\n<p><strong>BARBAS A REMOJAR<\/strong> \u2026 Lo sucedido en Texcatitl\u00e1n, en el Estado de M\u00e9xico, donde pobladores arremetieron contra delincuentes que se dedicaban a la extorsi\u00f3n, es claro ejemplo de que, ante la falta de Estado, la ciudadan\u00eda hace suya la ley.<\/p>\n\n\n\n<p>Aqu\u00ed en Veracruz, la semana pasada se dieron algunos casos en que la poblaci\u00f3n sali\u00f3 a cerrar carreteras y realizar plantones porque las autoridades no daban respuesta sus demandas.<\/p>\n\n\n\n<p>Uno de esos casos fue el bloqueo de la autopista Orizaba- Puebla, a la altura de Nogales, para demandar la aparici\u00f3n de varias personas a las que supuestamente retuvieron elementos de Tr\u00e1nsito y vialidad.<\/p>\n\n\n\n<p>Como ese, fue el caso de habitantes de las inmediaciones de Mart\u00ednez de la Torre, que, cansados de demandar la reparaci\u00f3n de la carretera a Misantla, que se encuentra bastante deteriorada, bloquearon la vialidad hasta que fueron atendidos por las autoridades.<\/p>\n\n\n\n<p>Estos brotes de inconformidad social, que seguramente ser\u00e1n calificados como hechos aislados, son s\u00edntomas de que el pueblo se cansa\u2026<\/p>\n\n\n\n<p><strong>HAY QUE PONDERARLO<\/strong> \u2026 Llama la atenci\u00f3n un dato que difundi\u00f3 la Asociaci\u00f3n Mexicana de Instituciones de Seguros (AMIS), en el sentido de que los tratamientos para enfrentar el c\u00e1ncer de mama tienen costos promedio de 145 mil 400 pesos al a\u00f1o, por lo que se hace indispensable contar con un seguro que permita cubrir estos gastos.<\/p>\n\n\n\n<p>La AMIS @AMIS_MX revel\u00f3 que en 2021 se pagaron mil 580 millones de pesos por enfermedades relacionadas con el c\u00e1ncer de mama, lo cual habr\u00e1 que ponderarlo partiendo del principio de que m\u00e1s vale prevenir, que lamentar.<\/p>\n\n\n\n<p><strong>D\u00cdGALO SIN MIEDO<\/strong> \u2026 Al XTwitter @guadalupehmar<\/p>\n","protected":false},"excerpt":{"rendered":"<p>Guadalupe H. Mar Mira Pol\u00edtica TRISTE FAMA \u2026 Veracruz se ha convertido en el estado de la rep\u00fablica de referencia cuando se aborda el tema de las fosas clandestinas y desaparecidos en nuestro pa\u00eds, pues desafortunada y lastimosamente, somos el primero en el pa\u00eds en cuanto a entierros ilegales. Por ello no es fortuito que [&hellip;]<\/p>\n","protected":false},"author":2,"featured_media":0,"comment_status":"closed","ping_status":"closed","sticky":false,"template":"","format":"standard","meta":{"_jetpack_newsletter_access":"","_jetpack_dont_email_post_to_subs":false,"_jetpack_newsletter_tier_id":0,"_jetpack_memberships_contains_paywalled_content":false,"_jetpack_memberships_contains_paid_content":false,"footnotes":""},"categories":[70],"tags":[39871,11120,580,1035,39869,3356,39870,8969,6868,219,195],"class_list":["post-115474","post","type-post","status-publish","format-standard","hentry","category-de-opinion","tag-colectivo-por-la-paz-xalapa","tag-colectivos-de-busqueda","tag-desaparecidos","tag-desaparicion-forzada","tag-erika-guadalupe-ramirez-valenzuela","tag-facultad-de-derecho","tag-juan-antonio-fernandez-velazquez","tag-sara-gonzalez-rodriguez","tag-sinaloa","tag-universidad-veracruzana","tag-veracruz"],"jetpack_featured_media_url":"","jetpack_sharing_enabled":true,"jetpack_shortlink":"https:\/\/wp.me\/p4Qcd3-u2u","_links":{"self":[{"href":"https:\/\/lospoliticosveracruz.com.mx\/index.php?rest_route=\/wp\/v2\/posts\/115474","targetHints":{"allow":["GET"]}}],"collection":[{"href":"https:\/\/lospoliticosveracruz.com.mx\/index.php?rest_route=\/wp\/v2\/posts"}],"about":[{"href":"https:\/\/lospoliticosveracruz.com.mx\/index.php?rest_route=\/wp\/v2\/types\/post"}],"author":[{"embeddable":true,"href":"https:\/\/lospoliticosveracruz.com.mx\/index.php?rest_route=\/wp\/v2\/users\/2"}],"replies":[{"embeddable":true,"href":"https:\/\/lospoliticosveracruz.com.mx\/index.php?rest_route=%2Fwp%2Fv2%2Fcomments&post=115474"}],"version-history":[{"count":1,"href":"https:\/\/lospoliticosveracruz.com.mx\/index.php?rest_route=\/wp\/v2\/posts\/115474\/revisions"}],"predecessor-version":[{"id":115475,"href":"https:\/\/lospoliticosveracruz.com.mx\/index.php?rest_route=\/wp\/v2\/posts\/115474\/revisions\/115475"}],"wp:attachment":[{"href":"https:\/\/lospoliticosveracruz.com.mx\/index.php?rest_route=%2Fwp%2Fv2%2Fmedia&parent=115474"}],"wp:term":[{"taxonomy":"category","embeddable":true,"href":"https:\/\/lospoliticosveracruz.com.mx\/index.php?rest_route=%2Fwp%2Fv2%2Fcategories&post=115474"},{"taxonomy":"post_tag","embeddable":true,"href":"https:\/\/lospoliticosveracruz.com.mx\/index.php?rest_route=%2Fwp%2Fv2%2Ftags&post=115474"}],"curies":[{"name":"wp","href":"https:\/\/api.w.org\/{rel}","templated":true}]}}