{"id":115481,"date":"2023-12-11T04:34:49","date_gmt":"2023-12-11T10:34:49","guid":{"rendered":"https:\/\/lospoliticosveracruz.com.mx\/?p=115481"},"modified":"2023-12-11T04:34:57","modified_gmt":"2023-12-11T10:34:57","slug":"la-cumbre-sheinbaum-nahle","status":"publish","type":"post","link":"https:\/\/lospoliticosveracruz.com.mx\/?p=115481","title":{"rendered":"LA CUMBRE SHEINBAUM-NAHLE"},"content":{"rendered":"\n<p><strong>Ricardo Chua<\/strong><\/p>\n\n\n\n<p><em>Sale y Vale<\/em><\/p>\n\n\n\n<p>EXCLUSIVA&#8230; Confiesa \u00abGarganta Profunda\u00bb que despu\u00e9s de la \u00abCumbre de El Vadiro\u00b4S\u00bb, la semana pasada en Xalapa, entre altos funcionarios del gobierno de Cuitl\u00e1huac Garc\u00eda y los operadores de MORENA en Veracruz.. Insistieron que la principal preocupaci\u00f3n sigue siendo que a pesar de que ya hace un mes que Roc\u00edo Nahle fue confirmada como la precandidata a la gubernatura del Estado y que \u00abaceler\u00f3\u00bb el paso para recorrer la entidad.. Pero, las encuestas demuestran que no ha crecido m\u00e1s all\u00e1 del 1 por ciento..<\/p>\n\n\n\n<p>Pero lo peor es que, por alguna situaci\u00f3n entre su equipo de precampa\u00f1a y la sociedad veracruzana, con la cual no ha hecho \u00abclick\u00bb.. Se demuestra que ha habido semanas en este mes que pas\u00f3 como precandidata de que los registros han sido negativos en preferencias electorales\u2026 Y que si bien el PRI ya decidi\u00f3 que sea Pepe Yunes su candidato y que ha ido poco a poco levantado los \u00e1nimos.. Contrario a lo que muchos afirmaban que Pepe hab\u00eda perdido antes de arrancar.. Esto sali\u00f3 contrario.. Poco a poco el priista ha ido levantando..<\/p>\n\n\n\n<p>Sobre todo cuando \u00c9L DETUVO la \u00abola\u00bb de renuncias al PRI de parte de su militancia y que el PAN ya se le ve muy convencido de su candidatura.. Al menos, lo est\u00e1n \u00abarropando\u00bb sus actores m\u00e1s fuertes.. Pero volviendo a Nahle, antier estuvo en reuni\u00f3n con Claudia Sheinbaum y los operadores de la campa\u00f1a de la Presidencial, ah\u00ed junto a los dem\u00e1s precandidatos a gobernadores del pa\u00eds, les dijeron que deben apretar el paso y empezar a buscar los mejores perfiles para cada distrito, pues, los n\u00fameros no son lo que esperaban.. ZUCUTUM..<\/p>\n\n\n\n<p>Por eso, \u00abGarganta Profunda\u00bb se\u00f1ala que la \u00abCumbre de El Vadiro&#8217;S\u00bb fue la antesala a lo que iba a pasar en la \u00abCumbre Sheinbaum y los 9 candidatos a gobernador\u00bb de MORENA.. Ya que puntualmente en el caso de Veracruz.. De nuevo, \u00able leyeron la cartilla\u00bb una vez m\u00e1s a Cuitlahuac Garc\u00eda.. Donde le se\u00f1alaron que NO SER\u00c1 operador directo de ninguna campa\u00f1a, solo estar\u00e1 como el proveedor, as\u00ed se lo sentenci\u00f3 Claudia Shienbaum.. NO LE QUED\u00d3 DE OTRA..<\/p>\n\n\n\n<p>Cuitl\u00e1huac fue acompa\u00f1ando a Roc\u00edo Nahle a esa reuni\u00f3n para negociar algunas posiciones para los suyos a Dorheny Garc\u00eda Cayetano por la Senadur\u00eda, \u00abamarrar\u00bb a Zenyazen Escobar por el distrito C\u00f3rdoba, buscarle a Eleazar Guerrero una plurinominal y meter las \u00abmanos\u00bb por Eric Cisneros Burgos para ser diputado federal plurinominal (Uno de los tiros que si le sali\u00f3), pero en el caso del Primo Eleazar le dijeron que no, pues al leer los n\u00fameros, no le abona a Nahle, por el contrario hay m\u00e1s interesados en anular su voto con el Primo en la boleta\u2026<\/p>\n\n\n\n<p>S\u00f3lo el tema de Zenyazen que tiene que \u00abjug\u00e1rsela\u00bb en C\u00f3rdoba porque su distrito electoral local est\u00e1 en \u00abrojo\u00bb y lo puede perder porque el alcalde, Juan Mart\u00ednez, no sali\u00f3 tan bueno como esperaban.. Que ahora puso en riesgo la demarcaci\u00f3n local y federal.. En el caso de Dorheny Garc\u00eda Cayetano, a ella a lo mejor no le alcance para ser senadora o diputada federal.. Pero ser\u00e1 de las pocas rescatadas por Nahle.. Por su trabajo al interior de MORENA y porque ella siempre se la \u00abjug\u00f3\u00bb con la ex titular de SENER..<\/p>\n\n\n\n<p>As\u00ed que como \u00abbalde de agua fr\u00eda\u00bb cay\u00f3 la noticia, dice \u00abGarganta Profunda\u00bb, pues, la indicaci\u00f3n para todos los gobernadores de MORENA fue sencilla.. A partir de este momento nada de \u00abbloqueos\u00bb a gente que quiera aspirar y que solo se dediquen a lo que realmente importa.. Con esto qued\u00f3 m\u00e1s que claro, que Cuitlahuac ya es un \u00ablastre\u00bb para Roc\u00edo Nahle y que por eso su campa\u00f1a no funciona\u2026 Ahora su reto ser\u00e1 buscar a los mejores perfiles en cada distrito federal y local y que se conviertan en sus voceros\u2026<\/p>\n\n\n\n<p>Lo peor fue que en esta reuni\u00f3n, el equipo de la campa\u00f1a Presidencial, les comentaron que si bien los an\u00e1lisis indican que la zona conurbada de Veracruz- Boca del R\u00edo sigue siendo un \u00abbasti\u00f3n azul\u00bb.. Hay distritos como C\u00f3rdoba, Orizaba y Huatusco, que de ser guindas hoy se tornan morados, por lo cual est\u00e1n cambiando y si eso contin\u00faa Roc\u00edo Nahle estar\u00e1 en serios apuros.. Ya que su campa\u00f1a no est\u00e1 creciendo y aunque la marca MORENA es muy fuerte.. Le pueden dar la vuelta\u2026<\/p>\n\n\n\n<p>El conflicto es que ella lo sabe.. Pero Pepe Yunes tambi\u00e9n lo sabe.. Y ya hasta le est\u00e1 marcando la agenda pol\u00edtica en Veracruz.. Ya que mientras Nahle recorre municipios, los sube en sus redes sociales y da una explicaci\u00f3n de cada uno de ellos y sus regiones.. Los electores lo est\u00e1n tomando como si ella fuera una turista en el Estado y que apenas lo est\u00e1 conociendo.. Mientras que Pepe en una etapa desconocida de \u00e9l, se est\u00e1 subiendo a redes sociales dando certeros \u00abgolpes\u00bb al gobierno de Cuitl\u00e1huac.. Que es la debilidad de MORENA..<\/p>\n\n\n\n<p>Esos se\u00f1alamientos de las \u00faltimas semanas.. El recorrido en moto en donde est\u00e1n las largas filas de veh\u00edculos y trailers en las \u00faltimas semanas en la autopista Veracruz-Puebla.. Ha sido contundente.. Ya no se ve ese Pepe noble, que dec\u00edan que se pasaba de caballero.. Est\u00e1 siendo un precandidato \u00abaguerrido\u00bb, que est\u00e1 buscando la aprobaci\u00f3n ciudadana y montado con los \u00abcaciques\u00bb regionales.. No s\u00f3lo en los partidos.. Ya se ver\u00e1 en encuestas venideras este caso.. Por lo pronto, Nahle no est\u00e1 creciendo como debiera, mientras Pepe Yunes s\u00ed.. AMEN<\/p>\n","protected":false},"excerpt":{"rendered":"<p>Ricardo Chua Sale y Vale EXCLUSIVA&#8230; Confiesa \u00abGarganta Profunda\u00bb que despu\u00e9s de la \u00abCumbre de El Vadiro\u00b4S\u00bb, la semana pasada en Xalapa, entre altos funcionarios del gobierno de Cuitl\u00e1huac Garc\u00eda y los operadores de MORENA en Veracruz.. Insistieron que la principal preocupaci\u00f3n sigue siendo que a pesar de que ya hace un mes que Roc\u00edo [&hellip;]<\/p>\n","protected":false},"author":2,"featured_media":0,"comment_status":"closed","ping_status":"closed","sticky":false,"template":"","format":"standard","meta":{"_jetpack_newsletter_access":"","_jetpack_dont_email_post_to_subs":false,"_jetpack_newsletter_tier_id":0,"_jetpack_memberships_contains_paywalled_content":false,"_jetpack_memberships_contains_paid_content":false,"footnotes":""},"categories":[70],"tags":[14655,1563,1026,570,3578,195],"class_list":["post-115481","post","type-post","status-publish","format-standard","hentry","category-de-opinion","tag-claudia-sheimbaum","tag-cuitlahuac-garcia-jimenez","tag-morena","tag-pepe-yunes","tag-rocio-nahle","tag-veracruz"],"jetpack_featured_media_url":"","jetpack_sharing_enabled":true,"jetpack_shortlink":"https:\/\/wp.me\/p4Qcd3-u2B","_links":{"self":[{"href":"https:\/\/lospoliticosveracruz.com.mx\/index.php?rest_route=\/wp\/v2\/posts\/115481","targetHints":{"allow":["GET"]}}],"collection":[{"href":"https:\/\/lospoliticosveracruz.com.mx\/index.php?rest_route=\/wp\/v2\/posts"}],"about":[{"href":"https:\/\/lospoliticosveracruz.com.mx\/index.php?rest_route=\/wp\/v2\/types\/post"}],"author":[{"embeddable":true,"href":"https:\/\/lospoliticosveracruz.com.mx\/index.php?rest_route=\/wp\/v2\/users\/2"}],"replies":[{"embeddable":true,"href":"https:\/\/lospoliticosveracruz.com.mx\/index.php?rest_route=%2Fwp%2Fv2%2Fcomments&post=115481"}],"version-history":[{"count":1,"href":"https:\/\/lospoliticosveracruz.com.mx\/index.php?rest_route=\/wp\/v2\/posts\/115481\/revisions"}],"predecessor-version":[{"id":115483,"href":"https:\/\/lospoliticosveracruz.com.mx\/index.php?rest_route=\/wp\/v2\/posts\/115481\/revisions\/115483"}],"wp:attachment":[{"href":"https:\/\/lospoliticosveracruz.com.mx\/index.php?rest_route=%2Fwp%2Fv2%2Fmedia&parent=115481"}],"wp:term":[{"taxonomy":"category","embeddable":true,"href":"https:\/\/lospoliticosveracruz.com.mx\/index.php?rest_route=%2Fwp%2Fv2%2Fcategories&post=115481"},{"taxonomy":"post_tag","embeddable":true,"href":"https:\/\/lospoliticosveracruz.com.mx\/index.php?rest_route=%2Fwp%2Fv2%2Ftags&post=115481"}],"curies":[{"name":"wp","href":"https:\/\/api.w.org\/{rel}","templated":true}]}}