{"id":115947,"date":"2023-12-21T07:54:24","date_gmt":"2023-12-21T13:54:24","guid":{"rendered":"https:\/\/lospoliticosveracruz.com.mx\/?p=115947"},"modified":"2023-12-21T07:54:34","modified_gmt":"2023-12-21T13:54:34","slug":"se-fueron","status":"publish","type":"post","link":"https:\/\/lospoliticosveracruz.com.mx\/?p=115947","title":{"rendered":"SE FUERON"},"content":{"rendered":"\n<p><strong>Oved Contreras<br><\/strong><em>Secas Mecas<\/em><\/p>\n\n\n\n<p>Ayer por la tarde se consum\u00f3 la salida del PRI de los ex dirigentes estatales Jorge Carvallo y Renato Alarc\u00f3n, as\u00ed como de la diputada local Anil\u00fa Ingram, quienes se integraron formalmente al grupo de priistas que se sumaron a Morena y a la campa\u00f1a de Claudia Sheinbaum\u2026el llamado \u201cGrupo Veracruz\u201d que hab\u00eda marcado su l\u00ednea cuando lleg\u00f3 el Fofo Ram\u00edrez y que ya hab\u00eda amenazado con fracturar al priismo veracruzano, formaliz\u00f3 su salida de lo que llam\u00f3 el \u201cpartido de un solo hombre\u201d, en referencia al dirigente nacional del PRI Alejandro Moreno C\u00e1rdenas, a quien Anil\u00fa Ingram llam\u00f3 \u201cel mayor peligro para M\u00e9xico\u201d y el \u201c\u00fanico esquirol de la pol\u00edtica actual\u201d\u2026aqu\u00ed la pregunta ser\u00eda cu\u00e1nta de esa gente ya no estaba en el PRI y le estaba operando a Morena.<\/p>\n\n\n<div class=\"wp-block-image\">\n<figure class=\"alignleft size-medium is-resized\"><a href=\"https:\/\/lospoliticosveracruz.com.mx\/wp-content\/uploads\/2023\/02\/Vinissimo.jpg\"><img decoding=\"async\" src=\"https:\/\/lospoliticosveracruz.com.mx\/wp-content\/uploads\/2023\/02\/Vinissimo-296x300.jpg\" alt=\"\" class=\"wp-image-102752\" style=\"width:203px;height:auto\"\/><\/a><\/figure><\/div>\n\n\n<p>\u201cAlito y sus 40 amigas y amigos solo piensan en ellos\u201d, dijo Ingram, al hacer p\u00fablica su renuncia al PRI junto con la de los otros ex priistas, entre los que se encuentra el ex diputado Fernando Kuri, quien pretendi\u00f3 ser dirigente estatal del tricolor pero lo marginaron.<\/p>\n\n\n\n<p>La diputada local manifest\u00f3 que \u201cel Grupo Veracruz se suma a la Alianza Progresista, de la cual su servidora forma parte\u201d y \u201cnos sumamos de manera contundente al apoyo de la doctora Claudia Sheinbaum\u201d.<\/p>\n\n\n\n<p>Anil\u00fa Ingram dijo que despu\u00e9s de 20 a\u00f1os de militancia, renuncia junto con m\u00e1s de 800 priistas integrantes del Grupo Veracruz con representatividad en los 212 municipios de Veracruz \u201cporque en el PRI de Alito, \u00a1yo no me quedo! Es un acto de conciencia, congruencia y amor a mi estado, no pod\u00eda quedarme a ser c\u00f3mplice por omisi\u00f3n, del secuestro de una instituci\u00f3n pol\u00edtica que s\u00ed sirvi\u00f3 a M\u00e9xico por casi un siglo, pero que hoy solo sirve a los intereses m\u00e1s oscuros, los caprichos de un hombre sin escr\u00fapulos, los acuerdos debajo de la mesa y el hambre de poder de un grupo que nada ve por el bien com\u00fan\u201d.<\/p>\n\n\n\n<p>La legisladora recalc\u00f3 que su objetivo no es un cargo sino continuar abonando a un mejor Veracruz y a un mejor M\u00e9xico, siempre con trabajo. En su acto de renuncia estuvo acompa\u00f1ada por los ahora ex priistas Adri\u00e1n Ruvalcava y Alejandro Murat, dirigentes de la llamada \u201cAlianza Progresista\u201d que se sum\u00f3 este martes a nivel nacional a la campa\u00f1a presidencial de la morenista Claudia Sheinbaum.<\/p>\n\n\n\n<p>Se comenta en los corrillos que los morenos quieren lanzar a Anil\u00fa a competir por la diputaci\u00f3n federal en Boca del R\u00edo pero lo malo para la causa morenista es que se van a trabar con mamijose Gamboa que lleva tres campa\u00f1as ganadas al hilo, dos locales y una federal, y se meten a un territorio con una sinergia muy fuerte entre el gobierno municipal y la ciudadan\u00eda o lo que es lo mismo, entre Juan Manuel Unanue y los boque\u00f1os\u2026dir\u00e1n que todas las elecciones son diferentes pero Unanue hace tres a\u00f1os gan\u00f3 la elecci\u00f3n municipal dos a uno\u2026de ese tama\u00f1o es el referente para meterse a Boca del R\u00edo.<\/p>\n\n\n\n<p>SE VA EL DE CHONTLA\u2026El presidente municipal de Chontla, N\u00e9stor Enrique Sosa Pe\u00f1a, anunci\u00f3 su renuncia irrevocable del PRI luego de 17 a\u00f1os de militancia\u2026en carta dirigida a Adolfo Ram\u00edrez Arana, dirigente del Comit\u00e9 Ejecutivo Estatal del tricolor, el alcalde deja ver las inconformidades que lo orillaron a tomar esa decisi\u00f3n.<\/p>\n\n\n\n<p>En el texto, enviado el 20 de diciembre de este 2023, el edil menciona que desde que ten\u00eda 11 a\u00f1os simpatiz\u00f3 con ese partido, por lo que hizo carrera en el interior, y cit\u00f3 que cuando cumpli\u00f3 la mayor\u00eda de edad, de inmediato se afili\u00f3 como militante, lo que le ayud\u00f3 a estudiar en la tercera generaci\u00f3n de la Escuela de Cuadros Pol\u00edticos.<\/p>\n\n\n\n<p>Muy joven represent\u00f3 al partido en diferente reuniones y organizaciones, por toda la rep\u00fablica mexicana, hasta que lleg\u00f3 a ser alcalde de su natal Chontla, municipio que en la actualidad gobierna.<\/p>\n\n\n\n<p>\u00abMe voy del PRI porque para seguir construyendo un mejor Chontla, un mejor Veracruz y un gran pa\u00eds, se necesita oferta pol\u00edtica, sin simulaci\u00f3n y sin decisiones copulares de las que hemos sido v\u00edctimas los propios servidores p\u00fablicos emanados del partido \u00ab, subray\u00f3.<\/p>\n\n\n\n<p>SE QUIEREN HACER A UN LADO\u2026el Verde Ecologista amaga con romper su alianza con Morena en el estado de Veracruz ante un aparente incumplimiento del partido oficial en los compromisos para la postulaci\u00f3n de candidaturas, espec\u00edficamente a las diputaciones locales.<\/p>\n\n\n\n<p>Fuentes del partido confirmaron la inconformidad con el acaparamiento de las postulaciones que pretende Morena en Veracruz, dejando pr\u00e1cticamente sin nada a sus \u201caliados\u201d del PVEM y el PT. Ayer martes, el duartista Alberto \u201cel cisne\u201d Silva, se reuni\u00f3 con el dirigente estatal de Fuerza por M\u00e9xico, Eduardo Vega Yunes. Este \u00faltimo difundi\u00f3 el encuentro en sus redes.<\/p>\n\n\n\n<p>SE ROMPE LA BANCADA\u2026El anuncio del grupo de priistas que conformar\u00e1n el grupo Alianza Progresista, que manifest\u00f3 su apoyo a la precandidata de Morena a la presidencia de M\u00e9xico, Claudia Sheinbaum tambi\u00e9n impactar\u00e1 al Congreso de Veracruz, pues con la salida de la diputada Anil\u00fa Ingram, desaparece la bancada del PRI, lo que hist\u00f3ricamente hablando representa un duro golpe al tricolor.<\/p>\n\n\n\n<p>Y es que en esta Legislatura ya s\u00f3lo quedaban tres diputados de la fracci\u00f3n que lleg\u00f3 a ser la m\u00e1s poderosa durante varias d\u00e9cadas, porque todav\u00eda en el periodo de Javier Duarte como gobernador, era el PRI el que llevaba la batuta, pero fue precisamente a partir de ese periodo que vino la debacle.<\/p>\n\n\n\n<p>En el Congreso ya s\u00f3lo son diputados del PRI Arianna \u00c1ngeles Aguirre y Marlon Ram\u00edrez Mar\u00edn y con dos diputados ya no puede haber bancada\u2026aunque suena fuerte el rumor que traen un as bajo la manga y les van a \u201cprestar\u201d un legislador para que se mantenga la bancada con Marlon Ram\u00edrez al frente.<\/p>\n","protected":false},"excerpt":{"rendered":"<p>Oved ContrerasSecas Mecas Ayer por la tarde se consum\u00f3 la salida del PRI de los ex dirigentes estatales Jorge Carvallo y Renato Alarc\u00f3n, as\u00ed como de la diputada local Anil\u00fa Ingram, quienes se integraron formalmente al grupo de priistas que se sumaron a Morena y a la campa\u00f1a de Claudia Sheinbaum\u2026el llamado \u201cGrupo Veracruz\u201d que [&hellip;]<\/p>\n","protected":false},"author":2,"featured_media":0,"comment_status":"closed","ping_status":"closed","sticky":false,"template":"","format":"standard","meta":{"_jetpack_newsletter_access":"","_jetpack_dont_email_post_to_subs":false,"_jetpack_newsletter_tier_id":0,"_jetpack_memberships_contains_paywalled_content":false,"_jetpack_memberships_contains_paid_content":false,"footnotes":""},"categories":[70],"tags":[15048,9627,39921,1111,39715,251,3060],"class_list":["post-115947","post","type-post","status-publish","format-standard","hentry","category-de-opinion","tag-alejandro-moreno-cardenas","tag-claudia-sheinbaum","tag-fofo-ramirez","tag-jorge-carvallo","tag-oved-contreras","tag-pri","tag-renato-alarcon"],"jetpack_featured_media_url":"","jetpack_sharing_enabled":true,"jetpack_shortlink":"https:\/\/wp.me\/p4Qcd3-ua7","_links":{"self":[{"href":"https:\/\/lospoliticosveracruz.com.mx\/index.php?rest_route=\/wp\/v2\/posts\/115947","targetHints":{"allow":["GET"]}}],"collection":[{"href":"https:\/\/lospoliticosveracruz.com.mx\/index.php?rest_route=\/wp\/v2\/posts"}],"about":[{"href":"https:\/\/lospoliticosveracruz.com.mx\/index.php?rest_route=\/wp\/v2\/types\/post"}],"author":[{"embeddable":true,"href":"https:\/\/lospoliticosveracruz.com.mx\/index.php?rest_route=\/wp\/v2\/users\/2"}],"replies":[{"embeddable":true,"href":"https:\/\/lospoliticosveracruz.com.mx\/index.php?rest_route=%2Fwp%2Fv2%2Fcomments&post=115947"}],"version-history":[{"count":1,"href":"https:\/\/lospoliticosveracruz.com.mx\/index.php?rest_route=\/wp\/v2\/posts\/115947\/revisions"}],"predecessor-version":[{"id":115949,"href":"https:\/\/lospoliticosveracruz.com.mx\/index.php?rest_route=\/wp\/v2\/posts\/115947\/revisions\/115949"}],"wp:attachment":[{"href":"https:\/\/lospoliticosveracruz.com.mx\/index.php?rest_route=%2Fwp%2Fv2%2Fmedia&parent=115947"}],"wp:term":[{"taxonomy":"category","embeddable":true,"href":"https:\/\/lospoliticosveracruz.com.mx\/index.php?rest_route=%2Fwp%2Fv2%2Fcategories&post=115947"},{"taxonomy":"post_tag","embeddable":true,"href":"https:\/\/lospoliticosveracruz.com.mx\/index.php?rest_route=%2Fwp%2Fv2%2Ftags&post=115947"}],"curies":[{"name":"wp","href":"https:\/\/api.w.org\/{rel}","templated":true}]}}