{"id":115976,"date":"2023-12-21T19:24:45","date_gmt":"2023-12-22T01:24:45","guid":{"rendered":"https:\/\/lospoliticosveracruz.com.mx\/?p=115976"},"modified":"2023-12-21T19:24:57","modified_gmt":"2023-12-22T01:24:57","slug":"desaparecen-las-contralorias","status":"publish","type":"post","link":"https:\/\/lospoliticosveracruz.com.mx\/?p=115976","title":{"rendered":"DESAPARECEN LAS CONTRALOR\u00cdAS"},"content":{"rendered":"\n<p><\/p>\n\n\n\n<p><strong>Jos\u00e9 Luis Enr\u00edquez Ambell<br><\/strong><em>Caf\u00e9 de Ma\u00f1ana<\/em><\/p>\n\n\n\n<p>El acuerdo publicado en el Diario Oficial de la Federaci\u00f3n (DOF) este d\u00eda 21 de Diciembre&nbsp;por el que se extinguen \u00f3rganos internos de control espec\u00edficos, se crean oficinas de representaci\u00f3n, y&nbsp;se asigna la dependencia, entidad paraestatal y \u00f3rgano administrativo desconcentrado que integran el ramo en que&nbsp;ejercer\u00e1n sus funciones los \u00f3rganos&nbsp;internos de control especializados y las unidades administrativas que los&nbsp;auxilian, est\u00e1 cerca de una mezcla entre la confirmaci\u00f3n de \u00abineptitud y cinismo\u00bb.<\/p>\n\n\n<div class=\"wp-block-image\">\n<figure class=\"alignleft size-medium\"><a href=\"https:\/\/lospoliticosveracruz.com.mx\/wp-content\/uploads\/2021\/10\/WhatsApp-Image-2021-10-02-at-15.20.25.jpeg\"><img loading=\"lazy\" decoding=\"async\" width=\"212\" height=\"300\" src=\"https:\/\/lospoliticosveracruz.com.mx\/wp-content\/uploads\/2021\/10\/WhatsApp-Image-2021-10-02-at-15.20.25-212x300.jpeg\" alt=\"\" class=\"wp-image-80177\" srcset=\"https:\/\/lospoliticosveracruz.com.mx\/wp-content\/uploads\/2021\/10\/WhatsApp-Image-2021-10-02-at-15.20.25-212x300.jpeg 212w, https:\/\/lospoliticosveracruz.com.mx\/wp-content\/uploads\/2021\/10\/WhatsApp-Image-2021-10-02-at-15.20.25-724x1024.jpeg 724w, https:\/\/lospoliticosveracruz.com.mx\/wp-content\/uploads\/2021\/10\/WhatsApp-Image-2021-10-02-at-15.20.25-768x1086.jpeg 768w, https:\/\/lospoliticosveracruz.com.mx\/wp-content\/uploads\/2021\/10\/WhatsApp-Image-2021-10-02-at-15.20.25.jpeg 905w\" sizes=\"auto, (max-width: 212px) 100vw, 212px\" \/><\/a><\/figure><\/div>\n\n\n<p>\u00abIneptitud\u00bb porque no han podido concretar su acuerdo de septiembre pasado e incluso los titulares de las \u00e1reas que se quedan de lo que eran los \u00d3rganos Internos de Control (OIC), ya llevan 3 quincenas sin cobrar. Y \u00abCinismo\u201d, por lo evidente, de que no quieren control ni rendici\u00f3n de cuentas.<\/p>\n\n\n\n<p>Y es que la Secretar\u00eda de la Funci\u00f3n P\u00fablica del Gobierno de la Rep\u00fablica ya no est\u00e1 haciendo auditorias financieras ni forenses, s\u00f3lo hacen auditorias de desempe\u00f1o.<\/p>\n\n\n\n<p>La auditor\u00eda financiera lleva a revisar los estados financieros y sus cumplimientos desde lo que mandan las leyes y los procedimientos.<\/p>\n\n\n\n<p>La Auditor\u00eda Forense lleva a la integraci\u00f3n de los conocimientos criminal\u00edsticos, contables, jur\u00eddicos, procesales y financieros en contra de posibles fraudes.<\/p>\n\n\n\n<p>Mientras que la Auditor\u00eda de Desempe\u00f1o est\u00e1 focalizada en revisar la eficacia y eficiencia, as\u00ed como, econom\u00eda y calidad en la entrega de los bienes o servicios p\u00fablicos hasta su destino final.<\/p>\n\n\n\n<p>Incluso la INTOSAI (Organizaci\u00f3n Internacional de las Entidades Fiscalizadoras Superiores, por sus siglas en ingl\u00e9s), recomienda al menos tres tipos de auditor\u00edas: cumplimiento, financiera y desempe\u00f1o, pero ahora parece que todo eso ir\u00e1 al ba\u00fal de los recuerdos o quiz\u00e1 habr\u00e1 de quedar en \u00abborr\u00f3n y cuenta nueva\u201d.<\/p>\n\n\n\n<p><strong>DE SOBREMESA<\/strong><\/p>\n\n\n\n<p>En una ligera revisi\u00f3n al acuerdo publicado, se extinguen 78 OIC espec\u00edficos que son prescindibles. Y en su lugar se crea una oficina de representaci\u00f3n con los recursos que tenga, que en muchos casos deben ser pocos y se les asigna la oficina de representaci\u00f3n resultante.<\/p>\n\n\n\n<p><strong>UN CAF\u00c9 CON DOBLE CARGA<\/strong><\/p>\n\n\n\n<p>Se crean \u00f3rganos internos de control en 16 ramos administrativos que corresponden a las Secretar\u00edas de Estado existentes. Y habr\u00e1 cinco \u00d3rganos de Control Especializados. Los titulares de los OIC Especializados, tendr\u00e1n competencia \u00fanicamente en la materia de su especialidad en los 16 ramos administrativos. Y parece que ser\u00e1n competentes s\u00f3lo en la materia de su especialidad y \u00fanicamente en el ramo para el que son nombrados. En resumen se est\u00e1n reduciendo las estructuras administrativas de los OIC pero tambi\u00e9n modificando estructuras y funciones, y es aqu\u00ed donde parece un choque entre la transparencia y rendici\u00f3n de cuentas, y que llevan a pensar en los fantasmas de la ineptitud y el cinismo.<\/p>\n\n\n\n<p><strong>UN CAF\u00c9 LECHERO LIGHT DIVORCIADO<\/strong><\/p>\n\n\n\n<p>\u00bf Y despu\u00e9s de esta decisi\u00f3n, que pasar\u00e1 con la Contralor\u00eda General del Estado y los \u00d3rganos Internos de Control en Dependencias y Entidades de la Administraci\u00f3n P\u00fablica Local, e incluso en los poderes y organismos aut\u00f3nomos en Veracruz ?<\/p>\n\n\n\n<p>\u00a1 ES CUANTO !<\/p>\n\n\n\n<p>Jos\u00e9 Luis Enr\u00edquez Ambell<br>enamjl62@gmail.com; enriquezambell@gmail.com<br>Secretario General de la Federaci\u00f3n Aut\u00e9ntica de Trabajadores del Estado de Veracruz (FATEV &#8211; JLEG) Registro Federal del Trabajo # 5844 y Director General de la Consultor\u00eda y Asesor\u00eda Integral AECAI Torre Animas en Xalapa, Ver.<\/p>\n","protected":false},"excerpt":{"rendered":"<p>Jos\u00e9 Luis Enr\u00edquez AmbellCaf\u00e9 de Ma\u00f1ana El acuerdo publicado en el Diario Oficial de la Federaci\u00f3n (DOF) este d\u00eda 21 de Diciembre&nbsp;por el que se extinguen \u00f3rganos internos de control espec\u00edficos, se crean oficinas de representaci\u00f3n, y&nbsp;se asigna la dependencia, entidad paraestatal y \u00f3rgano administrativo desconcentrado que integran el ramo en que&nbsp;ejercer\u00e1n sus funciones los [&hellip;]<\/p>\n","protected":false},"author":2,"featured_media":0,"comment_status":"closed","ping_status":"closed","sticky":false,"template":"","format":"standard","meta":{"_jetpack_newsletter_access":"","_jetpack_dont_email_post_to_subs":false,"_jetpack_newsletter_tier_id":0,"_jetpack_memberships_contains_paywalled_content":false,"_jetpack_memberships_contains_paid_content":false,"footnotes":""},"categories":[70],"tags":[1916,12911,39922,8383],"class_list":["post-115976","post","type-post","status-publish","format-standard","hentry","category-de-opinion","tag-contraloria-general-del-estado","tag-diario-oficial-de-la-federacion","tag-intosai","tag-jose-luis-enriquez-ambell"],"jetpack_featured_media_url":"","jetpack_sharing_enabled":true,"jetpack_shortlink":"https:\/\/wp.me\/p4Qcd3-uaA","_links":{"self":[{"href":"https:\/\/lospoliticosveracruz.com.mx\/index.php?rest_route=\/wp\/v2\/posts\/115976","targetHints":{"allow":["GET"]}}],"collection":[{"href":"https:\/\/lospoliticosveracruz.com.mx\/index.php?rest_route=\/wp\/v2\/posts"}],"about":[{"href":"https:\/\/lospoliticosveracruz.com.mx\/index.php?rest_route=\/wp\/v2\/types\/post"}],"author":[{"embeddable":true,"href":"https:\/\/lospoliticosveracruz.com.mx\/index.php?rest_route=\/wp\/v2\/users\/2"}],"replies":[{"embeddable":true,"href":"https:\/\/lospoliticosveracruz.com.mx\/index.php?rest_route=%2Fwp%2Fv2%2Fcomments&post=115976"}],"version-history":[{"count":1,"href":"https:\/\/lospoliticosveracruz.com.mx\/index.php?rest_route=\/wp\/v2\/posts\/115976\/revisions"}],"predecessor-version":[{"id":115977,"href":"https:\/\/lospoliticosveracruz.com.mx\/index.php?rest_route=\/wp\/v2\/posts\/115976\/revisions\/115977"}],"wp:attachment":[{"href":"https:\/\/lospoliticosveracruz.com.mx\/index.php?rest_route=%2Fwp%2Fv2%2Fmedia&parent=115976"}],"wp:term":[{"taxonomy":"category","embeddable":true,"href":"https:\/\/lospoliticosveracruz.com.mx\/index.php?rest_route=%2Fwp%2Fv2%2Fcategories&post=115976"},{"taxonomy":"post_tag","embeddable":true,"href":"https:\/\/lospoliticosveracruz.com.mx\/index.php?rest_route=%2Fwp%2Fv2%2Ftags&post=115976"}],"curies":[{"name":"wp","href":"https:\/\/api.w.org\/{rel}","templated":true}]}}