{"id":116066,"date":"2023-12-26T08:53:39","date_gmt":"2023-12-26T14:53:39","guid":{"rendered":"https:\/\/lospoliticosveracruz.com.mx\/?p=116066"},"modified":"2023-12-26T08:53:49","modified_gmt":"2023-12-26T14:53:49","slug":"perros-que-ladran","status":"publish","type":"post","link":"https:\/\/lospoliticosveracruz.com.mx\/?p=116066","title":{"rendered":"PERROS QUE LADRAN"},"content":{"rendered":"\n<p>Sergio Gonz\u00e1lez Levet<\/p>\n\n\n\n<p>Sin tacto<\/p>\n\n\n\n<p>No, no voy a referirme hoy a ciertos politiqueros de la 4T que no saben argumentar y discutir con madurez, y solamente insultan, calumnian y gritan -en una met\u00e1fora, que ladran-.<\/p>\n\n\n\n<p>&nbsp;&nbsp; &nbsp;&nbsp;Voy a hablar ciertamente de los perros que ladran. Los animales de compa\u00f1\u00eda que por el descuido de la mayor\u00eda de sus amos se la pasan lanzando sus aullidos y sus chillidos en contra de los o\u00eddos y la paz de los vecinos y transe\u00fantes que deben padecer, sin deberla ni temerla, los insoportables sonidos que surgen de las fauces de los bonitos canes.<\/p>\n\n\n\n<p>\u00a0\u00a0 \u00a0\u00a0\u00bfSabe usted por qu\u00e9 ladran tan estent\u00f3reamente casi todos los perros que viven en domicilios particulares? Yo me hice esa misma pregunta, y la respuesta la hall\u00e9 en una p\u00e1gina cuyo link pongo para quien quiera ahondar en el tema: <strong><em><a href=\"https:\/\/www.hillspet.com.mx\/dog-care\/training\/how-to-stop-a-dog-from-barking\">https:\/\/www.hillspet.com.mx\/dog-care\/training\/how-to-stop-a-dog-from-barking<\/a><\/em><\/strong><\/p>\n\n\n\n<p>&nbsp;&nbsp; &nbsp;&nbsp;Pero para quienes est\u00e1n cultivando la fiaca en este periodo vacacional, les adelanto una especie de resumen.<\/p>\n\n\n\n<p>&nbsp;&nbsp; &nbsp;&nbsp;Oiga esto, se\u00f1or amo de un can:<\/p>\n\n\n\n<p>&nbsp;&nbsp; &nbsp;&nbsp;\u201cControlar los ladridos de su perro es una parte importante de su responsabilidad como due\u00f1o. Al fin y al cabo, los ladridos excesivos pueden resultar molestos no s\u00f3lo para usted sino tambi\u00e9n para sus vecinos.\u201d<\/p>\n\n\n\n<p>&nbsp;&nbsp; &nbsp;&nbsp;Los perros ladran siempre por alg\u00fan motivo. Lo hacen, por ejemplo, porque quieren llamar su atenci\u00f3n. Tal vez lo hacen por hambre, por sed o porque est\u00e1n aburridos.<\/p>\n\n\n\n<p>&nbsp;&nbsp; &nbsp;&nbsp;Tambi\u00e9n esos animalitos de dios ladran cuando ven a otros semejantes suyos para invitarlos a jugar<\/p>\n\n\n\n<p>&nbsp;&nbsp; &nbsp;&nbsp;Ah, y sobre todo un perro ladra cuando se queda solo. Los c\u00e1nidos son animales que procuran la compa\u00f1\u00eda del hombre, as\u00ed que si usted es de esas personas desconsideradas que dejan a su mascota sola en casa todo el d\u00eda, y con ello hace que sus pr\u00f3jimos se vuelva locos con sus gru\u00f1idos, cuando menos p\u00f3ngale una radio para que escuche voces humanas. O d\u00e9jele una prenda de vestir sin lavar, que tenga el fuerte olor de alg\u00fan miembro de su familia.<\/p>\n\n\n\n<p>&nbsp;&nbsp; &nbsp;&nbsp;Y escuche esto, propietario de un perro al que no atiende para nada:<\/p>\n\n\n\n<p>&nbsp;&nbsp; &nbsp;&nbsp;\u201cEn cuanto usted vuelva, juegue un poco con su perro y haga ejercicio con \u00e9l. El perro le habr\u00e1 echado de menos y no hay mejor manera de restablecer el v\u00ednculo.\u201d<\/p>\n\n\n\n<p>&nbsp;&nbsp; &nbsp;&nbsp;Y esto tambi\u00e9n:<\/p>\n\n\n\n<p>&nbsp;&nbsp; &nbsp;&nbsp;\u201cAlgunos perros han sido educados para dar la alarma y es posible que usted quiera alentar esta conducta. Deje que su perro ladre para llamar su atenci\u00f3n, pero h\u00e1galo callar en cuanto se haya asegurado de que no hay ning\u00fan intruso.<\/p>\n\n\n\n<p>&nbsp;&nbsp; &nbsp;&nbsp;Los perros responden satisfactoriamente a la rutina, as\u00ed que sea constante en su ense\u00f1anza y en su adiestramiento para que no ladre de m\u00e1s.<\/p>\n\n\n\n<p>&nbsp;&nbsp; &nbsp;&nbsp;Y como receta, dejo este consejo:<\/p>\n\n\n\n<p>&nbsp;&nbsp; &nbsp;&nbsp;\u201cRecuerde que en la mayor\u00eda de los casos ladrar es una conducta normal de un perro. S\u00f3lo necesita tomar medidas cuando esto se convierte en algo irrazonable y perjudicial.\u201d<\/p>\n\n\n\n<p>&nbsp;&nbsp; &nbsp;&nbsp;[Dedicado en estas fiestas decembrinas a mis queridos y numerosos vecinos que tienen perros que no nos dejan dormir ni vivir. Que sean muy felices y que se nos cumplan a todos nuestros deseos de paz\u2026 y silencio.]<\/p>\n\n\n\n<p>sglevet@gmail.com<\/p>\n","protected":false},"excerpt":{"rendered":"<p>Sergio Gonz\u00e1lez Levet Sin tacto No, no voy a referirme hoy a ciertos politiqueros de la 4T que no saben argumentar y discutir con madurez, y solamente insultan, calumnian y gritan -en una met\u00e1fora, que ladran-. &nbsp;&nbsp; &nbsp;&nbsp;Voy a hablar ciertamente de los perros que ladran. Los animales de compa\u00f1\u00eda que por el descuido de [&hellip;]<\/p>\n","protected":false},"author":2,"featured_media":0,"comment_status":"closed","ping_status":"closed","sticky":false,"template":"","format":"standard","meta":{"_jetpack_newsletter_access":"","_jetpack_dont_email_post_to_subs":false,"_jetpack_newsletter_tier_id":0,"_jetpack_memberships_contains_paywalled_content":false,"_jetpack_memberships_contains_paid_content":false,"footnotes":""},"categories":[70],"tags":[],"class_list":["post-116066","post","type-post","status-publish","format-standard","hentry","category-de-opinion"],"jetpack_featured_media_url":"","jetpack_sharing_enabled":true,"jetpack_shortlink":"https:\/\/wp.me\/p4Qcd3-uc2","_links":{"self":[{"href":"https:\/\/lospoliticosveracruz.com.mx\/index.php?rest_route=\/wp\/v2\/posts\/116066","targetHints":{"allow":["GET"]}}],"collection":[{"href":"https:\/\/lospoliticosveracruz.com.mx\/index.php?rest_route=\/wp\/v2\/posts"}],"about":[{"href":"https:\/\/lospoliticosveracruz.com.mx\/index.php?rest_route=\/wp\/v2\/types\/post"}],"author":[{"embeddable":true,"href":"https:\/\/lospoliticosveracruz.com.mx\/index.php?rest_route=\/wp\/v2\/users\/2"}],"replies":[{"embeddable":true,"href":"https:\/\/lospoliticosveracruz.com.mx\/index.php?rest_route=%2Fwp%2Fv2%2Fcomments&post=116066"}],"version-history":[{"count":1,"href":"https:\/\/lospoliticosveracruz.com.mx\/index.php?rest_route=\/wp\/v2\/posts\/116066\/revisions"}],"predecessor-version":[{"id":116067,"href":"https:\/\/lospoliticosveracruz.com.mx\/index.php?rest_route=\/wp\/v2\/posts\/116066\/revisions\/116067"}],"wp:attachment":[{"href":"https:\/\/lospoliticosveracruz.com.mx\/index.php?rest_route=%2Fwp%2Fv2%2Fmedia&parent=116066"}],"wp:term":[{"taxonomy":"category","embeddable":true,"href":"https:\/\/lospoliticosveracruz.com.mx\/index.php?rest_route=%2Fwp%2Fv2%2Fcategories&post=116066"},{"taxonomy":"post_tag","embeddable":true,"href":"https:\/\/lospoliticosveracruz.com.mx\/index.php?rest_route=%2Fwp%2Fv2%2Ftags&post=116066"}],"curies":[{"name":"wp","href":"https:\/\/api.w.org\/{rel}","templated":true}]}}