{"id":116068,"date":"2023-12-26T08:59:19","date_gmt":"2023-12-26T14:59:19","guid":{"rendered":"https:\/\/lospoliticosveracruz.com.mx\/?p=116068"},"modified":"2023-12-26T08:59:25","modified_gmt":"2023-12-26T14:59:25","slug":"el-nuevo-coordinador-de-nahle","status":"publish","type":"post","link":"https:\/\/lospoliticosveracruz.com.mx\/?p=116068","title":{"rendered":"EL NUEVO COORDINADOR DE\u00a0\u00a0NAHLE"},"content":{"rendered":"\n<p><strong>Ricardo Chua<\/strong><\/p>\n\n\n\n<p><em>Sale y Vale<\/em><\/p>\n\n\n\n<p>Todo parece indicar que el coordinador de campa\u00f1a de Rocio Nahle al gobierno de Veracruz por el partido MORENA, ser\u00e1 el alcalde de Mart\u00ednez de la Torre, Rodrigo Calder\u00f3n Salas.. Entre hoy o ma\u00f1ana se da a conocer esta designaci\u00f3n.. No ser\u00e1 Ricardo Ahued.. El problema para Calder\u00f3n es que tampoco conoce el Estado, ni a los grupos de MORENA, ni de lo electoral, ni de nada de la operaci\u00f3n de una campa\u00f1a estatal a gobernador\u2026 DIOS LOS BENDIGA.. AMEN<\/p>\n\n\n\n<figure class=\"wp-block-image size-large\"><a href=\"https:\/\/lospoliticosveracruz.com.mx\/wp-content\/uploads\/2016\/07\/Seguro-Julio-Cerecedo-2.jpg\"><img decoding=\"async\" src=\"https:\/\/lospoliticosveracruz.com.mx\/wp-content\/uploads\/2016\/07\/Seguro-Julio-Cerecedo-2-1024x381.jpg\" alt=\"\" class=\"wp-image-105879\"\/><\/a><\/figure>\n\n\n\n<p>SE CAY\u00d3 AHUED DE COORDINADOR.. Hace unos d\u00edas, en este espacio, se mencion\u00f3 que las versiones al interior de MORENA en Veracruz, era que despu\u00e9s del DESLINDE que hizo el alcalde de Xalapa, Ricardo Ahued, del gobierno de Cuitl\u00e1huac Garc\u00eda, ocupando como argumento de que las obras que se realizan en la capital, que tanto conflicto vial ha generado entre los xalape\u00f1os.. Era un \u00abgolpe\u00bb directo para se\u00f1alar que \u00e9l se ir\u00eda con Roc\u00edo Nahle como su coordinador de campa\u00f1a.. Al parecer.. SE LE CAY\u00d3 la aspiraci\u00f3n..<\/p>\n\n\n\n<p>Todo se debe PRESUNTAMENTE que ya cuando Ricardo Ahued preparaba las \u00abMALETAS\u00bb para irse a la campa\u00f1a de Roc\u00edo Nahle.. Se le vino una serie de se\u00f1alamientos en contra, sobre sus acciones como una persona que no quiere al partido.. Que siempre se maneja solo y sus conveniencias.. Y que si en su momento, desconoci\u00f3 a los anteriores gobernadores que lo ayudaron, que podr\u00eda esperar en un futuro Roc\u00edo Nahle.. Y al parecer, esta \u00abgrilla\u00bb surti\u00f3 efecto.. No se ve cuando Ahued pida licencia..&nbsp;&nbsp;<\/p>\n\n\n\n<p>Confiesa \u00abGarganta Profunda\u00bb,&nbsp;&nbsp;que podr\u00eda ser Cuitl\u00e1huac Garc\u00eda, el que le pidi\u00f3 a Nahle, \u00e9l no llevarse a Ahued, despu\u00e9s de la afrenta.. Ya que finalmente la estructura de gobierno todav\u00eda est\u00e1 en su poder.. Y no la iba a poner en manos de Ahued.. Despu\u00e9s de lo que este alcalde dio a entender de su gobierno estatal.. Eso que en vez de sumar, le resta al partido y Roc\u00edo Nahle.. Es algo que le doli\u00f3 en el \u00abalma\u00bb al gobernador y ante tal situaci\u00f3n.. Parece que decidieron detener la inclusi\u00f3n del alcalde xalape\u00f1o..<\/p>\n\n\n\n<p>As\u00ed que el da\u00f1o que se pensaba que le hac\u00edan al gobierno de Cuitl\u00e1huac y no a Roc\u00edo Nahle, al deslindarse de su administraci\u00f3n.. Al parecer, hizo que el gobernador reaccionara en contra de esos mismos.. Y quiso poner un alto.. Ya que si el deslinde del alcalde de Xalapa lo dejaba caminar.. Dentro de poco, otros alcaldes podr\u00edan seguir su ejemplo y eso podr\u00eda provocar m\u00e1s enconos en su contra.. Mejor \u00abcortar de tajo\u00bb.. As\u00ed a nadie se le \u00abantoja\u00bb hacer lo mismo.. ABROOOOONNNN..<\/p>\n\n\n\n<p>LA OTRA C\u00d3NCLAVE DE CAZAR\u00cdN.. Despu\u00e9s de las muchas reuniones que se han realizado en esta conurbaci\u00f3n de Veracruz y Boca del R\u00edo.. Por los diferentes grupos operadores de la campa\u00f1a de Claudia Sheinbaum y Roc\u00edo Nahle en el Estado.. Se ha logrado calmar los \u00e1nimos sobre los problema que estaban sucediendo al interior de esas precampa\u00f1as.. Donde algunos altos funcionarios estatales.. Ya se sent\u00edan miembros del gabinete de Nahle, cuando no han ganado esta elecci\u00f3n..<\/p>\n\n\n\n<p>Se dice que despu\u00e9s de que Roc\u00edo Nahle \u00abapret\u00f3\u00bb a los aspirantes a diputados locales y federales que la quer\u00edan presionar para \u00abfavorecerlos\u00bb con estas candidaturas.. Lo mismo hicieron estos operadores y se dice que hubo OTRO \u00abMANOTAZO EN LA MESA\u00bb.. Y la encomienda fue muy sencilla y no se aceptaban reproches.. De que si quer\u00edan ser miembros del futuro gabinete estatal primero ten\u00edan que presentar trabajo electoral en \u00abtierra\u00bb y saber c\u00f3mo cu\u00e1ntos votos le metieron a su campa\u00f1a el d\u00eda de la elecci\u00f3n..<\/p>\n\n\n\n<p>Las reuniones fueron tambi\u00e9n para informar que en la campa\u00f1a por la gubernatura.. S\u00f3lo se le ganar\u00eda al Frente Amplio Opositor en Veracruz con trabajo y unidad&#8230; Y que si segu\u00edan con el descontrol, este s\u00f3lo llevar\u00eda caos y derrota.. Y que eso no lo iban a permitir, ni los operadores de campa\u00f1a.. Mucho menos el equipo cercano a Roc\u00edo Nahle y de Claudia Sheinbaum, que operan en Veracruz.. No quieren que todo se les salga de control..<\/p>\n\n\n\n<p>Al final, lo que no desean es que por esta \u00abhambre de poder\u00bb de altos funcionarios estatales o de MORENA, puedan poner en riesgo las relaciones que ha logrado implementar Roc\u00edo Nahle con la clase pol\u00edtica, sociedad, empresarios y con aquellos personajes de la oposici\u00f3n, que \u00abcoquetean\u00bb con su candidatura.. As\u00ed que no tendr\u00edan de otra que \u00abcerrar\u00bb con Roc\u00edo Nahle.. Y que nadie se debe sentir m\u00e1s que nadie porque la \u00fanica jefa de campa\u00f1a era Roc\u00edo Nahle.. Y les qued\u00f3 claro a todos.. CONSUMATUM EST..<\/p>\n","protected":false},"excerpt":{"rendered":"<p>Ricardo Chua Sale y Vale Todo parece indicar que el coordinador de campa\u00f1a de Rocio Nahle al gobierno de Veracruz por el partido MORENA, ser\u00e1 el alcalde de Mart\u00ednez de la Torre, Rodrigo Calder\u00f3n Salas.. Entre hoy o ma\u00f1ana se da a conocer esta designaci\u00f3n.. No ser\u00e1 Ricardo Ahued.. El problema para Calder\u00f3n es que [&hellip;]<\/p>\n","protected":false},"author":2,"featured_media":0,"comment_status":"closed","ping_status":"closed","sticky":false,"template":"","format":"standard","meta":{"_jetpack_newsletter_access":"","_jetpack_dont_email_post_to_subs":false,"_jetpack_newsletter_tier_id":0,"_jetpack_memberships_contains_paywalled_content":false,"_jetpack_memberships_contains_paid_content":false,"footnotes":""},"categories":[70],"tags":[1563,963,1026,876,17438],"class_list":["post-116068","post","type-post","status-publish","format-standard","hentry","category-de-opinion","tag-cuitlahuac-garcia-jimenez","tag-martinez-de-la-torre","tag-morena","tag-ricardo-ahued","tag-rodrigo-calderon-salas"],"jetpack_featured_media_url":"","jetpack_sharing_enabled":true,"jetpack_shortlink":"https:\/\/wp.me\/p4Qcd3-uc4","_links":{"self":[{"href":"https:\/\/lospoliticosveracruz.com.mx\/index.php?rest_route=\/wp\/v2\/posts\/116068","targetHints":{"allow":["GET"]}}],"collection":[{"href":"https:\/\/lospoliticosveracruz.com.mx\/index.php?rest_route=\/wp\/v2\/posts"}],"about":[{"href":"https:\/\/lospoliticosveracruz.com.mx\/index.php?rest_route=\/wp\/v2\/types\/post"}],"author":[{"embeddable":true,"href":"https:\/\/lospoliticosveracruz.com.mx\/index.php?rest_route=\/wp\/v2\/users\/2"}],"replies":[{"embeddable":true,"href":"https:\/\/lospoliticosveracruz.com.mx\/index.php?rest_route=%2Fwp%2Fv2%2Fcomments&post=116068"}],"version-history":[{"count":1,"href":"https:\/\/lospoliticosveracruz.com.mx\/index.php?rest_route=\/wp\/v2\/posts\/116068\/revisions"}],"predecessor-version":[{"id":116070,"href":"https:\/\/lospoliticosveracruz.com.mx\/index.php?rest_route=\/wp\/v2\/posts\/116068\/revisions\/116070"}],"wp:attachment":[{"href":"https:\/\/lospoliticosveracruz.com.mx\/index.php?rest_route=%2Fwp%2Fv2%2Fmedia&parent=116068"}],"wp:term":[{"taxonomy":"category","embeddable":true,"href":"https:\/\/lospoliticosveracruz.com.mx\/index.php?rest_route=%2Fwp%2Fv2%2Fcategories&post=116068"},{"taxonomy":"post_tag","embeddable":true,"href":"https:\/\/lospoliticosveracruz.com.mx\/index.php?rest_route=%2Fwp%2Fv2%2Ftags&post=116068"}],"curies":[{"name":"wp","href":"https:\/\/api.w.org\/{rel}","templated":true}]}}