{"id":116084,"date":"2023-12-26T17:11:24","date_gmt":"2023-12-26T23:11:24","guid":{"rendered":"https:\/\/lospoliticosveracruz.com.mx\/?p=116084"},"modified":"2023-12-26T17:11:36","modified_gmt":"2023-12-26T23:11:36","slug":"ahued-el-mejor-alcalde-del-pais","status":"publish","type":"post","link":"https:\/\/lospoliticosveracruz.com.mx\/?p=116084","title":{"rendered":"\u00bfAHUED, EL MEJOR ALCALDE DEL PA\u00cdS?"},"content":{"rendered":"\n<p><\/p>\n\n\n\n<p><br><strong>Luis Bustos<\/strong><br><em>EnEstaHora<\/em><\/p>\n\n\n\n<p>Es obvio que para nada el gobernador, Cuitl\u00e1huac Garc\u00eda Jim\u00e9nez, iba a incorporar en su valoraci\u00f3n a los alcaldes de Veracruz y Boca del R\u00edo, Paty Lobeira y Miguel Unanue, pues les late un coraz\u00f3n azul y tampoco a Juan Manuel Diez, de Orizaba, por ser una pura sangre roja, pero, que omita, por la cortes\u00eda de haber asistido como invitado de honor al Informe de Ricardo Ahued, a los alcaldes de su partido que est\u00e1n realizando una gran obra en sus municipios, no parece nada bien.<\/p>\n\n\n<div class=\"wp-block-image\">\n<figure class=\"alignleft size-medium\"><a href=\"https:\/\/lospoliticosveracruz.com.mx\/wp-content\/uploads\/2021\/10\/WhatsApp-Image-2021-10-02-at-15.20.25.jpeg\"><img loading=\"lazy\" decoding=\"async\" width=\"212\" height=\"300\" src=\"https:\/\/lospoliticosveracruz.com.mx\/wp-content\/uploads\/2021\/10\/WhatsApp-Image-2021-10-02-at-15.20.25-212x300.jpeg\" alt=\"\" class=\"wp-image-80177\" srcset=\"https:\/\/lospoliticosveracruz.com.mx\/wp-content\/uploads\/2021\/10\/WhatsApp-Image-2021-10-02-at-15.20.25-212x300.jpeg 212w, https:\/\/lospoliticosveracruz.com.mx\/wp-content\/uploads\/2021\/10\/WhatsApp-Image-2021-10-02-at-15.20.25-724x1024.jpeg 724w, https:\/\/lospoliticosveracruz.com.mx\/wp-content\/uploads\/2021\/10\/WhatsApp-Image-2021-10-02-at-15.20.25-768x1086.jpeg 768w, https:\/\/lospoliticosveracruz.com.mx\/wp-content\/uploads\/2021\/10\/WhatsApp-Image-2021-10-02-at-15.20.25.jpeg 905w\" sizes=\"auto, (max-width: 212px) 100vw, 212px\" \/><\/a><\/figure><\/div>\n\n\n<p><br>En este caso, olvidar a los alcaldes porte\u00f1os, Amado Cruz Malpica y Juan Manuel Pozos Castro, de Coatzacoalcos y Tuxpan, respectivamente, se me hace un acto de menosprecio a su trabajo por donde se le quiera ver.<br>Tanto Amado como Jos\u00e9 Manuel, se esfuerzan cada d\u00eda por atender a su ciudadan\u00eda y ejecutar obras que realmente sirvan a la poblaci\u00f3n y, lo mejor, es que, a pesar de las inconformidades naturales de parte de los grupos opositores, mantienen en calma a sus municipalidades; contrario a nuestra capital, en donde la ciudadan\u00eda ha llegado al l\u00edmite de \u201cmentar la madre\u201d al alcalde por las obras que han ocasionado un gran embotellamiento.<br>Como ejemplo, hay una leyenda que circula en redes sociales que reza m\u00e1s o menos as\u00ed: \u00bfSab\u00edas que de Xalapa a Xalapa se hace m\u00e1s de una hora?<br>Nadie puede negar que Ricardo, en su primera administraci\u00f3n como alcalde, se gan\u00f3 la confianza y el afecto de los xalape\u00f1os, lo que le permiti\u00f3 transitar, despu\u00e9s, de elecci\u00f3n en elecci\u00f3n, obteniendo triunfos inobjetables.<br>Sin embargo, en esta nueva etapa, el \u201cconsentido\u201d de la ciudadan\u00eda, ha tratado de hacer p\u00fablica (no s\u00e9 si privada) su tan llevada pol\u00edtica de austeridad y ha abusado de la buena fe de los de los xalape\u00f1os (recordar que Ricardo, no lo es, pues es hidalguense) y ha autorizado o permitido (que es lo mismo) se hagan varias obras al mismo tiempo, sin mediar medidas preventivas de movilidad y, sobre todo, su ejecuci\u00f3n en las horas pico.<br>No se trabaja de noche ni en los fines de semana, dizque para no aumentar costos, como si ese supuesto ahorro, no se contrapone con el avance de la ejecuci\u00f3n en tiempo y, consecuentemente, en el abatir esos costos. El presupuesto de la obra es el mismo, solo hay que ejecutarlo mirando por el bien de la poblaci\u00f3n.<br>Resulta que Ahued le echa la culpa a la SIOP de los retrasos de dos obras (bueno, dos columpios que est\u00e1 realizando) y de esa manera, quiere rehuir su responsabilidad como primera autoridad de Xalapa. Sencillamente, en uso de sus facultades, puede mandar a parar la obra, suspender los trabajos y llamar a cuentas a la empresa por el bien de la ciudadan\u00eda. La obra es en territorio xalape\u00f1o, es en Xalapa, por lo que, quiera o no, es su responsabilidad.<br>Por otra parte, volviendo a mis primeras l\u00edneas de este art\u00edculo, hoy conoc\u00ed una encuesta de Mitofsky que trae unos datos muy, pero muy distintos a los que se refer\u00eda el gobernador, pues aqu\u00ed en los primeros lugares ubican a otros alcaldes que nada tienen que ver con Xalapa y para que vean que no son inventos de quien escribe, he puesto las im\u00e1genes para dar soporte a este comentario. Ricardo es el n\u00famero 72 (en la zona amarilla), lo cual quiere decir que su popularidad est\u00e1 decayendo alarmantemente.<br>Por lo dem\u00e1s, creo que hay que dejar trabajar en tranquilidad a los alcaldes y no hacer que el sudor les moje los pies y los hagan perder el piso.<\/p>\n","protected":false},"excerpt":{"rendered":"<p>Luis BustosEnEstaHora Es obvio que para nada el gobernador, Cuitl\u00e1huac Garc\u00eda Jim\u00e9nez, iba a incorporar en su valoraci\u00f3n a los alcaldes de Veracruz y Boca del R\u00edo, Paty Lobeira y Miguel Unanue, pues les late un coraz\u00f3n azul y tampoco a Juan Manuel Diez, de Orizaba, por ser una pura sangre roja, pero, que omita, [&hellip;]<\/p>\n","protected":false},"author":2,"featured_media":0,"comment_status":"closed","ping_status":"closed","sticky":false,"template":"","format":"standard","meta":{"_jetpack_newsletter_access":"","_jetpack_dont_email_post_to_subs":false,"_jetpack_newsletter_tier_id":0,"_jetpack_memberships_contains_paywalled_content":false,"_jetpack_memberships_contains_paid_content":false,"footnotes":""},"categories":[70],"tags":[5618,1026,876,195],"class_list":["post-116084","post","type-post","status-publish","format-standard","hentry","category-de-opinion","tag-amado-cruz-malpica","tag-morena","tag-ricardo-ahued","tag-veracruz"],"jetpack_featured_media_url":"","jetpack_sharing_enabled":true,"jetpack_shortlink":"https:\/\/wp.me\/p4Qcd3-uck","_links":{"self":[{"href":"https:\/\/lospoliticosveracruz.com.mx\/index.php?rest_route=\/wp\/v2\/posts\/116084","targetHints":{"allow":["GET"]}}],"collection":[{"href":"https:\/\/lospoliticosveracruz.com.mx\/index.php?rest_route=\/wp\/v2\/posts"}],"about":[{"href":"https:\/\/lospoliticosveracruz.com.mx\/index.php?rest_route=\/wp\/v2\/types\/post"}],"author":[{"embeddable":true,"href":"https:\/\/lospoliticosveracruz.com.mx\/index.php?rest_route=\/wp\/v2\/users\/2"}],"replies":[{"embeddable":true,"href":"https:\/\/lospoliticosveracruz.com.mx\/index.php?rest_route=%2Fwp%2Fv2%2Fcomments&post=116084"}],"version-history":[{"count":1,"href":"https:\/\/lospoliticosveracruz.com.mx\/index.php?rest_route=\/wp\/v2\/posts\/116084\/revisions"}],"predecessor-version":[{"id":116086,"href":"https:\/\/lospoliticosveracruz.com.mx\/index.php?rest_route=\/wp\/v2\/posts\/116084\/revisions\/116086"}],"wp:attachment":[{"href":"https:\/\/lospoliticosveracruz.com.mx\/index.php?rest_route=%2Fwp%2Fv2%2Fmedia&parent=116084"}],"wp:term":[{"taxonomy":"category","embeddable":true,"href":"https:\/\/lospoliticosveracruz.com.mx\/index.php?rest_route=%2Fwp%2Fv2%2Fcategories&post=116084"},{"taxonomy":"post_tag","embeddable":true,"href":"https:\/\/lospoliticosveracruz.com.mx\/index.php?rest_route=%2Fwp%2Fv2%2Ftags&post=116084"}],"curies":[{"name":"wp","href":"https:\/\/api.w.org\/{rel}","templated":true}]}}