{"id":116373,"date":"2024-01-04T07:49:20","date_gmt":"2024-01-04T13:49:20","guid":{"rendered":"https:\/\/lospoliticosveracruz.com.mx\/?p=116373"},"modified":"2024-01-04T07:49:46","modified_gmt":"2024-01-04T13:49:46","slug":"aca-parten-rosca","status":"publish","type":"post","link":"https:\/\/lospoliticosveracruz.com.mx\/?p=116373","title":{"rendered":"AC\u00c1 PARTEN ROSCA"},"content":{"rendered":"\n<p><strong>Oved Contreras&nbsp;<\/strong><\/p>\n\n\n\n<p><em>Secas Mecas<\/em><\/p>\n\n\n\n<p>Ante el desd\u00e9n mostrado por los gobiernos morenistas al campo mexicano, ahora los invitados especiales a conmemorar la Ley Agraria en el puerto de Veracruz el pr\u00f3ximo 6 de enero, ser\u00e1n la candidata de la coalici\u00f3n \u201cFuerza y Coraz\u00f3n por M\u00e9xico\u201d a la Presidencia, X\u00f3chitl G\u00e1lvez Ruiz y Pepe Yunes, precandidato a la gubernatura.<\/p>\n\n\n<div class=\"wp-block-image\">\n<figure class=\"alignleft size-full is-resized\"><a href=\"https:\/\/lospoliticosveracruz.com.mx\/wp-content\/uploads\/2023\/02\/Vinissimo.jpg\"><img decoding=\"async\" src=\"https:\/\/lospoliticosveracruz.com.mx\/wp-content\/uploads\/2023\/02\/Vinissimo.jpg\" alt=\"\" class=\"wp-image-102752\" style=\"width:151px;height:auto\"\/><\/a><\/figure><\/div>\n\n\n<p>Como se ha realizado por d\u00e9cadas, el evento auspiciado por organizaciones campesinas se llevar\u00e1 a cabo en el \u201cFaro Venustiano Carranza\u201d, y en los \u00faltimos a\u00f1os la ceremonia fue realizada exclusivamente por l\u00edderes campesinos porque han sido ignoradas por el presidente Andr\u00e9s Manuel L\u00f3pez Obrador, quien desde un inicio se neg\u00f3 a ser parte de esta celebraci\u00f3n.<\/p>\n\n\n\n<p>El dirigente nacional de la UGOCP, Luis G\u00f3mez Garay, refiere que este a\u00f1o ya no invitaron al presidente L\u00f3pez Obrador porque ya entendieron que al Presidente no le interesa hablar con el sector campesino, se le invit\u00f3 en los primeros a\u00f1os y recibieron silencio como respuesta porque al Presidente no le gusta hablar con quien considera que no comulgan con sus causas y sus formas.<\/p>\n\n\n\n<p>Ahora le corrieron la invitaci\u00f3n a X\u00f3chitl G\u00e1lvez porque existe la esperanza de que se restablezca el di\u00e1logo entre gobierno y organizaciones campesinas sobre la importancia del sector primario del pa\u00eds, donde una de las demandas es que haya condiciones para poder producir en vez de recurrir a las importaciones.<\/p>\n\n\n\n<p><strong>LE ENTRA A CAMPA\u00d1A<\/strong>\u2026hay que ser cochinos pero no trompudos\u2026ya no se guardan las formas y saben que es ilegal pero les valiendo lo que diga la ley\u2026el gobierno estatal le entr\u00f3 de lleno a la campa\u00f1a de la zacatecana Roc\u00edo Nahle: no solo hay una abierta intervenci\u00f3n del gobernador Cuitl\u00e1huac Garc\u00eda con se\u00f1alamientos directos contra Pepe Yunes sino que ahora la televisora estatal Radio Televisi\u00f3n de Veracruz hace transmisiones de los m\u00edtines pol\u00edticos de la precandidata de Morena a la gubernatura.<\/p>\n\n\n\n<p>No les importan las denuncias por el uso de recursos p\u00fablicos en una campa\u00f1a pol\u00edtica, RTV transmiti\u00f3 en vivo el mitin de inicio de precampa\u00f1a de Roc\u00edo Nahle en Coatzacoalcos, adem\u00e1s de en sus espacios y plataformas aparecen publicaciones sobre la precampa\u00f1a morenista.<\/p>\n\n\n\n<p>\u00bfSabr\u00e1n que eso es utilizar recursos p\u00fablicos para favorecer a la precandidata del partido en el poder? El diputado pri\u00edsta Marlon Ram\u00edrez les puso lupa por esta c\u00ednica intervenci\u00f3n del gobierno en una campa\u00f1a electoral&nbsp;&nbsp;y, en sus redes sociales, dej\u00f3 las evidencias adem\u00e1s de que advirti\u00f3 se proceder\u00e1 con las denuncias.<\/p>\n\n\n\n<p>\u201cNo omito mencionar que Radiotelevisi\u00f3n De Veracruz, opera con recursos integrados federales y estatales, por ello, en apego a lo estipulado por la Ley 366 de Responsabilidades del Estado, y la Federal en Materia de Delitos Electorales, proceder\u00e9 en mi calidad de Diputado local y como integrante de la Comisi\u00f3n Permanente de Vigilancia, a presentar las denuncias ante las instancias correspondientes, aportando el material que en estos primeros dos d\u00edas de precampa\u00f1a recabamos\u201d, advirti\u00f3 el legislador.<\/p>\n\n\n\n<p><strong>QUIERE SER DIPUTADO<\/strong>\u2026no ha dejado su cargo como vocero del gobierno estatal pero s\u00ed se hace promoci\u00f3n para ser diputado por Xalapa\u2026el coordinador de Comunicaci\u00f3n Social del gobierno de Veracruz, Iv\u00e1n Joseph Luna Landa, produce y difunde propaganda electoral para promoverse a una candidatura de Morena a diputado local sin separarse del cargo p\u00fablico que ostenta.<\/p>\n\n\n\n<p>Desde finales del a\u00f1o pasado, el vocero de Cuitl\u00e1huac Garc\u00eda comenz\u00f3 a repartir un libelo propagand\u00edstico denominado \u201cOrgullo xalape\u00f1o\u201d, en el que se presenta al funcionario p\u00fablico abiertamente, como personaje de historieta, que recorre las calles de la capital de Veracruz, donde quiere postularse a una diputaci\u00f3n local, para lo cual ha recibido el apoyo expl\u00edcito del titular del Ejecutivo.<\/p>\n\n\n\n<p>Luna Landa ya reparte un nuevo pasqu\u00edn, \u201cEl Xalape\u00f1o\u201d, en el que habla de los supuestos logros del presidente L\u00f3pez Obrador y el gobernador Cuitl\u00e1huac Garc\u00eda, e incluso habla de s\u00ed mismo como \u201cIv\u00e1n Luna en la C\u00e1mara de Diputados\u201d y promueve el llamado \u201cplan C\u201d con el que el obradorismo pretende dinamitar la divisi\u00f3n de poderes en M\u00e9xico y apoderarse del Poder Judicial.<\/p>\n\n\n\n<p>Se hace promoci\u00f3n mientras sigue cobrando como coordinador de Comunicaci\u00f3n Social del gobierno de Veracruz, y con recursos cuya procedencia no es clara y podr\u00edan configurar peculado si se financia la propaganda con dinero p\u00fablico.<\/p>\n\n\n\n<p>CAMINA Y CAMINA\u2026A d\u00edas de las encuestas en Morena, las cosas se ponen m\u00e1s claras para los aspirantes en el puerto de Veracruz por el distrito 15\u2026all\u00ed Manuel Rogel est\u00e1 apretando el paso adem\u00e1s de que su imagen no le resta a la precandidata al gobierno estatal, Roc\u00edo Nahle, y qu\u00e9 mejor aliado puede tener que quien se encarg\u00f3 de encomendar bienestar en Veracruz.<\/p>\n\n\n\n<p>Ayer por cierto en Manlio Fabio Altamirano durante el evento, se vieron muy contentos en la foto que ambos se tomaron, las cosas son as\u00ed con Rogel si hay fotos porque suma con los otros no hay fotos porque restan.<\/p>\n\n\n\n<p>POLIC\u00cdAS ASESINOS\u2026siempre lo negaron y hasta exig\u00edan pruebas de que la polic\u00eda estatal act\u00faa con abusos en las detenciones\u2026ayer fue detenido el exdelegado de la Secretar\u00eda de Seguridad P\u00fablica (SSP) Regi\u00f3n Xalapa, Carlos Jaime \u201cN\u201d, por agentes de la Polic\u00eda Ministerial. Est\u00e1 se\u00f1alado de ser presuntamente responsable de homicidio doloso calificado en agravio de un detenido, en hechos ocurridos en el Cuartel de San Jos\u00e9, el 20 de octubre del 2020.<\/p>\n\n\n\n<p>El exagente de la SSP y exdelegado de la misma en la regi\u00f3n Xalapa, con clave \u201cMonfort\u201d, fue capturado con base en una orden de aprehensi\u00f3n por el delito de homicidio doloso calificado en agravio de quien en vida se llam\u00f3 Gustavo Ortiz Hern\u00e1ndez, de 36 a\u00f1os de edad, caso dentro del proceso penal 411\/2022<\/p>\n\n\n\n<p>Seg\u00fan la versi\u00f3n de autoridades, Ortiz Hern\u00e1ndez fue detenido la tarde del s\u00e1bado 24 de octubre del 2020 en la colonia Casa Blanca por patrulleros de Seguridad P\u00fablica de la Delegaci\u00f3n 20 zona Xalapa cuando conduc\u00eda su autom\u00f3vil Audi color negro y trasladado al cuartel de San Jos\u00e9 donde fue privado de su vida tras ser golpeado salvajemente, hechos de los que tom\u00f3 conocimiento la Fiscal\u00eda General del Estado (FGE) que inici\u00f3 la carpeta de investigaci\u00f3n.<\/p>\n","protected":false},"excerpt":{"rendered":"<p>Oved Contreras&nbsp; Secas Mecas Ante el desd\u00e9n mostrado por los gobiernos morenistas al campo mexicano, ahora los invitados especiales a conmemorar la Ley Agraria en el puerto de Veracruz el pr\u00f3ximo 6 de enero, ser\u00e1n la candidata de la coalici\u00f3n \u201cFuerza y Coraz\u00f3n por M\u00e9xico\u201d a la Presidencia, X\u00f3chitl G\u00e1lvez Ruiz y Pepe Yunes, precandidato [&hellip;]<\/p>\n","protected":false},"author":2,"featured_media":0,"comment_status":"closed","ping_status":"closed","sticky":false,"template":"","format":"standard","meta":{"_jetpack_newsletter_access":"","_jetpack_dont_email_post_to_subs":false,"_jetpack_newsletter_tier_id":0,"_jetpack_memberships_contains_paywalled_content":false,"_jetpack_memberships_contains_paid_content":false,"footnotes":""},"categories":[70],"tags":[1563,12174,1026,570,195,17531],"class_list":["post-116373","post","type-post","status-publish","format-standard","hentry","category-de-opinion","tag-cuitlahuac-garcia-jimenez","tag-ivan-joseph-luna-landa","tag-morena","tag-pepe-yunes","tag-veracruz","tag-xochitl-galvez"],"jetpack_featured_media_url":"","jetpack_sharing_enabled":true,"jetpack_shortlink":"https:\/\/wp.me\/p4Qcd3-ugZ","_links":{"self":[{"href":"https:\/\/lospoliticosveracruz.com.mx\/index.php?rest_route=\/wp\/v2\/posts\/116373","targetHints":{"allow":["GET"]}}],"collection":[{"href":"https:\/\/lospoliticosveracruz.com.mx\/index.php?rest_route=\/wp\/v2\/posts"}],"about":[{"href":"https:\/\/lospoliticosveracruz.com.mx\/index.php?rest_route=\/wp\/v2\/types\/post"}],"author":[{"embeddable":true,"href":"https:\/\/lospoliticosveracruz.com.mx\/index.php?rest_route=\/wp\/v2\/users\/2"}],"replies":[{"embeddable":true,"href":"https:\/\/lospoliticosveracruz.com.mx\/index.php?rest_route=%2Fwp%2Fv2%2Fcomments&post=116373"}],"version-history":[{"count":1,"href":"https:\/\/lospoliticosveracruz.com.mx\/index.php?rest_route=\/wp\/v2\/posts\/116373\/revisions"}],"predecessor-version":[{"id":116375,"href":"https:\/\/lospoliticosveracruz.com.mx\/index.php?rest_route=\/wp\/v2\/posts\/116373\/revisions\/116375"}],"wp:attachment":[{"href":"https:\/\/lospoliticosveracruz.com.mx\/index.php?rest_route=%2Fwp%2Fv2%2Fmedia&parent=116373"}],"wp:term":[{"taxonomy":"category","embeddable":true,"href":"https:\/\/lospoliticosveracruz.com.mx\/index.php?rest_route=%2Fwp%2Fv2%2Fcategories&post=116373"},{"taxonomy":"post_tag","embeddable":true,"href":"https:\/\/lospoliticosveracruz.com.mx\/index.php?rest_route=%2Fwp%2Fv2%2Ftags&post=116373"}],"curies":[{"name":"wp","href":"https:\/\/api.w.org\/{rel}","templated":true}]}}