{"id":116591,"date":"2024-01-08T19:04:43","date_gmt":"2024-01-09T01:04:43","guid":{"rendered":"https:\/\/lospoliticosveracruz.com.mx\/?p=116591"},"modified":"2024-01-08T19:04:47","modified_gmt":"2024-01-09T01:04:47","slug":"turbulencia-en-organismos-autonomos","status":"publish","type":"post","link":"https:\/\/lospoliticosveracruz.com.mx\/?p=116591","title":{"rendered":"TURBULENCIA EN ORGANISMOS AUT\u00d3NOMOS"},"content":{"rendered":"\n<p><strong>Jos\u00e9 Luis Enr\u00edquez Ambell<br><\/strong><em>Caf\u00e9 de Ma\u00f1ana<\/em><\/p>\n\n\n\n<p>Desde la d\u00e9cada de los 90, en M\u00e9xico se crearon numerosos \u00f3rganos aut\u00f3nomos de rango constitucional, que ejercen funciones relevantes del gobierno.<\/p>\n\n\n\n<p>Estas figuras -organismos aut\u00f3nomos- son diferentes a las dependencias y entidades p\u00fablicas tradicionales, desde su creaci\u00f3n, sus caracter\u00edsticas e incluso, estructura en su posici\u00f3n dentro del universo de la estructura institucional del Gobierno en su conjunto- federaci\u00f3n y estados &#8211; y pues,<br>y as\u00ed resultan poco homog\u00e9neos.<\/p>\n\n\n<div class=\"wp-block-image\">\n<figure class=\"alignleft size-full is-resized\"><a href=\"https:\/\/lospoliticosveracruz.com.mx\/wp-content\/uploads\/2023\/02\/Vinissimo.jpg\"><img decoding=\"async\" src=\"https:\/\/lospoliticosveracruz.com.mx\/wp-content\/uploads\/2023\/02\/Vinissimo.jpg\" alt=\"\" class=\"wp-image-102752\" style=\"width:201px;height:auto\"\/><\/a><\/figure><\/div>\n\n\n<p>Y es que la relaci\u00f3n entre el sector gobierno con ellos incluyendo a los Poderes p\u00fablicos llevan al complejo terreno del di\u00e1logo poco terso en las formas y por concepto de las oportunidades y potencialidades.<\/p>\n\n\n\n<p>Justamente eso est\u00e1 sucediendo en el Congreso de la Ciudad de M\u00e9xico, con la NO ratificaci\u00f3n de Do\u00f1a Ernestina Godoy como titular de la Fiscal\u00eda General de Justicia de la CDMX, y que podr\u00eda llevar a que en las pr\u00f3ximas horas deje, ceda o abandone el puesto a un encargado de despacho, a\u00fan cuando su periodo termina<br>oficialmente este martes 9 de enero de 2024 pero al no ser ratificada, Oliver Ariel Pilares Viloria &#8211; Coordinador General de Investigaci\u00f3n Territorial de la Fiscal\u00eda &#8211; se quedar\u00eda en calidad de encargado del despacho como lo establece la Ley Org\u00e1nica de la Fiscal\u00eda en su Art\u00edculo 46 y mientras el Congreso realice las gestiones necesarias para designar al sustituto de Godoy, incluyendo negociaciones a trav\u00e9s del di\u00e1logo que demanda el protocolo para la gobernabilidad y gobernanza, pues es a<br>partir del 10 de enero, cuando el Consejo Judicial Ciudadano deber\u00e1 formar una terna con \u00ablos aspirantes mejor calificados\u00bb.<\/p>\n\n\n\n<p>Es insalvable observar y sospechar que Do\u00f1a Ernestina deber\u00e1 dejar el cargo y rodeada de la pol\u00e9mica por las supuestas presiones a la oposici\u00f3n, acusaciones de espionaje, de plagio, pero tambi\u00e9n de la falta de sensibilidad y oficio para tender puentes de di\u00e1logo y acuerdos, pues \u00e9sta es la premisa \u00fanica para la gobernabilidad con gobernanza en todo ente p\u00fablico, y que incluye a los organismos aut\u00f3nomos.<\/p>\n\n\n\n<p>Do\u00f1a Ernestina Godoy fue Diputada de la CDMX (2015-2018), sede de la Legislatura (C\u00e1mara) que le neg\u00f3 un segundo mandato.<\/p>\n\n\n\n<p><strong>DE SOBREMESA<\/strong><\/p>\n\n\n\n<p>Los responsables de operar en favor de la a\u00fan Fiscal Godoy, muy mal parecen haberle quedado a Do\u00f1a Claudia Sheinbaum y al Presidente L\u00f3pez Obrador.<\/p>\n\n\n\n<p><strong>UN CAF\u00c9 CON DOBLE CARGA<\/strong><\/p>\n\n\n\n<p>El a\u00f1o 2024 empieza confirmando que la Seguridad P\u00fablica, Procuraci\u00f3n de Justicia, as\u00ed como, la Administraci\u00f3n de Justicia \u00abno atraviesan por sus mejores momentos\u00bb, y no s\u00f3lo en lo nacional sino tambien en los estados, y donde ojal\u00e1 se escape Veracruz.<\/p>\n\n\n\n<p><strong>UN CAF\u00c9 LECHERO LIGTH DESLACTOSADO<\/strong><\/p>\n\n\n\n<p>Hablando de organismos aut\u00f3nomos, pero en Veracruz, sus titulares habr\u00e1n de acudir y comparecer ante el Congreso del Estado en los pr\u00f3ximos d\u00edas, y ya veremos c\u00f3mo les amanece el 2024 con destino a la venidera sucesi\u00f3n.<\/p>\n\n\n\n<p>\u00a1 ES CUANTO !<\/p>\n\n\n\n<p>JOS\u00c9 LUIS ENR\u00cdQUEZ AMBELL<br>enamjl62@gmail.com; enriquezambell@gmail.com<br>Secretario General de la Federaci\u00f3n Aut\u00e9ntica de Trabajadores del Estado de Veracruz (FATEV-JLEG) Reg. Fed. del Trabajo # 5844 y Director General de la Consultor\u00eda y Asesor\u00eda Integral AECAI ENR\u00cdQUEZ AMBELL,Torre \u00c1nimas, Xalapa, Ver.<\/p>\n","protected":false},"excerpt":{"rendered":"<p>Jos\u00e9 Luis Enr\u00edquez AmbellCaf\u00e9 de Ma\u00f1ana Desde la d\u00e9cada de los 90, en M\u00e9xico se crearon numerosos \u00f3rganos aut\u00f3nomos de rango constitucional, que ejercen funciones relevantes del gobierno. Estas figuras -organismos aut\u00f3nomos- son diferentes a las dependencias y entidades p\u00fablicas tradicionales, desde su creaci\u00f3n, sus caracter\u00edsticas e incluso, estructura en su posici\u00f3n dentro del universo [&hellip;]<\/p>\n","protected":false},"author":2,"featured_media":0,"comment_status":"closed","ping_status":"closed","sticky":false,"template":"","format":"standard","meta":{"_jetpack_newsletter_access":"","_jetpack_dont_email_post_to_subs":false,"_jetpack_newsletter_tier_id":0,"_jetpack_memberships_contains_paywalled_content":false,"_jetpack_memberships_contains_paid_content":false,"footnotes":""},"categories":[70],"tags":[16541,8383],"class_list":["post-116591","post","type-post","status-publish","format-standard","hentry","category-de-opinion","tag-ernestina-godoy","tag-jose-luis-enriquez-ambell"],"jetpack_featured_media_url":"","jetpack_sharing_enabled":true,"jetpack_shortlink":"https:\/\/wp.me\/p4Qcd3-ukv","_links":{"self":[{"href":"https:\/\/lospoliticosveracruz.com.mx\/index.php?rest_route=\/wp\/v2\/posts\/116591","targetHints":{"allow":["GET"]}}],"collection":[{"href":"https:\/\/lospoliticosveracruz.com.mx\/index.php?rest_route=\/wp\/v2\/posts"}],"about":[{"href":"https:\/\/lospoliticosveracruz.com.mx\/index.php?rest_route=\/wp\/v2\/types\/post"}],"author":[{"embeddable":true,"href":"https:\/\/lospoliticosveracruz.com.mx\/index.php?rest_route=\/wp\/v2\/users\/2"}],"replies":[{"embeddable":true,"href":"https:\/\/lospoliticosveracruz.com.mx\/index.php?rest_route=%2Fwp%2Fv2%2Fcomments&post=116591"}],"version-history":[{"count":1,"href":"https:\/\/lospoliticosveracruz.com.mx\/index.php?rest_route=\/wp\/v2\/posts\/116591\/revisions"}],"predecessor-version":[{"id":116593,"href":"https:\/\/lospoliticosveracruz.com.mx\/index.php?rest_route=\/wp\/v2\/posts\/116591\/revisions\/116593"}],"wp:attachment":[{"href":"https:\/\/lospoliticosveracruz.com.mx\/index.php?rest_route=%2Fwp%2Fv2%2Fmedia&parent=116591"}],"wp:term":[{"taxonomy":"category","embeddable":true,"href":"https:\/\/lospoliticosveracruz.com.mx\/index.php?rest_route=%2Fwp%2Fv2%2Fcategories&post=116591"},{"taxonomy":"post_tag","embeddable":true,"href":"https:\/\/lospoliticosveracruz.com.mx\/index.php?rest_route=%2Fwp%2Fv2%2Ftags&post=116591"}],"curies":[{"name":"wp","href":"https:\/\/api.w.org\/{rel}","templated":true}]}}