{"id":116730,"date":"2024-01-11T18:02:16","date_gmt":"2024-01-12T00:02:16","guid":{"rendered":"https:\/\/lospoliticosveracruz.com.mx\/?p=116730"},"modified":"2024-01-11T18:02:24","modified_gmt":"2024-01-12T00:02:24","slug":"apuesta-a-un-gobierno-itinerante","status":"publish","type":"post","link":"https:\/\/lospoliticosveracruz.com.mx\/?p=116730","title":{"rendered":"APUESTA A UN GOBIERNO ITINERANTE!"},"content":{"rendered":"\n<p><\/p>\n\n\n\n<p><strong>Tenampa<\/strong><br>Cada joven, ni\u00f1o, adulto mayor o familia sin oportunidad tiene su lugar en la Cuarta Transformaci\u00f3n porque aqu\u00ed todos son importantes, por eso, seguiremos caminando en todo el estado, a ras de tierra, para escuchar y resolver las problem\u00e1ticas de quienes han apostado por este movimiento transformador, asegur\u00f3 Roc\u00edo Nahle Garc\u00eda, precandidata \u00fanica a la gubernatura por la coalici\u00f3n \u201cSigamos haciendo historia en Veracruz\u00bb<\/p>\n\n\n<div class=\"wp-block-image\">\n<figure class=\"alignleft size-medium\"><a href=\"https:\/\/lospoliticosveracruz.com.mx\/wp-content\/uploads\/2023\/02\/Estancia.jpg\"><img decoding=\"async\" src=\"https:\/\/lospoliticosveracruz.com.mx\/wp-content\/uploads\/2023\/02\/Estancia-190x300.jpg\" alt=\"\" class=\"wp-image-102751\"\/><\/a><\/figure><\/div>\n\n\n<p>Es necesario, dijo, que despu\u00e9s de escuchar y conocer la din\u00e1mica social, cultural, econ\u00f3mica y laboral de cada regi\u00f3n, los tres niveles de gobierno acompa\u00f1en a los diversos sectores y los impulsen por lo que se hace necesario que en Veracruz se habilite un gobierno itinerante, tal como siempre lo ha so\u00f1ado.<\/p>\n\n\n\n<p>Un gobierno, explic\u00f3, que atienda en tierra sin descuidar a la instituci\u00f3n pero si descentralizando funciones y llevando acciones a todas las regiones de Veracruz.<\/p>\n\n\n\n<p>\u201cUn gobierno itinerante, yo soy ingeniera y las ingenieras y los ingenieros tambi\u00e9n siempre andamos supervisando esa es parte de nuestra formaci\u00f3n, entonces yo los lunes voy a estar en Xalapa, tengo que firmar los papeles y ver reuniones y dem\u00e1s y los dem\u00e1s d\u00edas tengo que andar en todo el territorio viendo, supervisando el programa transformador, de norte a sur porque as\u00ed debe ser para acelerar la transformaci\u00f3n en nuestro estado as\u00ed que nos vamos a ver aqu\u00ed seguido\u201d, adelant\u00f3.<\/p>\n\n\n\n<p>Veracruz cuenta con casi 2 mil comunidades, rurales en su mayor\u00eda y un porcentaje menor urbanas, todas con necesidades distintas desde educaci\u00f3n, empleo, servicios p\u00fablicos, comunicaciones, gestiones diversas que se deben atender y resolver.<\/p>\n\n\n\n<p>A nivel estatal hay proyecto y en el pa\u00eds, nuestra pr\u00f3xima presidenta, Claudia Sheinbaum Pardo, indic\u00f3, reforzar\u00e1 las acciones que desde hace cinco a\u00f1os aplica la Cuarta Transformaci\u00f3n.<\/p>\n\n\n\n<p>Claudia Sheinbaum, candidata presidencial, enfatiz\u00f3 reforzar\u00e1 esta pol\u00edtica humanista, progresista, \u201cella es la que ustedes designaron para que contin\u00fae con la Cuarta Transformaci\u00f3n\u201d, se\u00f1al\u00f3.<\/p>\n\n\n\n<p>\u201cEsas son pol\u00edticas que el gobierno debe hacer y en este gobierno transformador nos ocupamos, escuchamos, ejecutamos y damos resultados para bien de la poblaci\u00f3n\u201d, asest\u00f3.<\/p>\n\n\n\n<p>La 4T, indic\u00f3, est\u00e1 dirigida a todos los sectores, incluidos los j\u00f3venes, \u201ctrabajamos por nosotros, por nuestra familia, pero por los que vienen atr\u00e1s, tenemos la responsabilidad, perdimos mucho tiempo, 30 a\u00f1os mientras el PRI y el PAN desmantelaban M\u00e9xico, nos \u00edbamos hundiendo, en cinco a\u00f1os L\u00f3pez Obrador y nuestro movimiento ha levantado pero nos falta y lo vamos a hacer con ustedes\u201d, afirm\u00f3.<\/p>\n","protected":false},"excerpt":{"rendered":"<p>TenampaCada joven, ni\u00f1o, adulto mayor o familia sin oportunidad tiene su lugar en la Cuarta Transformaci\u00f3n porque aqu\u00ed todos son importantes, por eso, seguiremos caminando en todo el estado, a ras de tierra, para escuchar y resolver las problem\u00e1ticas de quienes han apostado por este movimiento transformador, asegur\u00f3 Roc\u00edo Nahle Garc\u00eda, precandidata \u00fanica a la [&hellip;]<\/p>\n","protected":false},"author":2,"featured_media":0,"comment_status":"closed","ping_status":"closed","sticky":false,"template":"","format":"standard","meta":{"_jetpack_newsletter_access":"","_jetpack_dont_email_post_to_subs":false,"_jetpack_newsletter_tier_id":0,"_jetpack_memberships_contains_paywalled_content":false,"_jetpack_memberships_contains_paid_content":false,"footnotes":""},"categories":[73],"tags":[],"class_list":["post-116730","post","type-post","status-publish","format-standard","hentry","category-de-boleto"],"jetpack_featured_media_url":"","jetpack_sharing_enabled":true,"jetpack_shortlink":"https:\/\/wp.me\/p4Qcd3-umK","_links":{"self":[{"href":"https:\/\/lospoliticosveracruz.com.mx\/index.php?rest_route=\/wp\/v2\/posts\/116730","targetHints":{"allow":["GET"]}}],"collection":[{"href":"https:\/\/lospoliticosveracruz.com.mx\/index.php?rest_route=\/wp\/v2\/posts"}],"about":[{"href":"https:\/\/lospoliticosveracruz.com.mx\/index.php?rest_route=\/wp\/v2\/types\/post"}],"author":[{"embeddable":true,"href":"https:\/\/lospoliticosveracruz.com.mx\/index.php?rest_route=\/wp\/v2\/users\/2"}],"replies":[{"embeddable":true,"href":"https:\/\/lospoliticosveracruz.com.mx\/index.php?rest_route=%2Fwp%2Fv2%2Fcomments&post=116730"}],"version-history":[{"count":1,"href":"https:\/\/lospoliticosveracruz.com.mx\/index.php?rest_route=\/wp\/v2\/posts\/116730\/revisions"}],"predecessor-version":[{"id":116732,"href":"https:\/\/lospoliticosveracruz.com.mx\/index.php?rest_route=\/wp\/v2\/posts\/116730\/revisions\/116732"}],"wp:attachment":[{"href":"https:\/\/lospoliticosveracruz.com.mx\/index.php?rest_route=%2Fwp%2Fv2%2Fmedia&parent=116730"}],"wp:term":[{"taxonomy":"category","embeddable":true,"href":"https:\/\/lospoliticosveracruz.com.mx\/index.php?rest_route=%2Fwp%2Fv2%2Fcategories&post=116730"},{"taxonomy":"post_tag","embeddable":true,"href":"https:\/\/lospoliticosveracruz.com.mx\/index.php?rest_route=%2Fwp%2Fv2%2Ftags&post=116730"}],"curies":[{"name":"wp","href":"https:\/\/api.w.org\/{rel}","templated":true}]}}