{"id":117231,"date":"2024-01-23T07:35:44","date_gmt":"2024-01-23T13:35:44","guid":{"rendered":"https:\/\/lospoliticosveracruz.com.mx\/?p=117231"},"modified":"2024-01-23T07:37:51","modified_gmt":"2024-01-23T13:37:51","slug":"se-encabrito","status":"publish","type":"post","link":"https:\/\/lospoliticosveracruz.com.mx\/?p=117231","title":{"rendered":"SE ENCABRIT\u00d3!"},"content":{"rendered":"\n<p><strong>Oved Contreras<\/strong><\/p>\n\n\n\n<p><em>Secas Mecas<\/em><\/p>\n\n\n\n<p>No le gust\u00f3 nada a Cuitl\u00e1huac Garc\u00eda que le hayan jalado las orejas desde el OPLE por violar imparcialidad y certeza del proceso electoral: exige que \u201csean parejos\u201d, y reclama que antes no actuaron contra antecesores, que se quedaron callados como momias.<\/p>\n\n\n\n<p>Luego de que el \u00f3rgano electoral le orden\u00f3 bajar de redes un video promoviendo a Roc\u00edo Nahle en Casa Veracruz por vulnerar los principios de imparcialidad y equidad de la contienda electoral, el gobernador morenista le pidi\u00f3 al \u00e1rbitro de los comicios aplicar el mismo criterio para todos y que \u201csea parejo\u201d, pues consider\u00f3 que los consejeros anteriores del Instituto Nacional Electoral y del OPLE no actuaron igual ni llamaron la atenci\u00f3n a autoridades como el ex gobernador Miguel \u00c1ngel Yunes Linares o el ex presidente Vicente Fox Quesada.<\/p>\n\n\n\n<p>\u201cImag\u00ednense, \u00a1el gobernador postula a su hijo y se mete en la elecci\u00f3n y le dice loco al contrario! \u00bfY qu\u00e9 hizo el OPLE? \u00bfLe dijeron algo al gobernador en turno? A nivel nacional, un presidente en funciones se para en el atril del mitin y dice: aqu\u00ed el que va a ganar es (su partido). \u00a1Fox se par\u00f3 en el mitin! \u00bfY qu\u00e9 le dijo el INE? Nada\u201d, llorique\u00f3 el Ku\u00edkaras, pero exhibe su desconocimiento de que en el sexenio foxista no exist\u00eda el INE.<\/p>\n\n\n\n<p>Cuitl\u00e1huac Garc\u00eda aparentemente celebra que hay una \u201cactitud nueva del OPLE\u201d, la cual calific\u00f3 como \u201cpositiva\u201d y dice confiar en que \u201cindependientemente quien est\u00e9 en el Ejecutivo, se mantenga observando estas situaciones. Y si en algo lastima, lo ponemos a discusi\u00f3n, pero que sea parejo, esto es importante para que no se repita lo que hizo Fox o eso de postular a tu hijo y defenderlo a diestra y siniestra\u201d.<\/p>\n\n\n\n<p>No se trata solo del video donde le levanta la mano a la zacatecana, se trata de una sistem\u00e1tica intromisi\u00f3n del gobernador en la contienda electoral con sus funcionarios participando en tareas partidistas y el mismo mandatario atacando al precandidato de la oposici\u00f3n.<\/p>\n\n\n\n<p>Todo eso trae una contienda desigual porque ponen todo el aparato de gobierno a servicio de la zacatecana, para asegurarse de que gane a cualquier precio las elecciones de junio pr\u00f3ximo.<\/p>\n\n\n\n<p>Menos mal que el gobernador de Veracruz admita que particip\u00f3 en el cierre de precampa\u00f1a de Claudia Sheinbaum Pardo, precandidata de Morena a la Presidencia de la Rep\u00fablica en Poza Rica el pasado 17 de enero, pero que lo hizo sin goce de sueldo, eso abre la puerta para que otros funcionarios menores dejen tirada la chamba para irse de matraqueros con sus candidatos y se justifiquen con que iban sin goce de sueldo. C\u00ednicos.<\/p>\n\n\n\n<p>El \u00f3rgano electoral enfrenta una dif\u00edcil prueba en Veracruz, que es garantizar equidad e imparcialidad en el proceso electoral, y no ponerse al servicio del r\u00e9gimen que se quiere perpetuar en el poder. En democracia, las elecciones se ganan y se pierden, lo que no puede ocurrir es perder la democracia en una elecci\u00f3n.<\/p>\n\n\n\n<p>EXIGEN JUSTICIA\u2026Una multitud vestida de blanco y con veladoras en mano, march\u00f3 ayer en calles de Lerdo de Tejada para exigir justicia por el homicidio de Brando de Jes\u00fas Arellano Cruz, joven de 27 a\u00f1os asesinado el viernes pasado por polic\u00edas municipales.<\/p>\n\n\n\n<p>Erika Cruz y Delfino Arellano, padres del joven, manifestaron que desconocen todo lo relacionado con los elementos de la polic\u00eda involucrados en el asesinato de su hijo, pues actuaron con pasamonta\u00f1as y fue dif\u00edcil reconocerlos porque nunca dieron la cara, y aunque se habla de cuatro elementos, podr\u00edan ser cinco y este \u00faltimo al parecer fue el que hizo los disparos que le quitaron la vida a Brando.<\/p>\n\n\n\n<p>Al t\u00e9rmino de la marcha agradecieron la solidaridad que los pobladores han mostrado luego de los hechos que enlutaron no solo un hogar sino a toda una ciudad.<\/p>\n\n\n\n<p>\u201cA mi hijo nadie me lo va a devolver, pero quiero tener la satisfacci\u00f3n de la justicia, esto es algo muy doloroso que no se lo deseo ni a mi peor enemigo, les agradezco todas las muestras de solidaridad hacia nosotros\u201d, expres\u00f3 Delfino Arellano, padre del joven.<\/p>\n\n\n\n<p>Durante la concentraci\u00f3n que hicieron en el parque, algunos de los pobladores mencionaron otros casos de abuso de autoridad que se cometieron contra otros chicos, algunos en motocicleta a quienes habr\u00edan golpeado.<\/p>\n\n\n\n<p>Los abusos policiacos en Lerdo de Tejada eran cosa de todos los d\u00edas. A principios de enero, cerca de la casa del joven Brandon, los polic\u00edas irrumpieron en un taller de motocicletas y le dijeron al mec\u00e1nico que su moto ten\u00eda reporte de robo, les respondi\u00f3 que ten\u00eda todos los documentos para comprobar la propiedad.<\/p>\n\n\n\n<p>El problema fue que como no pudieron detenerlo por la moto, entonces le dijeron que ten\u00eda droga. Sin orden de cateo y sin orden de aprehensi\u00f3n se lo llevaron. El detenido, Jos\u00e9 N, present\u00f3 fractura en tres costillas. A los elementos policiacos no les fincaron ninguna responsabilidad por sus abusos.<\/p>\n\n\n\n<p>Hoy Cuitl\u00e1huac Garc\u00eda, c\u00f3mo en todos los casos donde hay abusos policiacos, jura y perjura que habr\u00e1 castigo a los responsables pero es tapar el pozo despu\u00e9s del ni\u00f1o ahogado. \u00bfNo habr\u00e1 manera de ponerle lupa a los cuerpos policiacos antes de que se registren m\u00e1s v\u00edctimas fatales? Otra de las herencias que le dejar\u00e1 al pr\u00f3ximo gobernador o gobernadora de Veracruz.<\/p>\n","protected":false},"excerpt":{"rendered":"<p>Oved Contreras Secas Mecas No le gust\u00f3 nada a Cuitl\u00e1huac Garc\u00eda que le hayan jalado las orejas desde el OPLE por violar imparcialidad y certeza del proceso electoral: exige que \u201csean parejos\u201d, y reclama que antes no actuaron contra antecesores, que se quedaron callados como momias. Luego de que el \u00f3rgano electoral le orden\u00f3 bajar [&hellip;]<\/p>\n","protected":false},"author":2,"featured_media":0,"comment_status":"closed","ping_status":"closed","sticky":false,"template":"","format":"standard","meta":{"_jetpack_newsletter_access":"","_jetpack_dont_email_post_to_subs":false,"_jetpack_newsletter_tier_id":0,"_jetpack_memberships_contains_paywalled_content":false,"_jetpack_memberships_contains_paid_content":false,"footnotes":""},"categories":[70],"tags":[618,1563,1026,251,3578,195],"class_list":["post-117231","post","type-post","status-publish","format-standard","hentry","category-de-opinion","tag-andres-manuel-lopez-obrador","tag-cuitlahuac-garcia-jimenez","tag-morena","tag-pri","tag-rocio-nahle","tag-veracruz"],"jetpack_featured_media_url":"","jetpack_sharing_enabled":true,"jetpack_shortlink":"https:\/\/wp.me\/p4Qcd3-uuP","_links":{"self":[{"href":"https:\/\/lospoliticosveracruz.com.mx\/index.php?rest_route=\/wp\/v2\/posts\/117231","targetHints":{"allow":["GET"]}}],"collection":[{"href":"https:\/\/lospoliticosveracruz.com.mx\/index.php?rest_route=\/wp\/v2\/posts"}],"about":[{"href":"https:\/\/lospoliticosveracruz.com.mx\/index.php?rest_route=\/wp\/v2\/types\/post"}],"author":[{"embeddable":true,"href":"https:\/\/lospoliticosveracruz.com.mx\/index.php?rest_route=\/wp\/v2\/users\/2"}],"replies":[{"embeddable":true,"href":"https:\/\/lospoliticosveracruz.com.mx\/index.php?rest_route=%2Fwp%2Fv2%2Fcomments&post=117231"}],"version-history":[{"count":2,"href":"https:\/\/lospoliticosveracruz.com.mx\/index.php?rest_route=\/wp\/v2\/posts\/117231\/revisions"}],"predecessor-version":[{"id":117233,"href":"https:\/\/lospoliticosveracruz.com.mx\/index.php?rest_route=\/wp\/v2\/posts\/117231\/revisions\/117233"}],"wp:attachment":[{"href":"https:\/\/lospoliticosveracruz.com.mx\/index.php?rest_route=%2Fwp%2Fv2%2Fmedia&parent=117231"}],"wp:term":[{"taxonomy":"category","embeddable":true,"href":"https:\/\/lospoliticosveracruz.com.mx\/index.php?rest_route=%2Fwp%2Fv2%2Fcategories&post=117231"},{"taxonomy":"post_tag","embeddable":true,"href":"https:\/\/lospoliticosveracruz.com.mx\/index.php?rest_route=%2Fwp%2Fv2%2Ftags&post=117231"}],"curies":[{"name":"wp","href":"https:\/\/api.w.org\/{rel}","templated":true}]}}