{"id":11736,"date":"2014-10-08T18:06:00","date_gmt":"2014-10-08T18:06:00","guid":{"rendered":"http:\/\/www.lospoliticosveracruz.com.mx\/acayucan-ley-martinez\/"},"modified":"2014-10-10T02:59:44","modified_gmt":"2014-10-10T02:59:44","slug":"acayucan-ley-martinez","status":"publish","type":"post","link":"https:\/\/lospoliticosveracruz.com.mx\/?p=11736","title":{"rendered":"Acayucan, ley Mart\u00ednez"},"content":{"rendered":"<p><b><\/p>\n<div style=\"clear: both; text-align: center;\"><a href=\"http:\/\/www.lospoliticosveracruz.com.mx\/wp-content\/uploads\/2014\/10\/Casa-2BCultura-2BAcayucan.jpg\" style=\"margin-left: 1em; margin-right: 1em;\"><img loading=\"lazy\" decoding=\"async\" border=\"0\" src=\"http:\/\/www.lospoliticosveracruz.com.mx\/wp-content\/uploads\/2014\/10\/Casa-2BCultura-2BAcayucan.jpg\" height=\"240\" width=\"320\" \/><\/a><\/div>\n<div><b><br \/><\/b><\/div>\n<div><b><br \/><\/b><\/div>\n<p>Iv\u00e1n Calder\u00f3n<\/b><br \/><i>Perfilando<\/i><\/p>\n<div>  Marcos Mart\u00ednez Amador est\u00e1 obsesionado con el control del contenido de los medios de la zona sur del estado de Veracruz.<br \/>&nbsp; El alcalde de Acayucan intenta aplicar su ley mordaza.<br \/>&nbsp; No quiere que se difunda la delicada situaci\u00f3n que se vive en esta parte del estado, e infantilmente quiere tapar el sol con dedo. <br \/>&nbsp; El mun\u00edcipe alternativo ni siquiera intenta acotar excesos.<br \/>&nbsp; Mart\u00ednez en plena era de la informaci\u00f3n pretende desfachatadamente intervenir contenidos period\u00edsticos.<br \/>&nbsp; En la Llave del Sureste no se respetan los textos informativos.<a name='more'><\/a><br \/>&nbsp; Ni siquiera le da su lugar a los periodistas, quienes en el ejercicio de su deber reciben advertencias o amenazas por parte del gobierno municipal.<br \/>&nbsp; Sin ninguna duda esta intenci\u00f3n fiscalizadora est\u00e1 chocando con los medios.<br \/>&nbsp; El primer edil coacciona a los reporteros.<br \/>&nbsp; De lo contrario amaga con retirar convenios.<br \/>&nbsp; Aquel que fuera protegido por las hermanas V\u00e1zquez Saut est\u00e1 sacando las u\u00f1as, adem\u00e1s de su lado d\u00e9spota y arbitrario.<br \/>&nbsp; El alcalde es lo equivalente a sus creadoras, s\u00f3lo que con visibles problemas intelectuales.<br \/>&nbsp; Y es que aparte de no acceder a que se escriba sobre el tema de inseguridad que lamentablemente es cosa de todos los d\u00edas en el pa\u00eds.<br \/>&nbsp; Marcos impide a los informadores mencionar asuntos relacionados sobre el control de su gobierno.<br \/>  Esta es un disparate.<br \/>&nbsp; En Acayucan no se puede subrayar sobre el mal gobierno, enriquecimiento inexplicable o los excesos de poder.<br \/>&nbsp; Es m\u00e1s, nadie se puede atrever a textear sobre las notables ausencias del presidente \u00f3 de su hermano el regidor.<br \/>&nbsp; O que a la autoridad simplemente el pueblo le vale un cacahuate.<br \/>&nbsp; Para muestra, un bot\u00f3n.<br \/>&nbsp; A Marcos Mart\u00ednez se le ocurri\u00f3 la brillante idea de retirar la casa de la cultura, para que en ese inmueble fuera utilizado por su esposa, la presidenta del DIF municipal.<br \/>&nbsp; Poco le valieron los reclamos ciudadanos.<br \/>&nbsp; A Mart\u00ednez Amador no le import\u00f3 dejar a los acayuque\u00f1os con alg\u00fan espacio dedicado a las artes, y en vez de buscar alternativas factibles, tom\u00f3 decisiones improcedentes.<br \/>&nbsp; Con esto fueron muchos los pobladores que se inconformaron, y periodistas se unieron a la causa.<br \/>&nbsp; Uno de ellos, Enrique Quiroz, due\u00f1o del semanario \u201cEl Manifiesto\u201d qui\u00e9n al acudir a tomar unas fotograf\u00edas de las ahora instalaciones del DIF, el mismo mun\u00edcipe lo telefoneo, para decirle que tuviera cuidado o ser\u00e1 acusado de robo.<br \/>&nbsp; Que brillante idea de un alcalde.<br \/>&nbsp; En fin, a ver qu\u00e9 d\u00eda Mart\u00ednez Amador se baja de su nube.<br \/>&nbsp; Porque mientras pretende imponer su ley, en Acayucan impera la ingobernabilidad y su propio desprestigio.<br \/>&nbsp; Su paso por la alcald\u00eda ser\u00e1 ef\u00edmero, nunca brillar\u00e1 en sociedad y jam\u00e1s llegar\u00e1 a ser diputado local.<br \/>&nbsp; Pero esas son otras historias.<br \/>A sus \u00f3rdenes.<\/p>\n<p>@IvanKalderon<\/p><\/div>\n","protected":false},"excerpt":{"rendered":"<p>Iv\u00e1n Calder\u00f3nPerfilando Marcos Mart\u00ednez Amador est\u00e1 obsesionado con el control del contenido de los medios de la zona sur del estado de Veracruz.&nbsp; El alcalde de Acayucan intenta aplicar su ley mordaza.&nbsp; No quiere que se difunda la delicada situaci\u00f3n que se vive en esta parte del estado, e infantilmente quiere tapar el sol con [&hellip;]<\/p>\n","protected":false},"author":2,"featured_media":0,"comment_status":"open","ping_status":"open","sticky":false,"template":"","format":"standard","meta":{"_jetpack_newsletter_access":"","_jetpack_dont_email_post_to_subs":false,"_jetpack_newsletter_tier_id":0,"_jetpack_memberships_contains_paywalled_content":false,"_jetpack_memberships_contains_paid_content":false,"footnotes":""},"categories":[70],"tags":[103,104],"class_list":["post-11736","post","type-post","status-publish","format-standard","hentry","category-de-opinion","tag-acayucan","tag-marcos-martinez-amador"],"jetpack_featured_media_url":"","jetpack_sharing_enabled":true,"jetpack_shortlink":"https:\/\/wp.me\/p4Qcd3-33i","_links":{"self":[{"href":"https:\/\/lospoliticosveracruz.com.mx\/index.php?rest_route=\/wp\/v2\/posts\/11736","targetHints":{"allow":["GET"]}}],"collection":[{"href":"https:\/\/lospoliticosveracruz.com.mx\/index.php?rest_route=\/wp\/v2\/posts"}],"about":[{"href":"https:\/\/lospoliticosveracruz.com.mx\/index.php?rest_route=\/wp\/v2\/types\/post"}],"author":[{"embeddable":true,"href":"https:\/\/lospoliticosveracruz.com.mx\/index.php?rest_route=\/wp\/v2\/users\/2"}],"replies":[{"embeddable":true,"href":"https:\/\/lospoliticosveracruz.com.mx\/index.php?rest_route=%2Fwp%2Fv2%2Fcomments&post=11736"}],"version-history":[{"count":2,"href":"https:\/\/lospoliticosveracruz.com.mx\/index.php?rest_route=\/wp\/v2\/posts\/11736\/revisions"}],"predecessor-version":[{"id":12407,"href":"https:\/\/lospoliticosveracruz.com.mx\/index.php?rest_route=\/wp\/v2\/posts\/11736\/revisions\/12407"}],"wp:attachment":[{"href":"https:\/\/lospoliticosveracruz.com.mx\/index.php?rest_route=%2Fwp%2Fv2%2Fmedia&parent=11736"}],"wp:term":[{"taxonomy":"category","embeddable":true,"href":"https:\/\/lospoliticosveracruz.com.mx\/index.php?rest_route=%2Fwp%2Fv2%2Fcategories&post=11736"},{"taxonomy":"post_tag","embeddable":true,"href":"https:\/\/lospoliticosveracruz.com.mx\/index.php?rest_route=%2Fwp%2Fv2%2Ftags&post=11736"}],"curies":[{"name":"wp","href":"https:\/\/api.w.org\/{rel}","templated":true}]}}