{"id":117784,"date":"2024-02-02T14:26:18","date_gmt":"2024-02-02T20:26:18","guid":{"rendered":"https:\/\/lospoliticosveracruz.com.mx\/?p=117784"},"modified":"2024-02-02T14:26:24","modified_gmt":"2024-02-02T20:26:24","slug":"la-mejor-carta","status":"publish","type":"post","link":"https:\/\/lospoliticosveracruz.com.mx\/?p=117784","title":{"rendered":"LA MEJOR CARTA!"},"content":{"rendered":"\n<p><\/p>\n\n\n\n<p><strong>Veracruz<\/strong><br>La alcaldesa Paty Lobeira de Yunes hizo entrega de reconocimientos a los restaurantes Mardel y Namik al ser incluidos\u00a0como lo mejores restaurantes de Veracruz a nivel nacional,\u00a0en la Gu\u00eda Gastron\u00f3mica 250MX 2024.<\/p>\n\n\n<div class=\"wp-block-image\">\n<figure class=\"alignleft size-large is-resized\"><a href=\"https:\/\/lospoliticosveracruz.com.mx\/wp-content\/uploads\/2023\/08\/Alex.jpg\"><img decoding=\"async\" src=\"https:\/\/lospoliticosveracruz.com.mx\/wp-content\/uploads\/2023\/08\/Alex-1024x791.jpg\" alt=\"\" class=\"wp-image-110522\" style=\"width:153px;height:auto\"\/><\/a><\/figure><\/div>\n\n\n<p>La Alcaldesa afirm\u00f3 que es algo que representa un orgullo y es una noticia muy positiva para la ciudad.&nbsp;\u201cQu\u00e9 mejor noticia que dos restaurantes jarochos&nbsp;est\u00e9n en la lista de esta gu\u00eda gastron\u00f3mica, Namik con el chef Eric Guerrero y Mardel con Abraham Guill\u00e9n\u201d, manifest\u00f3.<\/p>\n\n\n\n<p>Destac\u00f3 que es un gran esfuerzo y un gran compromiso el que hacen estos dos restaurantes para lograr estar entre los 250 mejores de todo el pa\u00eds.<\/p>\n\n\n\n<p>\u201cEl que se reconozca a nivel nacional a dos restaurantes&nbsp;jarochos es un orgullo,&nbsp;pero tambi\u00e9n es una buena se\u00f1al para el desarrollo econ\u00f3mico de la ciudad de Veracruz\u201d, dijo.<\/p>\n\n\n\n<p>La alcaldesa Paty Lobeira de Yunes hizo la invitaci\u00f3n a la gente para que&nbsp;los visite y&nbsp;conozcan la gastronom\u00eda veracruzana.<\/p>\n\n\n\n<p>\u00abEstos restaurantes tienen una fusi\u00f3n muy interesante, adem\u00e1s de lo responsables que son tambi\u00e9n con el cuidado del medio ambiente\u201d, expres\u00f3.<\/p>\n\n\n\n<p>Por \u00faltimo felicit\u00f3 a los chef de estos restaurantes por lograr esta distinguida posici\u00f3n a nivel nacional. \u201cReiter\u00f3 la invitaci\u00f3n a la gente para que venga y que sigamos con esta din\u00e1mica de buenas noticias en Veracruz\u201d, concluy\u00f3.<\/p>\n","protected":false},"excerpt":{"rendered":"<p>VeracruzLa alcaldesa Paty Lobeira de Yunes hizo entrega de reconocimientos a los restaurantes Mardel y Namik al ser incluidos\u00a0como lo mejores restaurantes de Veracruz a nivel nacional,\u00a0en la Gu\u00eda Gastron\u00f3mica 250MX 2024. La Alcaldesa afirm\u00f3 que es algo que representa un orgullo y es una noticia muy positiva para la ciudad.&nbsp;\u201cQu\u00e9 mejor noticia que dos [&hellip;]<\/p>\n","protected":false},"author":2,"featured_media":0,"comment_status":"closed","ping_status":"closed","sticky":false,"template":"","format":"standard","meta":{"_jetpack_newsletter_access":"","_jetpack_dont_email_post_to_subs":false,"_jetpack_newsletter_tier_id":0,"_jetpack_memberships_contains_paywalled_content":false,"_jetpack_memberships_contains_paid_content":false,"footnotes":""},"categories":[73],"tags":[40156],"class_list":["post-117784","post","type-post","status-publish","format-standard","hentry","category-de-boleto","tag-guia-gastronomica-250mx-2024"],"jetpack_featured_media_url":"","jetpack_sharing_enabled":true,"jetpack_shortlink":"https:\/\/wp.me\/p4Qcd3-uDK","_links":{"self":[{"href":"https:\/\/lospoliticosveracruz.com.mx\/index.php?rest_route=\/wp\/v2\/posts\/117784","targetHints":{"allow":["GET"]}}],"collection":[{"href":"https:\/\/lospoliticosveracruz.com.mx\/index.php?rest_route=\/wp\/v2\/posts"}],"about":[{"href":"https:\/\/lospoliticosveracruz.com.mx\/index.php?rest_route=\/wp\/v2\/types\/post"}],"author":[{"embeddable":true,"href":"https:\/\/lospoliticosveracruz.com.mx\/index.php?rest_route=\/wp\/v2\/users\/2"}],"replies":[{"embeddable":true,"href":"https:\/\/lospoliticosveracruz.com.mx\/index.php?rest_route=%2Fwp%2Fv2%2Fcomments&post=117784"}],"version-history":[{"count":1,"href":"https:\/\/lospoliticosveracruz.com.mx\/index.php?rest_route=\/wp\/v2\/posts\/117784\/revisions"}],"predecessor-version":[{"id":117786,"href":"https:\/\/lospoliticosveracruz.com.mx\/index.php?rest_route=\/wp\/v2\/posts\/117784\/revisions\/117786"}],"wp:attachment":[{"href":"https:\/\/lospoliticosveracruz.com.mx\/index.php?rest_route=%2Fwp%2Fv2%2Fmedia&parent=117784"}],"wp:term":[{"taxonomy":"category","embeddable":true,"href":"https:\/\/lospoliticosveracruz.com.mx\/index.php?rest_route=%2Fwp%2Fv2%2Fcategories&post=117784"},{"taxonomy":"post_tag","embeddable":true,"href":"https:\/\/lospoliticosveracruz.com.mx\/index.php?rest_route=%2Fwp%2Fv2%2Ftags&post=117784"}],"curies":[{"name":"wp","href":"https:\/\/api.w.org\/{rel}","templated":true}]}}