{"id":117798,"date":"2024-02-02T17:11:05","date_gmt":"2024-02-02T23:11:05","guid":{"rendered":"https:\/\/lospoliticosveracruz.com.mx\/?p=117798"},"modified":"2024-02-02T17:11:14","modified_gmt":"2024-02-02T23:11:14","slug":"en-ixhuatlancillo-tambien-hay-candelaria","status":"publish","type":"post","link":"https:\/\/lospoliticosveracruz.com.mx\/?p=117798","title":{"rendered":"EN IXHUATLANCILLO TAMBI\u00c9N HAY CANDELARIA"},"content":{"rendered":"\n<p><strong>Ixhuatlancillo<\/strong><br>En el Estado de Veracruz, se llevan a cabo diversas festividades que enmarcan las tradiciones que enorgullecen a nuestros pueblos, con m\u00fasica, alegr\u00eda y orgullo, celebramos a la Virgen de la Candelaria en este bello municipio, expres\u00f3 el Subsecretario de Gobierno, Yair Ademar Dom\u00ednguez V\u00e1zquez.<\/p>\n\n\n<div class=\"wp-block-image\">\n<figure class=\"alignleft size-medium\"><a href=\"https:\/\/lospoliticosveracruz.com.mx\/wp-content\/uploads\/2023\/02\/Estancia.jpg\"><img decoding=\"async\" src=\"https:\/\/lospoliticosveracruz.com.mx\/wp-content\/uploads\/2023\/02\/Estancia-190x300.jpg\" alt=\"\" class=\"wp-image-102751\"\/><\/a><\/figure><\/div>\n\n\n<p>\u201cNo solo en Tlacotalpan se celebra a la Virgen de la Candelaria, tambi\u00e9n en Ixhuatlancillo\u201d expres\u00f3 acompa\u00f1ando al alcalde Fernando Ochoa Vergara a la Feria de la Candelaria 2024 en el municipio de Ixhuatlancillo, festividad llena de cultura, tradici\u00f3n, magia y alegr\u00eda de las y los veracruzanos.<\/p>\n\n\n\n<p>Entre bailes, juegos mec\u00e1nicos, cabalgatas, exquisita comida y acompa\u00f1ando las tradiciones, con respeto y en un ambiente festivo se lleva a cabo la Feria de la Candelaria que se realiza del 2 al 5 de febrero, diversas actividades que las autoridades municipales en coordinaci\u00f3n con el Gobierno de Veracruz han preparado para el sano esparcimiento de las familias del municipio y zonas aleda\u00f1as.<\/p>\n\n\n\n<p>En el evento estuvieron presentes las diputadas Itzel L\u00f3pez L\u00f3pez y Tania Mar\u00eda Cruz Mej\u00eda.<\/p>\n","protected":false},"excerpt":{"rendered":"<p>IxhuatlancilloEn el Estado de Veracruz, se llevan a cabo diversas festividades que enmarcan las tradiciones que enorgullecen a nuestros pueblos, con m\u00fasica, alegr\u00eda y orgullo, celebramos a la Virgen de la Candelaria en este bello municipio, expres\u00f3 el Subsecretario de Gobierno, Yair Ademar Dom\u00ednguez V\u00e1zquez. \u201cNo solo en Tlacotalpan se celebra a la Virgen de [&hellip;]<\/p>\n","protected":false},"author":2,"featured_media":0,"comment_status":"closed","ping_status":"closed","sticky":false,"template":"","format":"standard","meta":{"_jetpack_newsletter_access":"","_jetpack_dont_email_post_to_subs":false,"_jetpack_newsletter_tier_id":0,"_jetpack_memberships_contains_paywalled_content":false,"_jetpack_memberships_contains_paid_content":false,"footnotes":""},"categories":[73],"tags":[3546],"class_list":["post-117798","post","type-post","status-publish","format-standard","hentry","category-de-boleto","tag-subsecretario-de-gobierno"],"jetpack_featured_media_url":"","jetpack_sharing_enabled":true,"jetpack_shortlink":"https:\/\/wp.me\/p4Qcd3-uDY","_links":{"self":[{"href":"https:\/\/lospoliticosveracruz.com.mx\/index.php?rest_route=\/wp\/v2\/posts\/117798","targetHints":{"allow":["GET"]}}],"collection":[{"href":"https:\/\/lospoliticosveracruz.com.mx\/index.php?rest_route=\/wp\/v2\/posts"}],"about":[{"href":"https:\/\/lospoliticosveracruz.com.mx\/index.php?rest_route=\/wp\/v2\/types\/post"}],"author":[{"embeddable":true,"href":"https:\/\/lospoliticosveracruz.com.mx\/index.php?rest_route=\/wp\/v2\/users\/2"}],"replies":[{"embeddable":true,"href":"https:\/\/lospoliticosveracruz.com.mx\/index.php?rest_route=%2Fwp%2Fv2%2Fcomments&post=117798"}],"version-history":[{"count":2,"href":"https:\/\/lospoliticosveracruz.com.mx\/index.php?rest_route=\/wp\/v2\/posts\/117798\/revisions"}],"predecessor-version":[{"id":117801,"href":"https:\/\/lospoliticosveracruz.com.mx\/index.php?rest_route=\/wp\/v2\/posts\/117798\/revisions\/117801"}],"wp:attachment":[{"href":"https:\/\/lospoliticosveracruz.com.mx\/index.php?rest_route=%2Fwp%2Fv2%2Fmedia&parent=117798"}],"wp:term":[{"taxonomy":"category","embeddable":true,"href":"https:\/\/lospoliticosveracruz.com.mx\/index.php?rest_route=%2Fwp%2Fv2%2Fcategories&post=117798"},{"taxonomy":"post_tag","embeddable":true,"href":"https:\/\/lospoliticosveracruz.com.mx\/index.php?rest_route=%2Fwp%2Fv2%2Ftags&post=117798"}],"curies":[{"name":"wp","href":"https:\/\/api.w.org\/{rel}","templated":true}]}}