{"id":117802,"date":"2024-02-02T19:18:16","date_gmt":"2024-02-03T01:18:16","guid":{"rendered":"https:\/\/lospoliticosveracruz.com.mx\/?p=117802"},"modified":"2024-02-02T19:18:23","modified_gmt":"2024-02-03T01:18:23","slug":"eficacia-con-eficiencia-de-los-operadores-politicos","status":"publish","type":"post","link":"https:\/\/lospoliticosveracruz.com.mx\/?p=117802","title":{"rendered":"EFICACIA CON EFICIENCIA DE LOS OPERADORES POL\u00cdTICOS"},"content":{"rendered":"\n<p><strong>Jos\u00e9 Luis Enr\u00edquez Ambell<br><\/strong><em>Caf\u00e9 de Ma\u00f1ana<\/em><\/p>\n\n\n\n<p><\/p>\n\n\n\n<p>La quiz\u00e1 actividad humana m\u00e1s de moda en M\u00e9xico -por el tema de elecciones- pero como en casi todas, la modernizaci\u00f3n, en este caso \u00abla pol\u00edtica\u00bb le lleg\u00f3 tambi\u00e9n, pero al terreno de lo llamativo y superficial, y los aspectos legal-institucionales y la dotaci\u00f3n de equipos t\u00e9cnicos acordes.<\/p>\n\n\n\n<figure class=\"wp-block-embed is-type-video is-provider-youtube wp-block-embed-youtube wp-embed-aspect-16-9 wp-has-aspect-ratio\"><div class=\"wp-block-embed__wrapper\">\n<span class=\"embed-youtube\" style=\"text-align:center; display: block;\"><iframe loading=\"lazy\" class=\"youtube-player\" width=\"750\" height=\"422\" src=\"https:\/\/www.youtube.com\/embed\/Nxe-vxf8GuY?version=3&#038;rel=1&#038;showsearch=0&#038;showinfo=1&#038;iv_load_policy=1&#038;fs=1&#038;hl=es-ES&#038;autohide=2&#038;wmode=transparent\" allowfullscreen=\"true\" style=\"border:0;\" sandbox=\"allow-scripts allow-same-origin allow-popups allow-presentation allow-popups-to-escape-sandbox\"><\/iframe><\/span>\n<\/div><\/figure>\n\n\n\n<p>Y es que la utilizaci\u00f3n de equipo entre computadoras, tel\u00e9fonos celulares y, ocasionalmente, la inteligencia artificial, no se debe traducir o entender en que los usuarios hayan dejado de lado sus antiguos h\u00e1bitos, las viejas ma\u00f1as y pr\u00e1cticas que han variado poco, pero variado, con el curso del tiempo.<\/p>\n\n\n\n<p>As\u00ed pues, esta etapa y proceso nos muestra que los hasta hace poco tiempo considerados los aut\u00e9nticos l\u00edderes hist\u00f3ricos o creadores intelectuales sean desplazados poco a poco de las posiciones dirigentes, las que ahora est\u00e1n &#8211; deber\u00eda ser as\u00ed &#8211; siendo ocupadas por personas h\u00e1biles en cuestiones de m\u00e1s corto plazo y a veces sin muchas consideraciones \u00e9ticas, pero mal har\u00e1n en no tomar en cuenta a los creadores de los ejes viales en los procesos electorales.<\/p>\n\n\n\n<p>Un aspecto importante que est\u00e1n descuidando candidatos (as) y operadores, es el de las relaciones p\u00fablicas, s\u00f3lo por citar un rubro.<\/p>\n\n\n\n<p>La mejor t\u00e9cnica que acerca es cuando no parte de la premisa ideol\u00f3gica de adscripciones a un partido o instituto pol\u00edtico, y esto es fundamental saberlo quien sea o pretenda ser un operador pol\u00edtico y as\u00ed poder servir con la mejor eficacia y eficiencia al mejor postor -dicho en el m\u00e1s respetuoso sentido- y aunque pueda ser un empleo temporal si es que en el camino aparece una mejor opci\u00f3n de trabajo.<\/p>\n\n\n\n<p>Los operadores pol\u00edticos deben poseer destrezas muy precisas y espec\u00edficas que se manifiestan a trav\u00e9s de las m\u00e1s estrat\u00e9gicas negociaciones que llevan a la obtenci\u00f3n de logros y avances a\u00fan por rutas complejas, que incluso superan males como lo es la intriga, que por cierto en estos d\u00edas ronda y hace de las suyas ante la inoperancia por la ingenuidad de algunos actores y disque operadores, en la de por s\u00ed delgada etapa de campa\u00f1as.<\/p>\n\n\n\n<p>Ahora bien, no hay operadores buenos que resulten baratos, pues la eficiencia tambi\u00e9n lleva a la b\u00fasqueda de fondos que a\u00fan siendo discrecionales, l\u00edcitos, suman en el momento de tejer y contactar con personalidads de todos los sectores posibles de la sociedad, e incluye a los medios masivos de comunicaci\u00f3n, y en todos sus g\u00e9neros e incluso, con actores de otros partidos, pues todo suma en campa\u00f1a pol\u00edtica, y mucho m\u00e1s en la actualidad.<\/p>\n\n\n\n<p><strong>DE SOBREMESA<\/strong><\/p>\n\n\n\n<p>Alrededor de 97 millones de ciudadanos mexicanos estamos llamados a sufragar en las urnas y elecciones m\u00e1s grandes de la historia del 2 de junio venidero.<\/p>\n\n\n\n<p>Poco m\u00e1s de 20 mil cargos de elecci\u00f3n popular renovar\u00e1 el tablero pol\u00edtico de M\u00e9xico como nunca antes, adem\u00e1s que con toda probabilidad arrojar\u00e1 a la primera Presidenta de M\u00e9xico, y renovar a los 128 Senadores, 500 diputados del Congreso y las 9 gubernaturas estatales de Chiapas, Guanajuato, Jalisco, Morelos, Puebla, Tabasco, Veracruz, Yucat\u00e1n y Ciudad de M\u00e9xico, entre otros espacios.<\/p>\n\n\n\n<p><strong>UN CAF\u00c9 CON DOBLE CARGA<\/strong><\/p>\n\n\n\n<p>De ah\u00ed que en Veracruz, la clase de operadores pol\u00edticos buenos, con eficacia y eficiencia habr\u00e1n de ser y resultar de una gran utilidad a quien busque convencer a los m\u00e1s para ganar y despu\u00e9s gobernar. \u00abY es que nadie come pescado, si no lo tiene primero en la mano\u00bb.<\/p>\n\n\n\n<p>\u00a1 ES CUANTO !<\/p>\n\n\n\n<p>JOS\u00c9 LUIS ENR\u00cdQUEZ AMBELL<br>enamjl62@gmail.com; enriquezambell@gmail.com<br>Secretario General de la Federaci\u00f3n Aut\u00e9ntica de Trabajadores del Estado de Veracruz (FATEV-JLEG) Reg. Fed. del Trabajo # 5844 y Director General de la Consultor\u00eda y Asesor\u00eda Integral AECAI ENR\u00cdQUEZ AMBELL,Torre \u00c1nimas, Xalapa, Ver.<\/p>\n","protected":false},"excerpt":{"rendered":"<p>Jos\u00e9 Luis Enr\u00edquez AmbellCaf\u00e9 de Ma\u00f1ana La quiz\u00e1 actividad humana m\u00e1s de moda en M\u00e9xico -por el tema de elecciones- pero como en casi todas, la modernizaci\u00f3n, en este caso \u00abla pol\u00edtica\u00bb le lleg\u00f3 tambi\u00e9n, pero al terreno de lo llamativo y superficial, y los aspectos legal-institucionales y la dotaci\u00f3n de equipos t\u00e9cnicos acordes. Y [&hellip;]<\/p>\n","protected":false},"author":2,"featured_media":0,"comment_status":"closed","ping_status":"closed","sticky":false,"template":"","format":"standard","meta":{"_jetpack_newsletter_access":"","_jetpack_dont_email_post_to_subs":false,"_jetpack_newsletter_tier_id":0,"_jetpack_memberships_contains_paywalled_content":false,"_jetpack_memberships_contains_paid_content":false,"footnotes":""},"categories":[70],"tags":[721,8383],"class_list":["post-117802","post","type-post","status-publish","format-standard","hentry","category-de-opinion","tag-elecciones","tag-jose-luis-enriquez-ambell"],"jetpack_featured_media_url":"","jetpack_sharing_enabled":true,"jetpack_shortlink":"https:\/\/wp.me\/p4Qcd3-uE2","_links":{"self":[{"href":"https:\/\/lospoliticosveracruz.com.mx\/index.php?rest_route=\/wp\/v2\/posts\/117802","targetHints":{"allow":["GET"]}}],"collection":[{"href":"https:\/\/lospoliticosveracruz.com.mx\/index.php?rest_route=\/wp\/v2\/posts"}],"about":[{"href":"https:\/\/lospoliticosveracruz.com.mx\/index.php?rest_route=\/wp\/v2\/types\/post"}],"author":[{"embeddable":true,"href":"https:\/\/lospoliticosveracruz.com.mx\/index.php?rest_route=\/wp\/v2\/users\/2"}],"replies":[{"embeddable":true,"href":"https:\/\/lospoliticosveracruz.com.mx\/index.php?rest_route=%2Fwp%2Fv2%2Fcomments&post=117802"}],"version-history":[{"count":1,"href":"https:\/\/lospoliticosveracruz.com.mx\/index.php?rest_route=\/wp\/v2\/posts\/117802\/revisions"}],"predecessor-version":[{"id":117803,"href":"https:\/\/lospoliticosveracruz.com.mx\/index.php?rest_route=\/wp\/v2\/posts\/117802\/revisions\/117803"}],"wp:attachment":[{"href":"https:\/\/lospoliticosveracruz.com.mx\/index.php?rest_route=%2Fwp%2Fv2%2Fmedia&parent=117802"}],"wp:term":[{"taxonomy":"category","embeddable":true,"href":"https:\/\/lospoliticosveracruz.com.mx\/index.php?rest_route=%2Fwp%2Fv2%2Fcategories&post=117802"},{"taxonomy":"post_tag","embeddable":true,"href":"https:\/\/lospoliticosveracruz.com.mx\/index.php?rest_route=%2Fwp%2Fv2%2Ftags&post=117802"}],"curies":[{"name":"wp","href":"https:\/\/api.w.org\/{rel}","templated":true}]}}