{"id":117804,"date":"2024-02-02T20:37:45","date_gmt":"2024-02-03T02:37:45","guid":{"rendered":"https:\/\/lospoliticosveracruz.com.mx\/?p=117804"},"modified":"2024-02-02T20:37:59","modified_gmt":"2024-02-03T02:37:59","slug":"zenyazen-trabajando-por-los-chavos","status":"publish","type":"post","link":"https:\/\/lospoliticosveracruz.com.mx\/?p=117804","title":{"rendered":"ZENYAZEN, TRABAJANDO POR LOS CHAVOS!"},"content":{"rendered":"\n<p><\/p>\n\n\n\n<p><\/p>\n\n\n\n<p><strong>C\u00f3rdoba<br><\/strong>Como parte de su inter\u00e9s y preocupaci\u00f3n porque las y los j\u00f3venes cuenten con espacios adecuados para practicar alg\u00fan deporte, el maestro y exsecretario de Educaci\u00f3n, Zenyazen Escobar Garc\u00eda, cumpli\u00f3 con la comunidad educativa de la Escuela Secundaria y de Bachilleres Artes y Oficios (ESBAO).<\/p>\n\n\n<div class=\"wp-block-image\">\n<figure class=\"alignleft size-large is-resized\"><a href=\"https:\/\/lospoliticosveracruz.com.mx\/wp-content\/uploads\/2023\/08\/Alex.jpg\"><img decoding=\"async\" src=\"https:\/\/lospoliticosveracruz.com.mx\/wp-content\/uploads\/2023\/08\/Alex-1024x791.jpg\" alt=\"\" class=\"wp-image-110522\" style=\"width:239px;height:auto\"\/><\/a><\/figure><\/div>\n\n\n<p>A trav\u00e9s de sus redes sociales se le vio recorriendo las instalaciones de lo que ser\u00e1 pr\u00f3ximamente una pista de atletismo, desde donde explic\u00f3 que como funcionario estatal, con el apoyo del gobernador Cuitl\u00e1huac Garc\u00eda Jim\u00e9nez, logr\u00f3 gestionar recursos para la construcci\u00f3n de una pista de atletismo para el plantel.<\/p>\n\n\n\n<p>Record\u00f3 que la ESBAO ostenta el t\u00edtulo de la instituci\u00f3n m\u00e1s antigua del pa\u00eds, y que el nuevo espacio no solo beneficiar\u00e1 a la comunidad educativa de secundaria y bachillerato, sino que tambi\u00e9n se convertir\u00e1 en un recurso valioso para la poblaci\u00f3n cordobesa en general.<\/p>\n\n\n\n<p>En su mensaje, Zenyazen expres\u00f3 su gratitud hacia el gobernador Cuitl\u00e1huac Garc\u00eda Jim\u00e9nez y al actual secretario de Educaci\u00f3n de Veracruz, V\u00edctor Emmanuel Vargas Barrientos, por su continuo respaldo a la instituci\u00f3n educativa, y reiter\u00f3 su compromiso con la educaci\u00f3n, anunciando que, en la medida de lo posible, continuar\u00e1 gestionando recursos para impulsar mejoras a favor del sistema educativo.<\/p>\n","protected":false},"excerpt":{"rendered":"<p>C\u00f3rdobaComo parte de su inter\u00e9s y preocupaci\u00f3n porque las y los j\u00f3venes cuenten con espacios adecuados para practicar alg\u00fan deporte, el maestro y exsecretario de Educaci\u00f3n, Zenyazen Escobar Garc\u00eda, cumpli\u00f3 con la comunidad educativa de la Escuela Secundaria y de Bachilleres Artes y Oficios (ESBAO). A trav\u00e9s de sus redes sociales se le vio recorriendo [&hellip;]<\/p>\n","protected":false},"author":2,"featured_media":0,"comment_status":"closed","ping_status":"closed","sticky":false,"template":"","format":"standard","meta":{"_jetpack_newsletter_access":"","_jetpack_dont_email_post_to_subs":false,"_jetpack_newsletter_tier_id":0,"_jetpack_memberships_contains_paywalled_content":false,"_jetpack_memberships_contains_paid_content":false,"footnotes":""},"categories":[73],"tags":[1563,40164,1026,195,12372],"class_list":["post-117804","post","type-post","status-publish","format-standard","hentry","category-de-boleto","tag-cuitlahuac-garcia-jimenez","tag-esbao","tag-morena","tag-veracruz","tag-zenyazen-escobar-garcia"],"jetpack_featured_media_url":"","jetpack_sharing_enabled":true,"jetpack_shortlink":"https:\/\/wp.me\/p4Qcd3-uE4","_links":{"self":[{"href":"https:\/\/lospoliticosveracruz.com.mx\/index.php?rest_route=\/wp\/v2\/posts\/117804","targetHints":{"allow":["GET"]}}],"collection":[{"href":"https:\/\/lospoliticosveracruz.com.mx\/index.php?rest_route=\/wp\/v2\/posts"}],"about":[{"href":"https:\/\/lospoliticosveracruz.com.mx\/index.php?rest_route=\/wp\/v2\/types\/post"}],"author":[{"embeddable":true,"href":"https:\/\/lospoliticosveracruz.com.mx\/index.php?rest_route=\/wp\/v2\/users\/2"}],"replies":[{"embeddable":true,"href":"https:\/\/lospoliticosveracruz.com.mx\/index.php?rest_route=%2Fwp%2Fv2%2Fcomments&post=117804"}],"version-history":[{"count":1,"href":"https:\/\/lospoliticosveracruz.com.mx\/index.php?rest_route=\/wp\/v2\/posts\/117804\/revisions"}],"predecessor-version":[{"id":117806,"href":"https:\/\/lospoliticosveracruz.com.mx\/index.php?rest_route=\/wp\/v2\/posts\/117804\/revisions\/117806"}],"wp:attachment":[{"href":"https:\/\/lospoliticosveracruz.com.mx\/index.php?rest_route=%2Fwp%2Fv2%2Fmedia&parent=117804"}],"wp:term":[{"taxonomy":"category","embeddable":true,"href":"https:\/\/lospoliticosveracruz.com.mx\/index.php?rest_route=%2Fwp%2Fv2%2Fcategories&post=117804"},{"taxonomy":"post_tag","embeddable":true,"href":"https:\/\/lospoliticosveracruz.com.mx\/index.php?rest_route=%2Fwp%2Fv2%2Ftags&post=117804"}],"curies":[{"name":"wp","href":"https:\/\/api.w.org\/{rel}","templated":true}]}}