{"id":117893,"date":"2024-02-05T05:16:13","date_gmt":"2024-02-05T11:16:13","guid":{"rendered":"https:\/\/lospoliticosveracruz.com.mx\/?p=117893"},"modified":"2024-02-05T10:26:27","modified_gmt":"2024-02-05T16:26:27","slug":"claudia-arriba-nahle-se-estanca","status":"publish","type":"post","link":"https:\/\/lospoliticosveracruz.com.mx\/?p=117893","title":{"rendered":"CLAUDIA ARRIBA, NAHLE SE ESTANCA"},"content":{"rendered":"\n<p><strong>Ricardo Chua<\/strong><\/p>\n\n\n\n<p><em>Sale y Vale<\/em><\/p>\n\n\n\n<p><strong>EXCLUSIVA<\/strong>&#8230; Cuenta \u00abGarganta Profunda\u00bb que por alguna raz\u00f3n, que no hay una explicaci\u00f3n real, el comportamiento electoral en Veracruz est\u00e1 \u00abmuy raro\u00bb.. Ya que seg\u00fan los informes que tiene dentro de Palacio de Gobierno.. Es que mientras la candidatura de Presidencial de Claudia Sheinbaum por MORENA s\u00ed le lleva una considerable ventaja a Xochilt Galv\u00e9z.. Roc\u00edo Nahle en su campa\u00f1a a gobernador, no tiene esa misma ventaja en contra de Jos\u00e9 Francisco Yunes Zorrila.. Es decir, Nahle SE ESTANC\u00d3..<\/p>\n\n\n\n<figure class=\"wp-block-image size-large\"><a href=\"https:\/\/lospoliticosveracruz.com.mx\/wp-content\/uploads\/2016\/07\/Seguro-Julio-Cerecedo-2.jpg\"><img decoding=\"async\" src=\"https:\/\/lospoliticosveracruz.com.mx\/wp-content\/uploads\/2016\/07\/Seguro-Julio-Cerecedo-2-1024x381.jpg\" alt=\"\" class=\"wp-image-105879\"\/><\/a><\/figure>\n\n\n\n<p>Lo que comenta \u00abGarganta Profunda\u00bb es que mientras Claudia lleva alrededor de 14 puntos de ventaja a Xochilt en Veracruz en el tema de la elecci\u00f3n Presidencial.. Roc\u00edo Nahle s\u00f3lo tiene ventaja por 7 a 6 puntos en contra de Pepe Yunes.. Teniendo en cuenta, que ambas (Claudia y Roc\u00edo) est\u00e1n \u00abjugando\u00bb una elecci\u00f3n similar ante el mismo electorado.. Y que la explicaci\u00f3n de tal situaci\u00f3n puede ser la desaprobaci\u00f3n social al gobierno de MORENA en Veracruz o que Nahle, al no ser oriunda de Veracruz, la ciudadan\u00eda no quiere votar por ella..<\/p>\n\n\n\n<p>Por esa raz\u00f3n, cuenta \u00abGarganta Profunda\u00bb, es que dentro del equipo de campa\u00f1a de Sheinbaum.. Hay preocupaci\u00f3n por el tema de MORENA en Veracruz.. Ya que no desean que este asunto de Roc\u00edo o el \u00abestancamiento\u00bb de su campa\u00f1a a gobernador, en unas semanas pueda empezar AFECTAR la contienda Presidencial.. Y pueden provocar que Claudia sea \u00abarrastrada\u00bb por Nahle en Veracruz.. Cuando la ventaja de la candidata Presidencial es notable y estable.. Mientras que la de Roc\u00edo es todo lo contrario..<\/p>\n\n\n\n<p>Nos dice \u00abGarganta Profunda\u00bb que eso ha provocado algunas fricciones de los equipos de campa\u00f1a (el Presidencial y la gubernatura).. Y que lo que molest\u00f3 mucho en Palacio Nacional.. Fue cuando exhibieron la cantidad de camionetas de lujo con las cuales, se traslada la candidata a gobernador en sus giras por Veracruz.. Y que el reclamo fue que eso no lo trae, ni la candidata Presidencial.. El caso es que MORENA y Roc\u00edo se \u00abestancaron\u00bb en Veracruz.. La marca es la \u00fanica manera para que puedan ganar la 4T..<\/p>\n\n\n\n<p>OJO.. Ese \u00abestancamiento\u00bb de Roc\u00edo Nahle.. Se lo debe \u00abagradecer\u00bb a Palacio de Gobierno, que fue ah\u00ed donde sali\u00f3 esa campa\u00f1a en su contra, denostando su origen zacatecano.. Pero si a esto se le suma, los conflictos internos entre ella y el gobernador, Cuitl\u00e1huac Garc\u00eda, aunado a que a\u00fan no se dan a conocer las listas de los candidatos a diputados locales por Veracruz.. Y del \u00abfr\u00edo\u00bb con el que Nahle mantiene a funcionarios estatales de MORENA.. Es un \u00abcaldo de cultivo\u00bb para el estancamiento.. Y si esto sigue as\u00ed.. LA PUEDEN ALCANZAR.. AMEN<\/p>\n\n\n\n<p><strong>REGRESOS Y SALIDAS<\/strong>.. En estos d\u00edas se ha conocido la informaci\u00f3n de que muchos pol\u00edticos han regresado a sus partidos de origen.. Sobre todo en varias regiones de Veracruz.. Como es el caso de Juan Bueno Torio, empresario y que fue ex director de Pemex refinaci\u00f3n con Vicente Fox, ex diputado federal y ex senador, que regres\u00f3 al PAN, despu\u00e9s de haber jugado en 2016 una candidatura independiente a gobernador.. Ahora est\u00e1 apoyando a Pepe Yunes..<\/p>\n\n\n\n<p>Lo mismo sucedi\u00f3 con Angel Deschamps Falc\u00f3n, ex alcalde de Boca del R\u00edo y ex diputado local, que retorna al panismo despu\u00e9s de que estuvo por varios a\u00f1os en Movimiento Ciudadano.. Sus hijos fueron regidores de ese municipio con las siglas de MC.. Y \u00e9l fue candidato de este partido a diputado federal en 2021.. Pero ahora tambi\u00e9n han decido regresar al PAN con sus antiguos aliados y compa\u00f1eros y decidi\u00f3 hacer campa\u00f1a a favor de Miguel \u00c1ngel y Pepe Yunes..<\/p>\n\n\n\n<p>Pero as\u00ed como hubo regresos hac\u00eda el PAN.. Tambi\u00e9n hubo deserciones dentro de ese partido.. Y uno de ellos fue el ex alcalde de Medell\u00edn de Bravo, ex diputado local y ex regidor, Leopoldo Deschamps (sobrino de \u00c1ngel).. Se va de este partido.. Unos dicen que a MORENA y otros a MC.. Al final, esta salida no ha quedado clara.. Polo Deschamps busc\u00f3 en 2021 ser legislador local por el distrito de Medell\u00edn de Bravo, pero perdi\u00f3 la elecci\u00f3n.. Habr\u00e1 que ver que deciden..<\/p>\n\n\n\n<p>Lo que se rumora en el \u00abc\u00edrculo rojo\u00bb de Veracruz.. Es que estos regresos y salidas tienen sus \u00abcuotas\u00bb pol\u00edticas.. Se dice que Bueno Torio quiere ser candidato en 2025 a la alcald\u00eda de C\u00f3rdoba.. Mientras que \u00c1ngel Deschamps desea ser tomado en cuenta por el PAN para volver buscar ser alcalde de Boca del R\u00edo o que uno de sus hijos sea tomado en cuenta para otro cargo.. En tanto, Polo Deschamps buscar\u00eda ser candidato de MORENA o MC por la alcald\u00eda de Alvarado en 2025.. TODOS TRAEN PLAN CON \u00abMA\u00d1A\u00bb.. AMEN..<\/p>\n","protected":false},"excerpt":{"rendered":"<p>Ricardo Chua Sale y Vale EXCLUSIVA&#8230; Cuenta \u00abGarganta Profunda\u00bb que por alguna raz\u00f3n, que no hay una explicaci\u00f3n real, el comportamiento electoral en Veracruz est\u00e1 \u00abmuy raro\u00bb.. Ya que seg\u00fan los informes que tiene dentro de Palacio de Gobierno.. Es que mientras la candidatura de Presidencial de Claudia Sheinbaum por MORENA s\u00ed le lleva una [&hellip;]<\/p>\n","protected":false},"author":2,"featured_media":0,"comment_status":"closed","ping_status":"closed","sticky":false,"template":"","format":"standard","meta":{"_jetpack_newsletter_access":"","_jetpack_dont_email_post_to_subs":false,"_jetpack_newsletter_tier_id":0,"_jetpack_memberships_contains_paywalled_content":false,"_jetpack_memberships_contains_paid_content":false,"footnotes":""},"categories":[70],"tags":[9627,1305,1026,266,251,3578,195],"class_list":["post-117893","post","type-post","status-publish","format-standard","hentry","category-de-opinion","tag-claudia-sheinbaum","tag-juan-bueno-torio","tag-morena","tag-pan","tag-pri","tag-rocio-nahle","tag-veracruz"],"jetpack_featured_media_url":"","jetpack_sharing_enabled":true,"jetpack_shortlink":"https:\/\/wp.me\/p4Qcd3-uFv","_links":{"self":[{"href":"https:\/\/lospoliticosveracruz.com.mx\/index.php?rest_route=\/wp\/v2\/posts\/117893","targetHints":{"allow":["GET"]}}],"collection":[{"href":"https:\/\/lospoliticosveracruz.com.mx\/index.php?rest_route=\/wp\/v2\/posts"}],"about":[{"href":"https:\/\/lospoliticosveracruz.com.mx\/index.php?rest_route=\/wp\/v2\/types\/post"}],"author":[{"embeddable":true,"href":"https:\/\/lospoliticosveracruz.com.mx\/index.php?rest_route=\/wp\/v2\/users\/2"}],"replies":[{"embeddable":true,"href":"https:\/\/lospoliticosveracruz.com.mx\/index.php?rest_route=%2Fwp%2Fv2%2Fcomments&post=117893"}],"version-history":[{"count":2,"href":"https:\/\/lospoliticosveracruz.com.mx\/index.php?rest_route=\/wp\/v2\/posts\/117893\/revisions"}],"predecessor-version":[{"id":117908,"href":"https:\/\/lospoliticosveracruz.com.mx\/index.php?rest_route=\/wp\/v2\/posts\/117893\/revisions\/117908"}],"wp:attachment":[{"href":"https:\/\/lospoliticosveracruz.com.mx\/index.php?rest_route=%2Fwp%2Fv2%2Fmedia&parent=117893"}],"wp:term":[{"taxonomy":"category","embeddable":true,"href":"https:\/\/lospoliticosveracruz.com.mx\/index.php?rest_route=%2Fwp%2Fv2%2Fcategories&post=117893"},{"taxonomy":"post_tag","embeddable":true,"href":"https:\/\/lospoliticosveracruz.com.mx\/index.php?rest_route=%2Fwp%2Fv2%2Ftags&post=117893"}],"curies":[{"name":"wp","href":"https:\/\/api.w.org\/{rel}","templated":true}]}}