{"id":118173,"date":"2024-02-10T17:03:03","date_gmt":"2024-02-10T23:03:03","guid":{"rendered":"https:\/\/lospoliticosveracruz.com.mx\/?p=118173"},"modified":"2024-02-10T17:03:12","modified_gmt":"2024-02-10T23:03:12","slug":"mexico-es-audiovisual-pero-no-lo-sabe","status":"publish","type":"post","link":"https:\/\/lospoliticosveracruz.com.mx\/?p=118173","title":{"rendered":"M\u00c9XICO ES AUDIOVISUAL\u2026 PERO NO LO SABE"},"content":{"rendered":"\n<p><strong>Miguel Polanco<\/strong><\/p>\n\n\n\n<p>Acabo de echarme el Estudio Digital 2023 que elaboran We are Social y Meltwarter&#8230; y las cifras proyectadas para 2024 arrojan si no sorpresas, s\u00ed la abrumadora confirmaci\u00f3n de un dato particularmente interesante.<\/p>\n\n\n<div class=\"wp-block-image\">\n<figure class=\"alignleft size-medium\"><a href=\"https:\/\/lospoliticosveracruz.com.mx\/wp-content\/uploads\/2021\/10\/Zacauilt.jpg\"><img decoding=\"async\" src=\"https:\/\/lospoliticosveracruz.com.mx\/wp-content\/uploads\/2021\/10\/Zacauilt-150x300.jpg\" alt=\"\" class=\"wp-image-80558\"\/><\/a><\/figure><\/div>\n\n\n<p>Les explico.<\/p>\n\n\n\n<p>Los usuarios activos de redes sociales en M\u00e9xico representan 73.4% de la poblaci\u00f3n total en el pa\u00eds (126 millones de personas). De este porcentaje, 97.1% son mayores de edad.<\/p>\n\n\n\n<p>Para este 2024, la tendencia de uso ha sido la consulta de noticias, con un 45%.<\/p>\n\n\n\n<p>Pero \u00bfqui\u00e9n es qui\u00e9n de las redes sociales en M\u00e9xico? Pues s\u00ed: sigue siendo Facebook el l\u00edder en usuarios activos, con 35.5%, seguido de WhatsApp (25.8%) y TikTok (14.1%).<\/p>\n\n\n\n<p>Mas abajo y con una ca\u00edda fuerte est\u00e1 Instagram con 12.6% y la infravalorada X (antes Twitter) en el fondo con 3.5%.<\/p>\n\n\n\n<p>Pero aqu\u00ed viene el dato m\u00e1s interesante: el formato de contenido en redes sociales m\u00e1s consumido es, por m\u00e1s dif\u00edcil de creer que parezca, es el audiovisual, representado principalmente por TikTok y YouTube. Entre ambos suman m\u00e1s de 90 millones de usuarios, dando al formato audiovisual el primer lugar de consumo.<\/p>\n\n\n\n<p>Pero ah\u00ed no queda el asunto.<\/p>\n\n\n\n<p>Resulta que del tr\u00e1fico de contenidos (que circulan por algoritmo en una misma red o que son transportados de red en red); Facebook y YouTube suman el 83% de los usuarios totales en M\u00e9xico.<\/p>\n\n\n\n<p>Como ustedes saben, el cine es un medio audiovisual y entra en esta categor\u00eda como t\u00e9cnica de realizaci\u00f3n.<\/p>\n\n\n\n<p>Con estas cifras, me resulta incre\u00edble que en pleno a\u00f1o electoral 2024, quienes aspiran a cargos de elecci\u00f3n popular, sigan desestimando el poder del audiovisual y no le inviertan&#8230; porque todav\u00eda hay qui\u00e9n le llama \u00abhobbie\u00bb a esta profesi\u00f3n.<\/p>\n\n\n\n<p>La industria audiovisual en M\u00e9xico es tit\u00e1n de amplia influencia, que lamentablemente est\u00e1 sostenido por la incredulidad, aunque los n\u00fameros arrojen su espectacular potencial de eficiencia en un pa\u00eds donde las elecciones, en efecto, s\u00ed se pueden definir en un gran porcentaje dentro de las redes sociales.<\/p>\n\n\n\n<p>Ah\u00ed pa que le piensen, candidatas y candidatos. Est\u00e1n a tiempo.<\/p>\n","protected":false},"excerpt":{"rendered":"<p>Miguel Polanco Acabo de echarme el Estudio Digital 2023 que elaboran We are Social y Meltwarter&#8230; y las cifras proyectadas para 2024 arrojan si no sorpresas, s\u00ed la abrumadora confirmaci\u00f3n de un dato particularmente interesante. Les explico. Los usuarios activos de redes sociales en M\u00e9xico representan 73.4% de la poblaci\u00f3n total en el pa\u00eds (126 [&hellip;]<\/p>\n","protected":false},"author":2,"featured_media":0,"comment_status":"closed","ping_status":"closed","sticky":false,"template":"","format":"standard","meta":{"_jetpack_newsletter_access":"","_jetpack_dont_email_post_to_subs":false,"_jetpack_newsletter_tier_id":0,"_jetpack_memberships_contains_paywalled_content":false,"_jetpack_memberships_contains_paid_content":false,"footnotes":""},"categories":[70],"tags":[16586],"class_list":["post-118173","post","type-post","status-publish","format-standard","hentry","category-de-opinion","tag-miguel-polanco"],"jetpack_featured_media_url":"","jetpack_sharing_enabled":true,"jetpack_shortlink":"https:\/\/wp.me\/p4Qcd3-uK1","_links":{"self":[{"href":"https:\/\/lospoliticosveracruz.com.mx\/index.php?rest_route=\/wp\/v2\/posts\/118173","targetHints":{"allow":["GET"]}}],"collection":[{"href":"https:\/\/lospoliticosveracruz.com.mx\/index.php?rest_route=\/wp\/v2\/posts"}],"about":[{"href":"https:\/\/lospoliticosveracruz.com.mx\/index.php?rest_route=\/wp\/v2\/types\/post"}],"author":[{"embeddable":true,"href":"https:\/\/lospoliticosveracruz.com.mx\/index.php?rest_route=\/wp\/v2\/users\/2"}],"replies":[{"embeddable":true,"href":"https:\/\/lospoliticosveracruz.com.mx\/index.php?rest_route=%2Fwp%2Fv2%2Fcomments&post=118173"}],"version-history":[{"count":1,"href":"https:\/\/lospoliticosveracruz.com.mx\/index.php?rest_route=\/wp\/v2\/posts\/118173\/revisions"}],"predecessor-version":[{"id":118175,"href":"https:\/\/lospoliticosveracruz.com.mx\/index.php?rest_route=\/wp\/v2\/posts\/118173\/revisions\/118175"}],"wp:attachment":[{"href":"https:\/\/lospoliticosveracruz.com.mx\/index.php?rest_route=%2Fwp%2Fv2%2Fmedia&parent=118173"}],"wp:term":[{"taxonomy":"category","embeddable":true,"href":"https:\/\/lospoliticosveracruz.com.mx\/index.php?rest_route=%2Fwp%2Fv2%2Fcategories&post=118173"},{"taxonomy":"post_tag","embeddable":true,"href":"https:\/\/lospoliticosveracruz.com.mx\/index.php?rest_route=%2Fwp%2Fv2%2Ftags&post=118173"}],"curies":[{"name":"wp","href":"https:\/\/api.w.org\/{rel}","templated":true}]}}