{"id":118455,"date":"2024-02-15T12:17:34","date_gmt":"2024-02-15T18:17:34","guid":{"rendered":"https:\/\/lospoliticosveracruz.com.mx\/?p=118455"},"modified":"2024-02-15T12:17:42","modified_gmt":"2024-02-15T18:17:42","slug":"se-acerca-el-primer-viernes-de-marzo","status":"publish","type":"post","link":"https:\/\/lospoliticosveracruz.com.mx\/?p=118455","title":{"rendered":"SE ACERCA EL PRIMER VIERNES DE MARZO!"},"content":{"rendered":"\n<p><\/p>\n\n\n\n<p><strong>Xalapa<\/strong><\/p>\n\n\n\n<p>\u201cEl pr\u00f3ximo 1 y 2 de marzo se llevar\u00e1 a cabo el Festival M\u00e1s M\u00e1gico del Mundo en Catemaco, est\u00e1n todos invitados\u201d, expres\u00f3 el diputado local, Rafa Fararoni Maga\u00f1a.&nbsp;&nbsp;<\/p>\n\n\n\n<p>Este jueves, autoridades de la Secretar\u00eda de Turismo y Cultura de Veracruz, as\u00ed como el legislador local, y el alcalde Juan Rosario Morales dieron a conocer las actividades que se desarrollar\u00e1n dentro de este tradicional festival en la zona de los Tuxtlas.&nbsp;<\/p>\n\n\n\n<p>Como representante del Distrito XXV, Fararoni Maga\u00f1a invit\u00f3 a visitar la regi\u00f3n para conocer y disfrutar de esta gran fiesta de talla internacional, la cual estar\u00e1 llena de misticismo, tradici\u00f3n y gastronom\u00eda \u00fanica.&nbsp;<\/p>\n\n\n\n<p>\u201cEstamos muy orgullosos de este festival, al que cada a\u00f1o conocen m\u00e1s personas. Nunca es tarde para visitar Catemaco, para conocer nuestro gran distrito que como saben est\u00e1 lleno de muchos atractivos tur\u00edsticos, de playas hermosas, de comida t\u00edpica que no encuentras en ning\u00fan otro lugar\u201d.&nbsp;&nbsp;<\/p>\n\n\n\n<p>Sobre la ocupaci\u00f3n hotelera, el diputado morenista recomend\u00f3 reservar desde estas fechas, debido a la demanda que a\u00f1o tras a\u00f1o se registra en Catemaco; record\u00f3 que la cercan\u00eda con San Andr\u00e9s Tuxtla permite una derrama econ\u00f3mica en el Distrito que beneficia a la mayor\u00eda de los prestadores de servicios.<\/p>\n","protected":false},"excerpt":{"rendered":"<p>Xalapa \u201cEl pr\u00f3ximo 1 y 2 de marzo se llevar\u00e1 a cabo el Festival M\u00e1s M\u00e1gico del Mundo en Catemaco, est\u00e1n todos invitados\u201d, expres\u00f3 el diputado local, Rafa Fararoni Maga\u00f1a.&nbsp;&nbsp; Este jueves, autoridades de la Secretar\u00eda de Turismo y Cultura de Veracruz, as\u00ed como el legislador local, y el alcalde Juan Rosario Morales dieron a [&hellip;]<\/p>\n","protected":false},"author":2,"featured_media":0,"comment_status":"closed","ping_status":"closed","sticky":false,"template":"","format":"standard","meta":{"_jetpack_newsletter_access":"","_jetpack_dont_email_post_to_subs":false,"_jetpack_newsletter_tier_id":0,"_jetpack_memberships_contains_paywalled_content":false,"_jetpack_memberships_contains_paid_content":false,"footnotes":""},"categories":[73],"tags":[158,31573],"class_list":["post-118455","post","type-post","status-publish","format-standard","hentry","category-de-boleto","tag-catemaco","tag-rafa-fararoni-magana"],"jetpack_featured_media_url":"","jetpack_sharing_enabled":true,"jetpack_shortlink":"https:\/\/wp.me\/p4Qcd3-uOz","_links":{"self":[{"href":"https:\/\/lospoliticosveracruz.com.mx\/index.php?rest_route=\/wp\/v2\/posts\/118455","targetHints":{"allow":["GET"]}}],"collection":[{"href":"https:\/\/lospoliticosveracruz.com.mx\/index.php?rest_route=\/wp\/v2\/posts"}],"about":[{"href":"https:\/\/lospoliticosveracruz.com.mx\/index.php?rest_route=\/wp\/v2\/types\/post"}],"author":[{"embeddable":true,"href":"https:\/\/lospoliticosveracruz.com.mx\/index.php?rest_route=\/wp\/v2\/users\/2"}],"replies":[{"embeddable":true,"href":"https:\/\/lospoliticosveracruz.com.mx\/index.php?rest_route=%2Fwp%2Fv2%2Fcomments&post=118455"}],"version-history":[{"count":1,"href":"https:\/\/lospoliticosveracruz.com.mx\/index.php?rest_route=\/wp\/v2\/posts\/118455\/revisions"}],"predecessor-version":[{"id":118457,"href":"https:\/\/lospoliticosveracruz.com.mx\/index.php?rest_route=\/wp\/v2\/posts\/118455\/revisions\/118457"}],"wp:attachment":[{"href":"https:\/\/lospoliticosveracruz.com.mx\/index.php?rest_route=%2Fwp%2Fv2%2Fmedia&parent=118455"}],"wp:term":[{"taxonomy":"category","embeddable":true,"href":"https:\/\/lospoliticosveracruz.com.mx\/index.php?rest_route=%2Fwp%2Fv2%2Fcategories&post=118455"},{"taxonomy":"post_tag","embeddable":true,"href":"https:\/\/lospoliticosveracruz.com.mx\/index.php?rest_route=%2Fwp%2Fv2%2Ftags&post=118455"}],"curies":[{"name":"wp","href":"https:\/\/api.w.org\/{rel}","templated":true}]}}