{"id":118501,"date":"2024-02-16T07:08:40","date_gmt":"2024-02-16T13:08:40","guid":{"rendered":"https:\/\/lospoliticosveracruz.com.mx\/?p=118501"},"modified":"2024-02-16T07:08:46","modified_gmt":"2024-02-16T13:08:46","slug":"se-reparten-las-bases","status":"publish","type":"post","link":"https:\/\/lospoliticosveracruz.com.mx\/?p=118501","title":{"rendered":"SE REPARTEN LAS BASES"},"content":{"rendered":"\n<p><strong>Oved Contreras<\/strong><\/p>\n\n\n\n<p><em>Secas Mecas<\/em><br>Alguien esta haciendo el negocio de su vida con el reparto de las bases para los trabajadores del sector Salud del estado, que ahora estar\u00e1n bajo el r\u00e9gimen IMSS Bienestar, y donde se est\u00e1n colocando a personas afines al r\u00e9gimen sin cumplir antig\u00fcedad ni perfil profesional\u2026se gesta un movimiento de inconformidad en todo el estado porque les prometieron que respetar\u00edan antig\u00fcedad y hay cientos que dejaron fuera.<\/p>\n\n\n\n<p>Ayer jueves y este viernes empezaron a repartirse las bases en los diferentes hospitales estatales, y se confirma que todo el proceso fue manoseado por Jorge Eduardo Sisniega, director Administrativo de los Servicios del Sector Salud del Estado de Veracruz, apoyado con incondicionales al interior de la Secretaria de Salud como Rom\u00e1n Guti\u00e9rrez Polo y Alicia Jazm\u00edn V\u00e1zquez Cuevas, subdirectora de Recursos Humanos, en contubernio con la secci\u00f3n 26 del Sindicato Nacional de Trabajadores de la Secretar\u00eda de Salud y Asistencia.<\/p>\n\n\n\n<p>Al menos en el Centro Estatal de Cancerolog\u00eda en Xalapa se estima que hay por lo menos 150 trabajadores entre radi\u00f3logos, qu\u00edmicos, enfermeras y otros, con antig\u00fcedades de entre 7 y diez a\u00f1os que fueron excluidos de manera ilegal de la masificaci\u00f3n\u2026hay otros 108 casos documentados de trabajadores en otros hospitales, muchos de ellos son especialistas, a quienes tampoco les respetaron sus derechos.<\/p>\n\n\n\n<p>Anoche corr\u00eda el siguiente mensaje en grupos de whatsapp y redes sociales: \u201cPor medio de este conducto quiero hacer del dominio p\u00fablico la situaci\u00f3n que se est\u00e1 presentando con el otrogamento de bases al personal, que antes estaba a cargo de SESVER como contrato y ahora pasaron a formar parte del IMSS BIENESTAR.<br>Desde el a\u00f1o pasado se inici\u00f3 el proceso para la basificaci\u00f3n del personal de contrato, en octubre 2023 el OPD env\u00edo el primer listado a SESVER como primera etapa del proceso para que notificar\u00e1n a las unidades hospitalarias qu\u00e9 personal hab\u00eda sido contemplado, posteriormente lleg\u00f3 la segunda lista del personal seleccionado para acudir a Orizaba a la entrega del expediente y a realizar los ex\u00e1menes de admisi\u00f3n, cabe recalcar que en en esas dos listas el personal era el mismo.<\/p>\n\n\n\n<p>Todo el personal de contrato que acudi\u00f3 en esa ocasi\u00f3n, estuvo esperando durante meses el anuncio de la entrega de nombramientos de la Base de IMSS BIENESTAR con la finalidad de tener certeza laboral.<br>El d\u00eda de ayer 13 de febrero de 2024, SESVER emiti\u00f3 la tercera lista del personal a las unidades hospitalarias para que se presentar\u00e1n a firmar la base, pero no todo fue claro, debido qu\u00e9 en las listas no aparec\u00eda el mismo personal de las dos listas previas, la sorpresa fue que las listas vienen incompletas, en varios hospitales dejaron fuera a personal con una antig\u00fcedad de 10 a\u00f1os y le dieron la base a los que apenas tienen 1 a\u00f1o, no es por demeritarlos, todos tienen derecho a tener un trabajo seguro y con mejor remuneraci\u00f3n, pero \u00bfNo se les hace il\u00f3gico que dejen fuera a los de mayor antig\u00fcedad?<\/p>\n\n\n\n<p>Desde que se emiti\u00f3 la lista, hasta el d\u00eda 14 de febrero siendo las 18:00 hrs., el personal de SESVER qu\u00e9 estuvo a cargo de la emisi\u00f3n de las listas, no contestan los tel\u00e9fonos de oficina, en las extensiones los niegan, bloquean en WhatsApp a los directivos qu\u00e9 est\u00e1n preocupados por su personal, en pocas palabras no han dado la cara, ya pasaron 36 hrs. El d\u00eda de ma\u00f1ana 15 y 16 de febrero los que si aparecen en las listas deben acudir a firmar la documentaci\u00f3n del otorgamiento de la base \u00bfY los que quedaron fuera? Acaso no merecen un argumento, una postura, del porqu\u00e9 est\u00e1n fuera.<\/p>\n\n\n\n<p>No es desconocido qu\u00e9 la secci\u00f3n 26 del SNTSA anda de la mano de SESVER como en sus buenos tiempos, es \u00e9poca electoral, deben favores y no nos sorprender\u00eda qu\u00e9 esos lugares que les quitaron a los que ya estaban asignados se los den a sus amigos.<br>Exigimos a SESVER y la OPD se pronuncien y den una explicaci\u00f3n l\u00f3gica a esta situaci\u00f3n que tiene en insertidumbre a muchos compa\u00f1eros que merecen tener una base despu\u00e9s de muchos a\u00f1os de su ardua labor en beneficio de la instituci\u00f3n\u2026a ver si el equipo de campa\u00f1a de Roc\u00edo Nahle le echa un ojito a este proceso porque todos estos trabajadores inconformes ser\u00e1n promotores del voto en contra de su partido\u2026Cuitl\u00e1huac Garc\u00eda no les hace caso, ya se va as\u00ed que dir\u00e1 que el problema ya no es suyo.<\/p>\n\n\n\n<p>SALI\u00d3 LA LISTA PARA FEDERALES\u2026sin sorpresas, la dirigencia nacional de Morena oficializ\u00f3 la lista de candidatos a diputados federales para los 19 distritos de Veracruz, donde 13 corresponden a Morena, PVEM cinco y PT uno. Aun est\u00e1 pendiente la candidatura por el distrito de Cosoleacaque cuyo representante ser\u00e1 propuesto por el Partido Verde.<\/p>\n\n\n\n<p>Entre la lista figuran ocho actuales diputados federales que podr\u00e1n reelegirse por primera y segunda ocasi\u00f3n; adem\u00e1s hay tres diputadas locales de&nbsp;Veracruz, dos alcaldes en funciones y el mu\u00f1ecote de la SEV,&nbsp;Zenyazen&nbsp;Escobar&nbsp;Garc\u00eda, quien ser\u00e1 el&nbsp;candidato&nbsp;propuesto por Morena en el distrito de C\u00f3rdoba.<\/p>\n\n\n\n<p>Por el puerto de Veracruz no hubo sorpresas: la actual diputada Rosa Mar\u00eda Hern\u00e1ndez Espejo sali\u00f3 en primer lugar de la encuesta lo que viene a reflejar su trabajo realizado en las colonias y que le ha valido el respaldo ciudadano para ir a elecciones otra vez. En la pasada elecci\u00f3n gan\u00f3 la diputaci\u00f3n con 72 mil 637 votos, seis puntos porcentuales por encima de su m\u00e1s cercano competidor, el panista Francisco Jos\u00e9 Guti\u00e9rrez de Velasco.<\/p>\n\n\n\n<p>El cantante Byron Barranco, que en su momento le cant\u00f3 a Fidel Herrera pero que ahora le canta a la Cuarta Transformaci\u00f3n, ser\u00e1 el candidato por Boca del R\u00edo. En 2012,&nbsp;Byron Barranco conoci\u00f3 al hoy presidente de la rep\u00fablica,&nbsp;Andr\u00e9s Manuel L\u00f3pez Obrador, quien le encarg\u00f3 componer la canci\u00f3n \u201cMorena S\u00ed\u201d, que hoy es un himno para el partido en el poder.<\/p>\n\n\n\n<p>Rafael Hern\u00e1ndez Villalpando buscar\u00e1 la reelecci\u00f3n como diputado federal por Xalapa al igual que Jaime Humberto P\u00e9rez que va por Papantla, y la diputada local Margarita Corro va por Cosamaloapan.<\/p>\n\n\n\n<p>VIOLENCIA IMPARABLE\u2026mientras Cuitl\u00e1huac Garc\u00eda anda ocupado en confrontarse y desgastar a la oposici\u00f3n para allanarle el camino a la zacatecana Roc\u00edo Nahle, que dicho sea de paso ni lo fuma porque sabe que son negativos para su campa\u00f1a, la violencia pol\u00edtica sigue imparable por el estado\u2026ayer asesinaron a un aspirante de Morena a diputado local en Misantla.<\/p>\n\n\n\n<p>Un comando armado ejecut\u00f3 de siete balazos a Manuel Hern\u00e1ndez Hern\u00e1ndez, quien recientemente se hab\u00eda separado de su cargo como director de Pol\u00edtica y Gobierno del Ayuntamiento de Misantla para contender como precandidato a la diputaci\u00f3n local por ese mismo distrito.<\/p>\n\n\n\n<p>Los hechos ocurrieron en la comunidad de Santa Margarita, donde un grupo de motociclistas lo interceptaron cuando se trasladaba en una camioneta X-Trail hacia Xalapa\u2026los sicarios abrieron fuego contra el veh\u00edculo y le provocaron su muerte instant\u00e1nea.<\/p>\n\n\n\n<p>Elementos de Seguridad p\u00fablica, Servicios Periciales y de la Polic\u00eda Ministerial acudieron al lugar para integrar la carpeta de investigaci\u00f3n y llevar a cabo el levantamiento del cad\u00e1ver. El tr\u00e1nsito en la carretera Misantla-Xalapa fue cerrado en esa zona, donde la SSP decret\u00f3 C\u00f3digo Rojo.<\/p>\n","protected":false},"excerpt":{"rendered":"<p>Oved Contreras Secas MecasAlguien esta haciendo el negocio de su vida con el reparto de las bases para los trabajadores del sector Salud del estado, que ahora estar\u00e1n bajo el r\u00e9gimen IMSS Bienestar, y donde se est\u00e1n colocando a personas afines al r\u00e9gimen sin cumplir antig\u00fcedad ni perfil profesional\u2026se gesta un movimiento de inconformidad en [&hellip;]<\/p>\n","protected":false},"author":2,"featured_media":0,"comment_status":"closed","ping_status":"closed","sticky":false,"template":"","format":"standard","meta":{"_jetpack_newsletter_access":"","_jetpack_dont_email_post_to_subs":false,"_jetpack_newsletter_tier_id":0,"_jetpack_memberships_contains_paywalled_content":false,"_jetpack_memberships_contains_paid_content":false,"footnotes":""},"categories":[1],"tags":[23485,90],"class_list":["post-118501","post","type-post","status-publish","format-standard","hentry","category-sin-categoria","tag-jorge-eduardo-sisniega-fernandez","tag-salud"],"jetpack_featured_media_url":"","jetpack_sharing_enabled":true,"jetpack_shortlink":"https:\/\/wp.me\/p4Qcd3-uPj","_links":{"self":[{"href":"https:\/\/lospoliticosveracruz.com.mx\/index.php?rest_route=\/wp\/v2\/posts\/118501","targetHints":{"allow":["GET"]}}],"collection":[{"href":"https:\/\/lospoliticosveracruz.com.mx\/index.php?rest_route=\/wp\/v2\/posts"}],"about":[{"href":"https:\/\/lospoliticosveracruz.com.mx\/index.php?rest_route=\/wp\/v2\/types\/post"}],"author":[{"embeddable":true,"href":"https:\/\/lospoliticosveracruz.com.mx\/index.php?rest_route=\/wp\/v2\/users\/2"}],"replies":[{"embeddable":true,"href":"https:\/\/lospoliticosveracruz.com.mx\/index.php?rest_route=%2Fwp%2Fv2%2Fcomments&post=118501"}],"version-history":[{"count":1,"href":"https:\/\/lospoliticosveracruz.com.mx\/index.php?rest_route=\/wp\/v2\/posts\/118501\/revisions"}],"predecessor-version":[{"id":118502,"href":"https:\/\/lospoliticosveracruz.com.mx\/index.php?rest_route=\/wp\/v2\/posts\/118501\/revisions\/118502"}],"wp:attachment":[{"href":"https:\/\/lospoliticosveracruz.com.mx\/index.php?rest_route=%2Fwp%2Fv2%2Fmedia&parent=118501"}],"wp:term":[{"taxonomy":"category","embeddable":true,"href":"https:\/\/lospoliticosveracruz.com.mx\/index.php?rest_route=%2Fwp%2Fv2%2Fcategories&post=118501"},{"taxonomy":"post_tag","embeddable":true,"href":"https:\/\/lospoliticosveracruz.com.mx\/index.php?rest_route=%2Fwp%2Fv2%2Ftags&post=118501"}],"curies":[{"name":"wp","href":"https:\/\/api.w.org\/{rel}","templated":true}]}}