{"id":118754,"date":"2024-02-21T08:12:13","date_gmt":"2024-02-21T14:12:13","guid":{"rendered":"https:\/\/lospoliticosveracruz.com.mx\/?p=118754"},"modified":"2024-02-21T08:23:16","modified_gmt":"2024-02-21T14:23:16","slug":"la-uvi-y-el-inventor","status":"publish","type":"post","link":"https:\/\/lospoliticosveracruz.com.mx\/?p=118754","title":{"rendered":"LA UVI Y EL INVENTOR"},"content":{"rendered":"\n<p><\/p>\n\n\n\n<p><strong>Omar Z\u00fa\u00f1iga<\/strong><\/p>\n\n\n\n<p><em>De Primera Mano<\/em><\/p>\n\n\n\n<p>En el colmo de la insensatez y en medio de una crisis \u00bfpresupuestal? En la Universidad Veracuzana, el rectorcito Gerardo Mart\u00edn Aguilar S\u00e1nchez se avent\u00f3 la puntada de reconoceer a Cuitl\u00e1huac Garc\u00eda como \u00a1inventor!<\/p>\n\n\n<div class=\"wp-block-image\">\n<figure class=\"alignleft size-medium\"><a href=\"https:\/\/lospoliticosveracruz.com.mx\/wp-content\/uploads\/2021\/10\/Zacauilt.jpg\"><img decoding=\"async\" src=\"https:\/\/lospoliticosveracruz.com.mx\/wp-content\/uploads\/2021\/10\/Zacauilt-150x300.jpg\" alt=\"\" class=\"wp-image-80558\"\/><\/a><\/figure><\/div>\n\n\n<p>Debi\u00f3 ser de ese grado la verg\u00fcenza en la misma UV, que en el bolet\u00edn oficial s\u00f3lo hay una fotograf\u00eda donde aparece el gobernador, y hay necesidad de scrollear hasta abajo del comunicado.<\/p>\n\n\n\n<p>\u201cAutoridades de la Universidad Veracruzana (UV), encabezadas por Mart\u00edn Aguilar S\u00e1nchez, reconocieron a autores y autoras de 17 inventos que han cumplido con su registro ante el Instituto Mexicano de la Propiedad Industrial (IMPI), en ceremonia desarrollada en conmemoraci\u00f3n del D\u00eda del Inventor Mexicano (17 de febrero), realizada en la Unidad de Servicios Bibliotecarios y de Informaci\u00f3n (USBI), con transmisi\u00f3n a todas las regiones\u201d.&nbsp;<\/p>\n\n\n\n<p>\u201cRecibieron reconocimientos autoras y autores de siete inventos con registro ante el IMPI, de las regiones Xalapa y Orizaba-C\u00f3rdoba en el periodo de febrero 2023-enero 2024, as\u00ed como de 10 inventos de las regiones Xalapa y Veracruz, con patente otorgada por el IMPI en el mismo periodo\u201d.&nbsp;&nbsp;<\/p>\n\n\n\n<p>En la categor\u00eda de patentes, se reconoci\u00f3 a una invenci\u00f3n conjunta de acad\u00e9micos de las regiones de Xalapa y Veracruz: \u201cTrib\u00f3metro Electrohidr\u00e1ulico\u201d en la que participaron (\u2026) Cuitl\u00e1huac Garc\u00eda Jim\u00e9nez \u2014gobernador del Estado de Veracruz\u2014 (sic)\u201d.<\/p>\n\n\n\n<p>Aunque este asunto, no por justo y bien trovado, deja de ser puro cuento, si al menos le hubieran reconocido la invenci\u00f3n del fin de semana a media semana, los trenes a\u00e9reos o la incre\u00edble capacidad que tiene para inventar pretextos y disfrazar su inutilidad, seguro nadie lo pondr\u00eda en duda.<\/p>\n\n\n\n<p>Sin embargo, no fue as\u00ed.<\/p>\n\n\n\n<p>El rectorcito hace un evento p\u00fablico y premia a un gobernador inepto, pero este es no el quid del asunto, se trata de la Universidad Veracruzana en s\u00ed misma.<\/p>\n\n\n\n<p>Se sacan de la mano este evento en un lunes, supuestamente celebrando el d\u00eda del inventor -que cay\u00f3 en s\u00e1bado- para tratar de meter un tema en la agenda medi\u00e1tica (supongo que esa fue la estrategia de sus lumbreras en Comunicaci\u00f3n), para desviar la atenci\u00f3n de un asunto de la mayor&nbsp;&nbsp;importancia, no s\u00f3lo para la vida unversitaria.<\/p>\n\n\n\n<p>Se trata de la desaparici\u00f3n de la licenciatura en Agroecolog\u00eda y Soberan\u00eda Alimentaria (LASA) en la UVI (Universidad Veracruzana Intercultural), la falta de recursos, el principal argumento.<\/p>\n\n\n\n<p>Catedr\u00e1ticos consultados al respecto aseguran que todo deriva de u aaougnaentre ell rector de l UVI Daniel Bello L\u00f3pez y el Mart\u00edn Aguilar.<\/p>\n\n\n\n<p>Haiga sido como sido -dijo el \u00ednclito-, los afectados son los alumnos y ser\u00eda el principio para borrar de un plumazo a la UVI en su conjunto.<\/p>\n\n\n\n<p>Craso error.<\/p>\n\n\n\n<p>La UVI tiene incluso certiicaci\u00f3n de calidad, realizada por el Conaed (Consejo para la Acreditaci\u00f3n de la Ense\u00f1anza del Derecho A.C.), organizaci\u00f3n civil sin fines de lucro que se constituy\u00f3 en febrero de 2003, y que en 2006 fue reconocido como organismo acreditador por el Copaes (Consejo para la Acreditaci\u00f3n de la Educaci\u00f3n Superior), que es&nbsp;&nbsp;su vez a instancia capacitada y reconocida por el Gobierno Federal, a trav\u00e9s de la Secretar\u00eda de Educaci\u00f3n P\u00fablica (SEP), para conferir reconocimiento formal a organizaciones que busquen acreditar programas acad\u00e9micos de educaci\u00f3n superior ofrecidos por instituciones p\u00fablicas y particulares.<\/p>\n\n\n\n<p>Para dar una idea de lo que hace Conamed, se h encargado de acreditar prrogramas de mi alma mater, la UNAM en sus campus Acatl\u00e1n y Arag\u00f3n, la Universidad Panamericana o el Tec de Monterrey.<\/p>\n\n\n\n<p>Los est\u00e1ndares de la UVI osn altos y desaparecer, la LASA de entrada, es una idiotez, ya sea por la supuesta falta de recursos o por pugnas internas, mejor que se vayan Mart\u00edn Aguilar y Daniel&nbsp;&nbsp;Bello, que mejor har\u00e1n a la Universidad.<\/p>\n\n\n\n<p>Este tema no le mereci\u00f3 ning\u00fan tipo de informacion oficial a Comunicaci\u00f3n Universitaria, hasta este martes 20 de febrero -mucho tiempo despu\u00e9s de las protestas de los alumnos- para decir sin m\u00e1s que la LASA ser\u00e1 incluida en la oferta educativa 2024, pero s\u00f3lo en la regi\u00f3n Altas Monta\u00f1as,&nbsp;&nbsp;los dem\u00f1as r\u00e1scanse como puedan. \u00a1Qu\u00e9 poca madre!<\/p>\n\n\n\n<p>*****<\/p>\n\n\n\n<p>Para documentar el optimismo.<\/p>\n\n\n\n<p>Visto est\u00e1 que la falta de capacidad es condici\u00f3n sine qua non para trabajar en el gobierno de Cuitl\u00e1huac Garc\u00eda, no hay duda.<\/p>\n\n\n\n<p>Sin embargo, esta misma condici\u00f3n la quiere aplicar Roc\u00edo Nahle antes incluso de que empiecen las campa\u00f1as.<\/p>\n\n\n\n<p>Resulta que Jos\u00e9 Luis Pe\u00f1a Pe\u00f1a, esposo de la candidata de Morena a la gubernatura de Veracruz, la zacatecana Roc\u00edo Nahle, fue grabado cometiendo delitos electorales \u2013sin recato alguno- y exhibido en redes sociales.<\/p>\n\n\n\n<p>En plena intercampa\u00f1a donde no se puede hacer proselistismo, el orgulloso c\u00f3nyuge fue invitado el pasado 18 de febrero a la Asamblea General Ordinaria de la Asociaci\u00f3n Ganadera Local General de Sayula de Alem\u00e1n, junto al presidente municipal petista de Jes\u00fas Carranza, Pasiano Rueda Canseco (encarcelado por el gobierno de Cuitl\u00e1huac y enemigo jurado), y el subsecretario de Ganader\u00eda y Pesca de la Sedarpa, Humberto Amador Zaragoza.<\/p>\n\n\n\n<p>En el video, el orgulloso preprimer damo, en el uso de la voz, ofrece apoyos a los ganaderos a su nombre y el de su esposa Roc\u00edo Nahle y sin pelos en la lengua acepta que \u00e9l ocupar\u00e1 un cargo en el gabinete, para decidir \u201ccomo gente de campo que es\u201d.<\/p>\n\n\n\n<p>Sin empacho alguno, reitera \u201cacu\u00e9rdense, mi nombre es Jos\u00e9 Luis Pe\u00f1a Pe\u00f1a, yo este le hab\u00eda dicho a la candidata que primeramente Dios yo voy a estar ah\u00ed, y cualquier problema que ustedes tengan, si ganamos, que vamos a ganar, porque es inminente, yo voy a estar en el \u00e1rea de la ganader\u00eda, sin un solo peso, sin cobrar nada. Lo \u00fanico que voy a hacer es estarlos apoyando a todos ustedes\u201d.<\/p>\n\n\n\n<p>\u201cQueremos (as\u00ed, en plural) que el campo tenga la mejor tecnolog\u00eda, la mejor tecnolog\u00eda que hay en el mundo la vamos a tener en el campo (\u2026), y si no la hay aqu\u00ed en M\u00e9xico la vamos a ir a buscar (sic)\u201d.<\/p>\n\n\n\n<p>Comentario al calce, Pepe Pe\u00f1a se refiere una y otra vez \u201cal senador\u201d, que si la l\u00f3gica nos acompa\u00f1a, debe ser Ernesto P\u00e9rez Astorga, como \u00fanico senador veracruzano, a menos claro que se haya tra\u00eddo al paisano de su esposa , el zacatecano Ricardo Monreal (jeje)<\/p>\n\n\n\n<p>Estamos pues ante un caso flagrante de delitos electorales. Actos anticipados de campa\u00f1a en los que nos anuncian adem\u00e1s que habr\u00e1 una pareja gubernamental (WTF), que pos si fuera poco, el pobre habla con errores ortogr\u00e1ficos. \u00a1La autoridad electoral debe actuar!<\/p>\n\n\n\n<p>\u00a1Qu\u00e9 barbaridad!<\/p>\n\n\n\n<p>deprimera.mano2020@gmail.com<\/p>\n","protected":false},"excerpt":{"rendered":"<p>Omar Z\u00fa\u00f1iga De Primera Mano En el colmo de la insensatez y en medio de una crisis \u00bfpresupuestal? En la Universidad Veracuzana, el rectorcito Gerardo Mart\u00edn Aguilar S\u00e1nchez se avent\u00f3 la puntada de reconoceer a Cuitl\u00e1huac Garc\u00eda como \u00a1inventor! Debi\u00f3 ser de ese grado la verg\u00fcenza en la misma UV, que en el bolet\u00edn oficial [&hellip;]<\/p>\n","protected":false},"author":2,"featured_media":0,"comment_status":"closed","ping_status":"closed","sticky":false,"template":"","format":"standard","meta":{"_jetpack_newsletter_access":"","_jetpack_dont_email_post_to_subs":false,"_jetpack_newsletter_tier_id":0,"_jetpack_memberships_contains_paywalled_content":false,"_jetpack_memberships_contains_paid_content":false,"footnotes":""},"categories":[70],"tags":[29146,3578],"class_list":["post-118754","post","type-post","status-publish","format-standard","hentry","category-de-opinion","tag-martin-aguilar-sanchez-2","tag-rocio-nahle"],"jetpack_featured_media_url":"","jetpack_sharing_enabled":true,"jetpack_shortlink":"https:\/\/wp.me\/p4Qcd3-uTo","_links":{"self":[{"href":"https:\/\/lospoliticosveracruz.com.mx\/index.php?rest_route=\/wp\/v2\/posts\/118754","targetHints":{"allow":["GET"]}}],"collection":[{"href":"https:\/\/lospoliticosveracruz.com.mx\/index.php?rest_route=\/wp\/v2\/posts"}],"about":[{"href":"https:\/\/lospoliticosveracruz.com.mx\/index.php?rest_route=\/wp\/v2\/types\/post"}],"author":[{"embeddable":true,"href":"https:\/\/lospoliticosveracruz.com.mx\/index.php?rest_route=\/wp\/v2\/users\/2"}],"replies":[{"embeddable":true,"href":"https:\/\/lospoliticosveracruz.com.mx\/index.php?rest_route=%2Fwp%2Fv2%2Fcomments&post=118754"}],"version-history":[{"count":2,"href":"https:\/\/lospoliticosveracruz.com.mx\/index.php?rest_route=\/wp\/v2\/posts\/118754\/revisions"}],"predecessor-version":[{"id":118757,"href":"https:\/\/lospoliticosveracruz.com.mx\/index.php?rest_route=\/wp\/v2\/posts\/118754\/revisions\/118757"}],"wp:attachment":[{"href":"https:\/\/lospoliticosveracruz.com.mx\/index.php?rest_route=%2Fwp%2Fv2%2Fmedia&parent=118754"}],"wp:term":[{"taxonomy":"category","embeddable":true,"href":"https:\/\/lospoliticosveracruz.com.mx\/index.php?rest_route=%2Fwp%2Fv2%2Fcategories&post=118754"},{"taxonomy":"post_tag","embeddable":true,"href":"https:\/\/lospoliticosveracruz.com.mx\/index.php?rest_route=%2Fwp%2Fv2%2Ftags&post=118754"}],"curies":[{"name":"wp","href":"https:\/\/api.w.org\/{rel}","templated":true}]}}