{"id":118868,"date":"2024-02-22T17:12:38","date_gmt":"2024-02-22T23:12:38","guid":{"rendered":"https:\/\/lospoliticosveracruz.com.mx\/?p=118868"},"modified":"2024-02-22T17:12:55","modified_gmt":"2024-02-22T23:12:55","slug":"ebrard-pluri","status":"publish","type":"post","link":"https:\/\/lospoliticosveracruz.com.mx\/?p=118868","title":{"rendered":"EBRARD, PLURI"},"content":{"rendered":"\n<p><\/p>\n\n\n\n<p><\/p>\n\n\n\n<p><strong>Luis Bustos<\/strong><br><em>EnEstaHora<\/em><\/p>\n\n\n\n<p>Marcelo Ebrard, excanciller y exaspirante a la candidatura presidencial de Morena, hoy aparece entre los candidatos plurinominales al Senado de la rep\u00fablica\u2026 Solo que lo mandaron al lugar 7, que, hay que considerarlo, s\u00ed tiene posibilidades de entrar, sin embargo, su presencia y peso pol\u00edtico est\u00e1n siendo considerados como de menor importancia que otros personajes como Ad\u00e1n Augusto L\u00f3pez, Citlali Hern\u00e1ndez, Alejandro Esquer, Susana Harp, Gerardo Fern\u00e1ndez Noro\u00f1a y por un candidato fantasma, ya que no aparece su nombre solo la palabra RESERVADO.<\/p>\n\n\n\n<figure class=\"wp-block-image size-large\"><a href=\"https:\/\/lospoliticosveracruz.com.mx\/wp-content\/uploads\/2016\/07\/Seguro-Julio-Cerecedo-2.jpg\"><img decoding=\"async\" src=\"https:\/\/lospoliticosveracruz.com.mx\/wp-content\/uploads\/2016\/07\/Seguro-Julio-Cerecedo-2-1024x381.jpg\" alt=\"\" class=\"wp-image-105879\"\/><\/a><\/figure>\n\n\n\n<p>As\u00ed que desde ese lugar 7 de la lista, retorna al juego pol\u00edtico dentro de Morena para tratar de proyectarse hacia la poblaci\u00f3n en general rumbo al 2030\u2026Proyecto muy, pero muy lejano y que debe de tener, para ese entonces, a un gobierno en su quinto a\u00f1o de ejercicio y que, quien sabe si sea morenista.<\/p>\n\n\n\n<p>La verdad es que Marcelo regresa maltratado y humillado a las filas de Morena\u2026 Disciplina es disciplina y desde hoy quedan de lado y en el olvido sus gritos y argumentaciones sobre las supuestas irregularidades cometidas en el proceso interno por la ahora candidata oficial, Claudia Sheinbaum.<\/p>\n\n\n\n<p>Hay que esperar qu\u00e9 dicen los que eran sus fieles seguidores, entre ellos, una decena de actuales legisladores que dec\u00edan estar con \u00e9l, hasta las \u00faltimas consecuencias.<\/p>\n\n\n\n<p>\u00bfSer\u00e1 que sus aspiraciones vayan a quedar en un simple sue\u00f1o guajiro?.<\/p>\n","protected":false},"excerpt":{"rendered":"<p>Luis BustosEnEstaHora Marcelo Ebrard, excanciller y exaspirante a la candidatura presidencial de Morena, hoy aparece entre los candidatos plurinominales al Senado de la rep\u00fablica\u2026 Solo que lo mandaron al lugar 7, que, hay que considerarlo, s\u00ed tiene posibilidades de entrar, sin embargo, su presencia y peso pol\u00edtico est\u00e1n siendo considerados como de menor importancia que [&hellip;]<\/p>\n","protected":false},"author":2,"featured_media":0,"comment_status":"closed","ping_status":"closed","sticky":false,"template":"","format":"standard","meta":{"_jetpack_newsletter_access":"","_jetpack_dont_email_post_to_subs":false,"_jetpack_newsletter_tier_id":0,"_jetpack_memberships_contains_paywalled_content":false,"_jetpack_memberships_contains_paid_content":false,"footnotes":""},"categories":[70],"tags":[40342,12598,14703,1026,12046],"class_list":["post-118868","post","type-post","status-publish","format-standard","hentry","category-de-opinion","tag-citlali-hernandez","tag-gerardo-fernandez-norona","tag-marcelo-ebrard","tag-morena","tag-susana-harp"],"jetpack_featured_media_url":"","jetpack_sharing_enabled":true,"jetpack_shortlink":"https:\/\/wp.me\/p4Qcd3-uVe","_links":{"self":[{"href":"https:\/\/lospoliticosveracruz.com.mx\/index.php?rest_route=\/wp\/v2\/posts\/118868","targetHints":{"allow":["GET"]}}],"collection":[{"href":"https:\/\/lospoliticosveracruz.com.mx\/index.php?rest_route=\/wp\/v2\/posts"}],"about":[{"href":"https:\/\/lospoliticosveracruz.com.mx\/index.php?rest_route=\/wp\/v2\/types\/post"}],"author":[{"embeddable":true,"href":"https:\/\/lospoliticosveracruz.com.mx\/index.php?rest_route=\/wp\/v2\/users\/2"}],"replies":[{"embeddable":true,"href":"https:\/\/lospoliticosveracruz.com.mx\/index.php?rest_route=%2Fwp%2Fv2%2Fcomments&post=118868"}],"version-history":[{"count":1,"href":"https:\/\/lospoliticosveracruz.com.mx\/index.php?rest_route=\/wp\/v2\/posts\/118868\/revisions"}],"predecessor-version":[{"id":118870,"href":"https:\/\/lospoliticosveracruz.com.mx\/index.php?rest_route=\/wp\/v2\/posts\/118868\/revisions\/118870"}],"wp:attachment":[{"href":"https:\/\/lospoliticosveracruz.com.mx\/index.php?rest_route=%2Fwp%2Fv2%2Fmedia&parent=118868"}],"wp:term":[{"taxonomy":"category","embeddable":true,"href":"https:\/\/lospoliticosveracruz.com.mx\/index.php?rest_route=%2Fwp%2Fv2%2Fcategories&post=118868"},{"taxonomy":"post_tag","embeddable":true,"href":"https:\/\/lospoliticosveracruz.com.mx\/index.php?rest_route=%2Fwp%2Fv2%2Ftags&post=118868"}],"curies":[{"name":"wp","href":"https:\/\/api.w.org\/{rel}","templated":true}]}}