{"id":118871,"date":"2024-02-22T19:26:29","date_gmt":"2024-02-23T01:26:29","guid":{"rendered":"https:\/\/lospoliticosveracruz.com.mx\/?p=118871"},"modified":"2024-02-22T19:26:46","modified_gmt":"2024-02-23T01:26:46","slug":"naranjas-con-nahle","status":"publish","type":"post","link":"https:\/\/lospoliticosveracruz.com.mx\/?p=118871","title":{"rendered":"NARANJAS CON NAHLE!"},"content":{"rendered":"\n<p><\/p>\n\n\n\n<p><strong>\u00c1lamo Temapache<br><\/strong>Veracruz superar\u00e1 la crisis registrada por citricultores en a\u00f1os anteriores y volver\u00e1 a romper r\u00e9cords como uno de los primeros productores de naranja en el pa\u00eds y en el mundo, afirm\u00f3 la Ingeniera, Roc\u00edo Nahle Garc\u00eda.<\/p>\n\n\n<div class=\"wp-block-image\">\n<figure class=\"alignleft size-medium\"><a href=\"https:\/\/lospoliticosveracruz.com.mx\/wp-content\/uploads\/2023\/02\/Estancia.jpg\"><img decoding=\"async\" src=\"https:\/\/lospoliticosveracruz.com.mx\/wp-content\/uploads\/2023\/02\/Estancia-190x300.jpg\" alt=\"\" class=\"wp-image-102751\"\/><\/a><\/figure><\/div>\n\n\n<p>Desde la llamada \u201cCapital de la Naranja\u201d y \u201cPuerta de la Huasteca Veracruzana\u201d, Roc\u00edo Nahle destac\u00f3 que para las mujeres no existen barreras y en equipo se pueden lograr muchas cosas especialmente si hay actitud y elementos.<\/p>\n\n\n\n<p>En este di\u00e1logo con productores del c\u00edtrico, estos afirmaron que aunque la entidad mantiene el quinto lugar a nivel mundial como productor y aporta 51 por ciento de la producci\u00f3n nacional, requieren medidas para mitigar la crisis que por situaciones naturales como la sequ\u00eda y plagas, el sector ha resentido.<\/p>\n\n\n\n<p>Al respecto, Nahle Garc\u00eda consider\u00f3 que el esfuerzo, dedicaci\u00f3n y trabajo de los productores, distribuidores y comercializadores de c\u00edtricos de Veracruz ha posicionando al pa\u00eds en los primeros lugares como productor internacional llevando la naranja mexicana a otros mercados.<\/p>\n\n\n\n<p>Los productores \u00fanicamente requieren acompa\u00f1amiento de sus gobiernos, explicaron a la senadora con licencia, al tiempo que recordaron que en Veracruz son principalmente 13 municipios y al menos 15 mil productores los que aportan mayormente a este sector.<\/p>\n\n\n\n<p>\u00danicamente \u00c1lamo Temapache aporta 28 por ciento del consumo nacional, precisaron.<\/p>\n\n\n\n<p>\u201cNo es f\u00e1cil ir rompiendo barreras, y con actitud y t\u00e9cnica se puede\u201d, afirm\u00f3 Roc\u00edo Nahle Garc\u00eda al concluir el encuentro.<\/p>\n","protected":false},"excerpt":{"rendered":"<p>\u00c1lamo TemapacheVeracruz superar\u00e1 la crisis registrada por citricultores en a\u00f1os anteriores y volver\u00e1 a romper r\u00e9cords como uno de los primeros productores de naranja en el pa\u00eds y en el mundo, afirm\u00f3 la Ingeniera, Roc\u00edo Nahle Garc\u00eda. Desde la llamada \u201cCapital de la Naranja\u201d y \u201cPuerta de la Huasteca Veracruzana\u201d, Roc\u00edo Nahle destac\u00f3 que para [&hellip;]<\/p>\n","protected":false},"author":2,"featured_media":0,"comment_status":"closed","ping_status":"closed","sticky":false,"template":"","format":"standard","meta":{"_jetpack_newsletter_access":"","_jetpack_dont_email_post_to_subs":false,"_jetpack_newsletter_tier_id":0,"_jetpack_memberships_contains_paywalled_content":false,"_jetpack_memberships_contains_paid_content":false,"footnotes":""},"categories":[73],"tags":[1026,195],"class_list":["post-118871","post","type-post","status-publish","format-standard","hentry","category-de-boleto","tag-morena","tag-veracruz"],"jetpack_featured_media_url":"","jetpack_sharing_enabled":true,"jetpack_shortlink":"https:\/\/wp.me\/p4Qcd3-uVh","_links":{"self":[{"href":"https:\/\/lospoliticosveracruz.com.mx\/index.php?rest_route=\/wp\/v2\/posts\/118871","targetHints":{"allow":["GET"]}}],"collection":[{"href":"https:\/\/lospoliticosveracruz.com.mx\/index.php?rest_route=\/wp\/v2\/posts"}],"about":[{"href":"https:\/\/lospoliticosveracruz.com.mx\/index.php?rest_route=\/wp\/v2\/types\/post"}],"author":[{"embeddable":true,"href":"https:\/\/lospoliticosveracruz.com.mx\/index.php?rest_route=\/wp\/v2\/users\/2"}],"replies":[{"embeddable":true,"href":"https:\/\/lospoliticosveracruz.com.mx\/index.php?rest_route=%2Fwp%2Fv2%2Fcomments&post=118871"}],"version-history":[{"count":2,"href":"https:\/\/lospoliticosveracruz.com.mx\/index.php?rest_route=\/wp\/v2\/posts\/118871\/revisions"}],"predecessor-version":[{"id":118874,"href":"https:\/\/lospoliticosveracruz.com.mx\/index.php?rest_route=\/wp\/v2\/posts\/118871\/revisions\/118874"}],"wp:attachment":[{"href":"https:\/\/lospoliticosveracruz.com.mx\/index.php?rest_route=%2Fwp%2Fv2%2Fmedia&parent=118871"}],"wp:term":[{"taxonomy":"category","embeddable":true,"href":"https:\/\/lospoliticosveracruz.com.mx\/index.php?rest_route=%2Fwp%2Fv2%2Fcategories&post=118871"},{"taxonomy":"post_tag","embeddable":true,"href":"https:\/\/lospoliticosveracruz.com.mx\/index.php?rest_route=%2Fwp%2Fv2%2Ftags&post=118871"}],"curies":[{"name":"wp","href":"https:\/\/api.w.org\/{rel}","templated":true}]}}