{"id":119623,"date":"2024-03-06T07:41:59","date_gmt":"2024-03-06T13:41:59","guid":{"rendered":"https:\/\/lospoliticosveracruz.com.mx\/?p=119623"},"modified":"2024-03-06T08:44:07","modified_gmt":"2024-03-06T14:44:07","slug":"el-cancer-del-estres-y-la-violencia","status":"publish","type":"post","link":"https:\/\/lospoliticosveracruz.com.mx\/?p=119623","title":{"rendered":"EL C\u00c1NCER DEL ESTR\u00c9S Y LA VIOLENCIA"},"content":{"rendered":"\n<p><strong>Julio Vallejo<\/strong><br><em>La delgada l\u00ednea entre mi opini\u00f3n y la tuya<\/em><\/p>\n\n\n\n<p>Lo que m\u00e1s consume la gente en la actualidad es la nota roja. Este tipo de informaci\u00f3n publicada en redes sociales, televisi\u00f3n y algunas plataformas de streaming, la ha normalizado la sociedad.<\/p>\n\n\n\n<p>Venta de drogas, reclutamiento de j\u00f3venes, trata de personas, desaparecidos, comercio de \u00f3rganos, asesinatos, entre otros temas, son hechos reales que dejan de ser ficci\u00f3n para convertirse en la cotidianidad.<\/p>\n\n\n<div class=\"wp-block-image\">\n<figure class=\"alignleft size-medium\"><a href=\"https:\/\/lospoliticosveracruz.com.mx\/wp-content\/uploads\/2021\/10\/Zacauilt.jpg\"><img decoding=\"async\" src=\"https:\/\/lospoliticosveracruz.com.mx\/wp-content\/uploads\/2021\/10\/Zacauilt-150x300.jpg\" alt=\"\" class=\"wp-image-80558\"\/><\/a><\/figure><\/div>\n\n\n<p>Y, al ser del diario vivir, ya no impactan y han colaborado de manera lastimosa en la deshumanizaci\u00f3n de la sociedad: sin sentimientos, sin solidaridad por el vecino, sin la sensaci\u00f3n intr\u00ednseca de ayudar a los dem\u00e1s por el bien com\u00fan.<\/p>\n\n\n\n<p>Lo anterior deja transtornos psicol\u00f3gicos como ansiedad, depresi\u00f3n, estr\u00e9s, solo por mencionar algunos\u2026 Y ya que hablamos de estr\u00e9s\u2026 pues\u2026 M\u00e9xico se vuelve -a partir de hoy y hasta que finalicen las campa\u00f1as pol\u00edticas- en un circo romano.<\/p>\n\n\n\n<p>Seremos hostigados por propaganda y publicidad en todos los medios de comunicaci\u00f3n, buscando que caigamos en mentiras de c\u00f3mo solucionar\u00e1n el miedo y la ausencia de paz en un Estado fallido.<\/p>\n\n\n\n<p>La soluci\u00f3n a este c\u00e1ncer no es la creaci\u00f3n de m\u00e1s c\u00e1rceles, ni atizar la guerra contra el crimen organizado y mucho menos los abrazos.<\/p>\n\n\n\n<p>No puede ser que la delincuencia est\u00e9 mejor organizada que los ciudadanos y que el mismo gobierno. Incre\u00edble que ellos tengan m\u00e1s recursos para hacer y crecer sus organizaciones de una manera exorbitante.<\/p>\n\n\n\n<p>La revista Sciences public\u00f3 un estudio donde afirma que el crimen organizado ya es el quinto empleador m\u00e1s grande de M\u00e9xico, por delante de varias empresas trasnacionales y que cerca de 175 mil mexicanos son sus \u00abasalariados\u00bb.<\/p>\n\n\n\n<p>Sin romantizar un tema tan delicado, la soluci\u00f3n al problema est\u00e1 en ti, en tus valores, en tu moral, en tu forma de conducirte y hasta en la forma de c\u00f3mo ganar tu dinero. Necesidades todos tenemos, pero c\u00f3mo resolverlas depende de ti mismo y la manera f\u00e1cil, no siempre ser\u00e1 la adecuada.<\/p>\n\n\n\n<p>A las autoridades les encargo el tema de la impunidad\u2026 que lamentablemente ya hizo met\u00e1stasis en nuestro pa\u00eds.<\/p>\n","protected":false},"excerpt":{"rendered":"<p>Julio VallejoLa delgada l\u00ednea entre mi opini\u00f3n y la tuya Lo que m\u00e1s consume la gente en la actualidad es la nota roja. Este tipo de informaci\u00f3n publicada en redes sociales, televisi\u00f3n y algunas plataformas de streaming, la ha normalizado la sociedad. Venta de drogas, reclutamiento de j\u00f3venes, trata de personas, desaparecidos, comercio de \u00f3rganos, [&hellip;]<\/p>\n","protected":false},"author":2,"featured_media":0,"comment_status":"closed","ping_status":"closed","sticky":false,"template":"","format":"standard","meta":{"_jetpack_newsletter_access":"","_jetpack_dont_email_post_to_subs":false,"_jetpack_newsletter_tier_id":0,"_jetpack_memberships_contains_paywalled_content":false,"_jetpack_memberships_contains_paid_content":false,"footnotes":""},"categories":[70],"tags":[6393,9936,2414,40391,463],"class_list":["post-119623","post","type-post","status-publish","format-standard","hentry","category-de-opinion","tag-delincuencia-organizada","tag-estres","tag-nota-roja","tag-sciences","tag-violencia"],"jetpack_featured_media_url":"","jetpack_sharing_enabled":true,"jetpack_shortlink":"https:\/\/wp.me\/p4Qcd3-v7p","_links":{"self":[{"href":"https:\/\/lospoliticosveracruz.com.mx\/index.php?rest_route=\/wp\/v2\/posts\/119623","targetHints":{"allow":["GET"]}}],"collection":[{"href":"https:\/\/lospoliticosveracruz.com.mx\/index.php?rest_route=\/wp\/v2\/posts"}],"about":[{"href":"https:\/\/lospoliticosveracruz.com.mx\/index.php?rest_route=\/wp\/v2\/types\/post"}],"author":[{"embeddable":true,"href":"https:\/\/lospoliticosveracruz.com.mx\/index.php?rest_route=\/wp\/v2\/users\/2"}],"replies":[{"embeddable":true,"href":"https:\/\/lospoliticosveracruz.com.mx\/index.php?rest_route=%2Fwp%2Fv2%2Fcomments&post=119623"}],"version-history":[{"count":2,"href":"https:\/\/lospoliticosveracruz.com.mx\/index.php?rest_route=\/wp\/v2\/posts\/119623\/revisions"}],"predecessor-version":[{"id":119643,"href":"https:\/\/lospoliticosveracruz.com.mx\/index.php?rest_route=\/wp\/v2\/posts\/119623\/revisions\/119643"}],"wp:attachment":[{"href":"https:\/\/lospoliticosveracruz.com.mx\/index.php?rest_route=%2Fwp%2Fv2%2Fmedia&parent=119623"}],"wp:term":[{"taxonomy":"category","embeddable":true,"href":"https:\/\/lospoliticosveracruz.com.mx\/index.php?rest_route=%2Fwp%2Fv2%2Fcategories&post=119623"},{"taxonomy":"post_tag","embeddable":true,"href":"https:\/\/lospoliticosveracruz.com.mx\/index.php?rest_route=%2Fwp%2Fv2%2Ftags&post=119623"}],"curies":[{"name":"wp","href":"https:\/\/api.w.org\/{rel}","templated":true}]}}