{"id":119759,"date":"2024-03-08T06:15:42","date_gmt":"2024-03-08T12:15:42","guid":{"rendered":"https:\/\/lospoliticosveracruz.com.mx\/?p=119759"},"modified":"2024-03-08T06:16:03","modified_gmt":"2024-03-08T12:16:03","slug":"tlaxcala-alerta-epidemiologica","status":"publish","type":"post","link":"https:\/\/lospoliticosveracruz.com.mx\/?p=119759","title":{"rendered":"TLAXCALA, ALERTA EPIDEMIOL\u00d3GICA"},"content":{"rendered":"\n<p><strong>Omar Z\u00fa\u00f1iga<\/strong><\/p>\n\n\n\n<p><em>De Primera Mano<\/em><\/p>\n\n\n\n<p>El s\u00edndrome de Guillain-Barr\u00e9 es un trastorno poco frecuente en el cual el sistema inmunitario del organismo ataca los nervios. Los primeros s\u00edntomas suelen ser debilidad y hormigueo en las manos y pies, sensaciones que pueden extenderse r\u00e1pidamente y, con el tiempo, paralizar todo el cuerpo.&nbsp;<\/p>\n\n\n\n<p>La forma m\u00e1s grave se considera una emergencia m\u00e9dica y la mayor\u00eda de las personas con esta afecci\u00f3n deben ser hospitalizadas.<\/p>\n\n\n\n<p>La causa exacta del s\u00edndrome de Guillain-Barr\u00e9 se desconoce, sin embargo, dos tercios de los pacientes aseguran haber tenido s\u00edntomas de infecci\u00f3n en las seis semanas anteriores que incluyen infecci\u00f3n por COVID-19, infecciones respiratorias, gastrointestinales, o el virus de Zika.<\/p>\n\n\n\n<p>Hasta el momento, no hay cura, pero varios tratamientos pueden aliviar los s\u00edntomas y reducir la duraci\u00f3n de la enfermedad. Si bien la mayor\u00eda de las personas se recuperan por completo, algunos casos graves pueden ser mortales. Aunque la recuperaci\u00f3n puede tardar varios a\u00f1os, la mayor\u00eda de las personas pueden caminar otra vez seis meses despu\u00e9s de que hayan comenzado los s\u00edntomas. Algunas personas pueden tener efectos persistentes, como debilidad, entumecimiento o fatiga.<\/p>\n\n\n\n<p>Esta definici\u00f3n de lo que es el S\u00edndrome de Guillain-Barr\u00e9 es de la prestigiada Cl\u00ednica Mayo, de Rochester, Minnesota.<\/p>\n\n\n\n<p>El breviario cultural viene a cuento porque en el cuasi vecino estado de Tlaxcala, gobernador por la morenista&nbsp;<strong>Lorena Cu\u00e9llar Cisneros<\/strong>, se emiti\u00f3 una alerta epidemiol\u00f3gica por la alta prevalencia de este padecimiento, firmada por el secretario de Salud de esta entidad&nbsp;<strong>Rigoberto Zamudio Meneses<\/strong>, el martes 5 de marzo pasado.<\/p>\n\n\n\n<p>M\u00e1s de 24 horas despu\u00e9s, Zamudio dio una entrevista radiof\u00f3nica a un noticiero transmitido desde la Ciudad de M\u00e9xico, donde dio algunos datos incluidos en la mentada alerta; mismos datos por cierto que fueron dados a&nbsp;conocer el mismo mi\u00e9rcoles 6 de marzo, a trav\u00e9s de un comunicado oficial del gobierno del Estado.<\/p>\n\n\n\n<p>M\u00e1s all\u00e1 que el bolet\u00edn oficial de Tlaxcala incluye las definiciones de la Cl\u00ednica Mayo sin citar la fuente, el tema no es f\u00e1cil, al contrario, y la poblaci\u00f3n tlaxcalteca se encuentra inquieta y no es para menos, pues a cuatro a\u00f1os de distancia la pandemia por el Covid19&nbsp;sigue manteni\u00e9ndose fresca y 18 casos reconocidos oficialmente en una entidad que tiene 1.3 millones de habitantes, pues resulta alarmante, sobre todo porque en el bolet\u00edn no se dice pro ejemplo lo que el funcionario revel\u00f3 en la entrevista, que Apizaco es uno de las ciudades donde m\u00e1s caso hay, junto con Tlaxcala y Santa Mar\u00eda.<\/p>\n\n\n\n<p>El caso es que como en todos lados sopla el viento, y cuando pens\u00e1bamos que el valemadrismo era casi exclusivo de Veracruz y su gobernador&nbsp;<strong>Cuitl\u00e1huac Garc\u00eda<\/strong>, as\u00ed como del in\u00fatil de&nbsp;<strong>Iv\u00e1n Joseph en la Luna<\/strong>&nbsp;su coordinador de Comunicaci\u00f3n Social, llegan sus pares&nbsp;de Tlaxcala,&nbsp;<strong>Lorena Cu\u00e9llar<\/strong>&nbsp;y un tal&nbsp;<strong>Augusto Ram\u00edrez<\/strong>.<\/p>\n\n\n\n<p>Do\u00f1a Lore que no ha salido a tranquilizar a la poblaci\u00f3n, pues todo lo deja en Augusto y \u00e9ste que anda desaparecido, sin dar luces de d\u00f3nde anda (aunque nos informan que quiz\u00e1 ande de luna miel).<\/p>\n\n\n\n<p>Al final del d\u00eda, los que sufren las consecuencias son los ciudadanos, que no est\u00e1n debidamente informados, ante una escasa o nula y por dem\u00e1s deficiente pol\u00edtica de difusi\u00f3n.<\/p>\n\n\n\n<p>Con la salud no se juega y con el S\u00edndrome de Guillain-Barr\u00e9 menos.<\/p>\n\n\n\n<p>Sin buscar causar ofender, voy a dar la definici\u00f3n de un amigo muy querido que es paciente en recuperaci\u00f3n de muchos a\u00f1os, \u201ces una enfermedad en que se desprende la mielina que cubre a los nervios, entonces, literalmente se te pelan los cables y es horrible\u201d.<\/p>\n\n\n\n<p>Apunte al calce, gracias a los buenos amigos, colegas y compa\u00f1eros de esta entidad, tenemos informaci\u00f3n fresca, sin embargo, no sucede con la oficina de Comunicaci\u00f3n Social, pues al solicitar la postura oficial del penoso caso, s\u00f3lo atina a enviar el bolet\u00edn pedorro del d\u00eda anterior. Uuufffff.<\/p>\n\n\n\n<p>*****<\/p>\n\n\n\n<p>El 14&nbsp;de septiembre de 1847, el general estadunidense John Anthony Quitman, entr\u00f3 en el Z\u00f3calo de la Ciudad de M\u00e9xico e irrumpi\u00f3 en Palacio Nacional para izar la bandera de las barras y las estrellas en el m\u00e1stil que est\u00e1 arriba del balc\u00f3n central.<\/p>\n\n\n\n<p>Fecha ignominiosa sin lugar a dudas para la historia nacional.<\/p>\n\n\n\n<p>Pues bien, desde esa fecha, las puertas de Palacio Nacional no hab\u00edan sido mancilladas, hasta el mi\u00e9rcoles pasado, fecha en que,&nbsp;con la ayuda de la CFE,&nbsp;(fue una camioneta de la paraestatal la que sirvi\u00f3 de ariete, je,je) los padres de los 43 desaparecidos de Ayotzinapa, derribaron una puerta, hist\u00f3rica sin lugar a dudas, la de&nbsp;la calle de la&nbsp;Moneda 1, para ingresar luego de que les fue negada una audiencia con el presidente, que en ese momento daba su consabida ma\u00f1anera.<\/p>\n\n\n\n<p>Veinticuatro horas despu\u00e9s, el mismo L\u00f3pez Obrador, se avent\u00f3 la puntada (una m\u00e1s) de decir que fue \u201cun vulgar acto de provocaci\u00f3n\u201d y se\u00f1al\u00f3 la intromisi\u00f3n de conservadores, grupos de derecha, opositores y hasta organismos internacionales. \u201cNuestros adversarios est\u00e1n desesperados y est\u00e1n recurriendo a la guerra sucia y a actos como el de ayer\u201d.<\/p>\n\n\n\n<p>Esto quiere decir que quien est\u00e9 metido con ellos es juzgado con el mismo rasero.<\/p>\n\n\n\n<p>M\u00e1s all\u00e1 de que pudiera estar o no orquestado por el mismo Ejecutivo para victimizarse, al parecer las cosas no le salieron bien y el episodio quedar\u00e1 escrito con letras de porquer\u00eda en la historia nacional.<\/p>\n\n\n\n<p>*****<\/p>\n\n\n\n<p>Para documentar el optimismo, dos a\u00f1os despu\u00e9s del fat\u00eddico 26 de septiembre de 2014, es decir en 2016, la actual secretaria de Gobernaci\u00f3n&nbsp;<strong>Luisa&nbsp;<\/strong><strong>Mar\u00eda&nbsp;<\/strong><strong>Alcalde<\/strong><strong>&nbsp;Luj\u00e1n<\/strong><a><\/a>, se encontraba marchando en la Ciudad de M\u00e9xico, exigiendo la aparici\u00f3n con vida de los normalistas.<\/p>\n\n\n\n<p>La exigencia es la misma&nbsp;&nbsp;de entonces, salvo que el martes en Palacio Nacional, acusaron al presidente de mentiroso y traidor a su causa.<\/p>\n\n\n\n<p>Luego entonces, \u00bf<strong>Luisa Alcalde&nbsp;<\/strong>tambi\u00e9n es conservadora?, es pregunta.<\/p>\n\n\n\n<p>*****<\/p>\n\n\n\n<p>Finalmente bajaron a&nbsp;<strong>Carlos Rugerio<\/strong>, regidor de la comuna xalape\u00f1a, y el m\u00e1s viable para dar la batalla a diputado local en el distrito 11, que le corresponde al PRI.<\/p>\n\n\n\n<p>En su lugar, por un tema de equidad de g\u00e9nero, registraron a la internacionalmente desconocida&nbsp;<strong>Adriana Rojano<\/strong>, secretaria de Gesti\u00f3n Social del tricolor.<\/p>\n\n\n\n<p>En el otro distrito de Xalapa, el 10, quien tambi\u00e9n iba en caballo de hacienda aunque no quer\u00eda la candidatura,&nbsp;<strong>Sergio Hern\u00e1ndez&nbsp;<\/strong>tambi\u00e9n es bajado y su&nbsp;lugar lo ocupar\u00e1&nbsp;la&nbsp;candidata perdedora&nbsp;<strong>Lilian Cerecedo<\/strong>, en lugar de meter un perfil fresco como&nbsp;<strong>Cristina P\u00e9rez Silva<\/strong>, en fin\u2026<\/p>\n\n\n\n<p>\u00a1Qu\u00e9 barbaridad!<\/p>\n\n\n\n<p>deprimera.mano2020@gmail.com<\/p>\n","protected":false},"excerpt":{"rendered":"<p>Omar Z\u00fa\u00f1iga De Primera Mano El s\u00edndrome de Guillain-Barr\u00e9 es un trastorno poco frecuente en el cual el sistema inmunitario del organismo ataca los nervios. Los primeros s\u00edntomas suelen ser debilidad y hormigueo en las manos y pies, sensaciones que pueden extenderse r\u00e1pidamente y, con el tiempo, paralizar todo el cuerpo.&nbsp; La forma m\u00e1s grave [&hellip;]<\/p>\n","protected":false},"author":2,"featured_media":0,"comment_status":"closed","ping_status":"closed","sticky":false,"template":"","format":"standard","meta":{"_jetpack_newsletter_access":"","_jetpack_dont_email_post_to_subs":false,"_jetpack_newsletter_tier_id":0,"_jetpack_memberships_contains_paywalled_content":false,"_jetpack_memberships_contains_paid_content":false,"footnotes":""},"categories":[70],"tags":[40398,4348],"class_list":["post-119759","post","type-post","status-publish","format-standard","hentry","category-de-opinion","tag-guillain-barre","tag-tlaxcala"],"jetpack_featured_media_url":"","jetpack_sharing_enabled":true,"jetpack_shortlink":"https:\/\/wp.me\/p4Qcd3-v9B","_links":{"self":[{"href":"https:\/\/lospoliticosveracruz.com.mx\/index.php?rest_route=\/wp\/v2\/posts\/119759","targetHints":{"allow":["GET"]}}],"collection":[{"href":"https:\/\/lospoliticosveracruz.com.mx\/index.php?rest_route=\/wp\/v2\/posts"}],"about":[{"href":"https:\/\/lospoliticosveracruz.com.mx\/index.php?rest_route=\/wp\/v2\/types\/post"}],"author":[{"embeddable":true,"href":"https:\/\/lospoliticosveracruz.com.mx\/index.php?rest_route=\/wp\/v2\/users\/2"}],"replies":[{"embeddable":true,"href":"https:\/\/lospoliticosveracruz.com.mx\/index.php?rest_route=%2Fwp%2Fv2%2Fcomments&post=119759"}],"version-history":[{"count":1,"href":"https:\/\/lospoliticosveracruz.com.mx\/index.php?rest_route=\/wp\/v2\/posts\/119759\/revisions"}],"predecessor-version":[{"id":119761,"href":"https:\/\/lospoliticosveracruz.com.mx\/index.php?rest_route=\/wp\/v2\/posts\/119759\/revisions\/119761"}],"wp:attachment":[{"href":"https:\/\/lospoliticosveracruz.com.mx\/index.php?rest_route=%2Fwp%2Fv2%2Fmedia&parent=119759"}],"wp:term":[{"taxonomy":"category","embeddable":true,"href":"https:\/\/lospoliticosveracruz.com.mx\/index.php?rest_route=%2Fwp%2Fv2%2Fcategories&post=119759"},{"taxonomy":"post_tag","embeddable":true,"href":"https:\/\/lospoliticosveracruz.com.mx\/index.php?rest_route=%2Fwp%2Fv2%2Ftags&post=119759"}],"curies":[{"name":"wp","href":"https:\/\/api.w.org\/{rel}","templated":true}]}}