{"id":119884,"date":"2024-03-10T13:45:41","date_gmt":"2024-03-10T19:45:41","guid":{"rendered":"https:\/\/lospoliticosveracruz.com.mx\/?p=119884"},"modified":"2024-03-10T13:45:49","modified_gmt":"2024-03-10T19:45:49","slug":"los-30-puntos-de-zenyazen","status":"publish","type":"post","link":"https:\/\/lospoliticosveracruz.com.mx\/?p=119884","title":{"rendered":"LOS 30 PUNTOS DE ZENYAZEN!"},"content":{"rendered":"\n<p><em>C\u00f3rdoba<\/em><br>En un reciente encuentro con los medios de comunicaci\u00f3n, el candidato a diputado federal por el Distrito 16 de la coalici\u00f3n \u201cSigamos Haciendo Historia\u201d, Zenyazen Escobar, destac\u00f3 que, aunque tiene una ventaja sustancial en las encuestas, superando los 30 puntos porcentuales sobre sus contrincantes, su compromiso es con el pueblo.<\/p>\n\n\n\n<p>Luego de haber acompa\u00f1ado en su rueda de prensa al candidato al Senado de la Rep\u00fablica por Morena, Manuel Huerta Ladr\u00f3n de Guevara, el candidato a diputado enfatiz\u00f3 la importancia de mantener el contacto directo con la ciudadan\u00eda, asegurando que su campa\u00f1a se caracteriza por el esfuerzo diario y la escucha activa de las necesidades del pueblo.<\/p>\n\n\n\n<p>Aprovech\u00f3 la oportunidad para hablar sobre sus propuestas.<br>La campa\u00f1a de Escobar se alinea con los principios de su partido Morena, buscando mantener y expandir las pol\u00edticas que favorecen a la poblaci\u00f3n y contribuyen a la Cuarta Transformaci\u00f3n del pa\u00eds.<\/p>\n\n\n\n<p>Cabe mencionar que al t\u00e9rmino del encuentro con las y los representantes de medios de comunicaci\u00f3n, ambos candidatos realizaron un recorrido casa por casa en la unidad habitacional Santa Margarita.<\/p>\n","protected":false},"excerpt":{"rendered":"<p>C\u00f3rdobaEn un reciente encuentro con los medios de comunicaci\u00f3n, el candidato a diputado federal por el Distrito 16 de la coalici\u00f3n \u201cSigamos Haciendo Historia\u201d, Zenyazen Escobar, destac\u00f3 que, aunque tiene una ventaja sustancial en las encuestas, superando los 30 puntos porcentuales sobre sus contrincantes, su compromiso es con el pueblo. Luego de haber acompa\u00f1ado en [&hellip;]<\/p>\n","protected":false},"author":2,"featured_media":0,"comment_status":"closed","ping_status":"closed","sticky":false,"template":"","format":"standard","meta":{"_jetpack_newsletter_access":"","_jetpack_dont_email_post_to_subs":false,"_jetpack_newsletter_tier_id":0,"_jetpack_memberships_contains_paywalled_content":false,"_jetpack_memberships_contains_paid_content":false,"footnotes":""},"categories":[73],"tags":[751,1850,1026,195],"class_list":["post-119884","post","type-post","status-publish","format-standard","hentry","category-de-boleto","tag-cordoba","tag-manuel-huerta-ladron-de-guevara","tag-morena","tag-veracruz"],"jetpack_featured_media_url":"","jetpack_sharing_enabled":true,"jetpack_shortlink":"https:\/\/wp.me\/p4Qcd3-vbC","_links":{"self":[{"href":"https:\/\/lospoliticosveracruz.com.mx\/index.php?rest_route=\/wp\/v2\/posts\/119884","targetHints":{"allow":["GET"]}}],"collection":[{"href":"https:\/\/lospoliticosveracruz.com.mx\/index.php?rest_route=\/wp\/v2\/posts"}],"about":[{"href":"https:\/\/lospoliticosveracruz.com.mx\/index.php?rest_route=\/wp\/v2\/types\/post"}],"author":[{"embeddable":true,"href":"https:\/\/lospoliticosveracruz.com.mx\/index.php?rest_route=\/wp\/v2\/users\/2"}],"replies":[{"embeddable":true,"href":"https:\/\/lospoliticosveracruz.com.mx\/index.php?rest_route=%2Fwp%2Fv2%2Fcomments&post=119884"}],"version-history":[{"count":1,"href":"https:\/\/lospoliticosveracruz.com.mx\/index.php?rest_route=\/wp\/v2\/posts\/119884\/revisions"}],"predecessor-version":[{"id":119886,"href":"https:\/\/lospoliticosveracruz.com.mx\/index.php?rest_route=\/wp\/v2\/posts\/119884\/revisions\/119886"}],"wp:attachment":[{"href":"https:\/\/lospoliticosveracruz.com.mx\/index.php?rest_route=%2Fwp%2Fv2%2Fmedia&parent=119884"}],"wp:term":[{"taxonomy":"category","embeddable":true,"href":"https:\/\/lospoliticosveracruz.com.mx\/index.php?rest_route=%2Fwp%2Fv2%2Fcategories&post=119884"},{"taxonomy":"post_tag","embeddable":true,"href":"https:\/\/lospoliticosveracruz.com.mx\/index.php?rest_route=%2Fwp%2Fv2%2Ftags&post=119884"}],"curies":[{"name":"wp","href":"https:\/\/api.w.org\/{rel}","templated":true}]}}