{"id":119887,"date":"2024-03-10T14:09:25","date_gmt":"2024-03-10T20:09:25","guid":{"rendered":"https:\/\/lospoliticosveracruz.com.mx\/?p=119887"},"modified":"2024-03-10T14:09:35","modified_gmt":"2024-03-10T20:09:35","slug":"van-por-el-medio-ambiente","status":"publish","type":"post","link":"https:\/\/lospoliticosveracruz.com.mx\/?p=119887","title":{"rendered":"VAN POR EL MEDIO AMBIENTE!"},"content":{"rendered":"\n<p><em>Xalapa<\/em><br>Dante Delgado Morales, candidato al Senado de la Rep\u00fablica por Movimiento Ciudadano, se\u00f1al\u00f3 que se necesita trabajar a favor del medio ambiente y que desde el senado pugnar\u00e1 por la creaci\u00f3n de proyectos de integraci\u00f3n para el cuidado ambiental.<\/p>\n\n\n\n<p>\u201cEs un problema mundial\u2026 Y es la conciencia, el consumo de tantos hidrocarburos, la explotaci\u00f3n del petr\u00f3leo de manera desmedida, tenemos que hacer toda una integracion, de reforestaci\u00f3n, de cuidado del medio ambiente, tener todas nuestras reservas de la biosfera, sembrar \u00e1rboles, hacer muchas cosas a favor de que esto se revierta\u201d, puntualiz\u00f3.<\/p>\n\n\n\n<p>Reiter\u00f3 que es importante el acercamiento social y el apoyo de los j\u00f3venes, mezclado con la nueva manera de gobernar, con nuevas tecnolog\u00edas en el campo y dem\u00e1s, en el que la juventud est\u00e9 a la vanguardia.<\/p>\n\n\n\n<p>Dante Delgado hizo un llamado a la sociedad para escuchar a Movimiento Ciudadano y descubrir esa nueva manera de hacer las cosas que lleve a Veracruz a esa grandeza que se ha perdido.<\/p>\n\n\n\n<p>\u201cLos veracruzanos no podemos quedarnos sin hacer algo al respecto porque no es posible que Veracruz lo tenga todo y los ciudadanos casi nada. No podemos seguir permiti\u00e9ndolo y por eso es que desde el senado vamos a trabajar para revertir esta tragedia que vivimos\u201d, concluy\u00f3.<\/p>\n","protected":false},"excerpt":{"rendered":"<p>XalapaDante Delgado Morales, candidato al Senado de la Rep\u00fablica por Movimiento Ciudadano, se\u00f1al\u00f3 que se necesita trabajar a favor del medio ambiente y que desde el senado pugnar\u00e1 por la creaci\u00f3n de proyectos de integraci\u00f3n para el cuidado ambiental. \u201cEs un problema mundial\u2026 Y es la conciencia, el consumo de tantos hidrocarburos, la explotaci\u00f3n del [&hellip;]<\/p>\n","protected":false},"author":2,"featured_media":0,"comment_status":"closed","ping_status":"closed","sticky":false,"template":"","format":"standard","meta":{"_jetpack_newsletter_access":"","_jetpack_dont_email_post_to_subs":false,"_jetpack_newsletter_tier_id":0,"_jetpack_memberships_contains_paywalled_content":false,"_jetpack_memberships_contains_paid_content":false,"footnotes":""},"categories":[73],"tags":[38328,40380,1037,2327,711],"class_list":["post-119887","post","type-post","status-publish","format-standard","hentry","category-de-boleto","tag-angelica-sanchez-hernandez","tag-dante-delgado-morales","tag-medio-ambiente","tag-movimiento-ciudadano","tag-senado"],"jetpack_featured_media_url":"","jetpack_sharing_enabled":true,"jetpack_shortlink":"https:\/\/wp.me\/p4Qcd3-vbF","_links":{"self":[{"href":"https:\/\/lospoliticosveracruz.com.mx\/index.php?rest_route=\/wp\/v2\/posts\/119887","targetHints":{"allow":["GET"]}}],"collection":[{"href":"https:\/\/lospoliticosveracruz.com.mx\/index.php?rest_route=\/wp\/v2\/posts"}],"about":[{"href":"https:\/\/lospoliticosveracruz.com.mx\/index.php?rest_route=\/wp\/v2\/types\/post"}],"author":[{"embeddable":true,"href":"https:\/\/lospoliticosveracruz.com.mx\/index.php?rest_route=\/wp\/v2\/users\/2"}],"replies":[{"embeddable":true,"href":"https:\/\/lospoliticosveracruz.com.mx\/index.php?rest_route=%2Fwp%2Fv2%2Fcomments&post=119887"}],"version-history":[{"count":1,"href":"https:\/\/lospoliticosveracruz.com.mx\/index.php?rest_route=\/wp\/v2\/posts\/119887\/revisions"}],"predecessor-version":[{"id":119889,"href":"https:\/\/lospoliticosveracruz.com.mx\/index.php?rest_route=\/wp\/v2\/posts\/119887\/revisions\/119889"}],"wp:attachment":[{"href":"https:\/\/lospoliticosveracruz.com.mx\/index.php?rest_route=%2Fwp%2Fv2%2Fmedia&parent=119887"}],"wp:term":[{"taxonomy":"category","embeddable":true,"href":"https:\/\/lospoliticosveracruz.com.mx\/index.php?rest_route=%2Fwp%2Fv2%2Fcategories&post=119887"},{"taxonomy":"post_tag","embeddable":true,"href":"https:\/\/lospoliticosveracruz.com.mx\/index.php?rest_route=%2Fwp%2Fv2%2Ftags&post=119887"}],"curies":[{"name":"wp","href":"https:\/\/api.w.org\/{rel}","templated":true}]}}