{"id":120029,"date":"2024-03-11T20:37:39","date_gmt":"2024-03-12T02:37:39","guid":{"rendered":"https:\/\/lospoliticosveracruz.com.mx\/?p=120029"},"modified":"2024-03-11T20:37:50","modified_gmt":"2024-03-12T02:37:50","slug":"servidores-publicos-de-microondas","status":"publish","type":"post","link":"https:\/\/lospoliticosveracruz.com.mx\/?p=120029","title":{"rendered":"SERVIDORES P\u00daBLICOS DE MICROONDAS"},"content":{"rendered":"\n<p><strong>Jos\u00e9 Luis Enr\u00edquez Ambell<br><\/strong><em>Caf\u00e9 de Ma\u00f1ana<\/em><\/p>\n\n\n\n<p>La espina dorsal en todas las instituciones tiene el mejor capital con el que cuenta en toda la administraci\u00f3n p\u00fablica; en su recurso humano.<\/p>\n\n\n\n<p>La comunidad burocr\u00e1tica que integran los servidores p\u00fablicos es la parte m\u00e1s s\u00f3lida de las instituciones; e incluso, en m\u00e1s de una ocasi\u00f3n por encima de quienes son sus jefes o superiores jer\u00e1rquicos.<\/p>\n\n\n<div class=\"wp-block-image\">\n<figure class=\"alignleft size-full is-resized\"><a href=\"https:\/\/lospoliticosveracruz.com.mx\/wp-content\/uploads\/2023\/02\/Vinissimo.jpg\"><img decoding=\"async\" src=\"https:\/\/lospoliticosveracruz.com.mx\/wp-content\/uploads\/2023\/02\/Vinissimo.jpg\" alt=\"\" class=\"wp-image-102752\" style=\"width:226px;height:auto\"\/><\/a><\/figure><\/div>\n\n\n<p>Y es que el personal de base, confianza, eventual, honorarios o en el status que sea, pero con antig\u00fcedad en el quehacer de las instituciones p\u00fablicas saben que s\u00f3lo se debe hacer lo que la norma permite y c\u00f3mo hacerlo bien a trav\u00e9s del trabajo leal.<\/p>\n\n\n\n<p>El servidor p\u00fablico de carrera siempre propone, no dispone, por encima de un superior, jam\u00e1s se atreve a cruzar la frontera de la ley, cuidan el trabajo, su ingreso, una futura pensi\u00f3n y, sobre todo, protege el m\u00e1s sagrado sustento para el hogar y familia, pues ah\u00ed se sostiene la alimentaci\u00f3n y el bienestar integral de \u00e9l y los suyos.<\/p>\n\n\n\n<p>La burocracia seria, no deja de observar la normatividad, sus reglas y principios con respeto y responsabilidad, pues no corre el riesgo que se le inicie un procedimiento administrativo o hasta penal. Evitan cometer acci\u00f3n u omisi\u00f3n susceptibles de alg\u00fan acto de corrupci\u00f3n.<\/p>\n\n\n\n<p>Y es que, en la actualidad ver y saber de servidores p\u00fablicos que son observados y que les llevar\u00e1 a enfrentar juicios entre administrativos y de otro tipo o naturaleza, muestran que se han ido colocando a los formados en el microondas y no a la le\u00f1a, en puestos estrat\u00e9gicos, hablando en t\u00e9rminos de buena formaci\u00f3n, con emoci\u00f3n y pasi\u00f3n dentro del servicio Institucional y toda la administraci\u00f3n p\u00fablica.<\/p>\n\n\n\n<p>La etapa sexenal que vive el pa\u00eds y Veracruz no escapa en esto, exige no caer en la simulaci\u00f3n en tareas y acciones de gobierno a trav\u00e9s de malos servidores p\u00fablicos, pues \u00abes evidente que han intentado transitar por la transparencia y la rendici\u00f3n de cuentas, pero ficticias\u00bb, y frente a una comunidad cada d\u00eda m\u00e1s alerta, atenta y dispuesta a que no le escatimen atenderles con sentido social y ciudadano ante sus demandas leg\u00edtimas, est\u00e1n elevando el mal humor social en contra del r\u00e9gimen, en beneficio de partidos pol\u00edticos opuestos al r\u00e9gimen.<\/p>\n\n\n\n<p><strong>DE SOBREMESA<\/strong><\/p>\n\n\n\n<p>El famoso c\u00f3digo de \u00e9tica para los servidores p\u00fablicos actuales y por terminar mandato, les vali\u00f3 para efectos de honestidad y han fallado, pero tambi\u00e9n quedar\u00e1n a deber como comunidad burocr\u00e1tica y, en la pr\u00f3xima elecci\u00f3n, la medici\u00f3n de votos en contra lo demostrar\u00e1n.<\/p>\n\n\n\n<p><strong>UN CAF\u00c9 CON DOBLE CARGA<\/strong><\/p>\n\n\n\n<p>En todo el desencanto social por la comunidad necesitada, y en torno a la opini\u00f3n de servidores p\u00fablicos actuales, est\u00e1 claro que los bur\u00f3cratas buenos son los m\u00e1s -afortunadamente- pero los menos y mal hechos en el microondas, har\u00e1n mayor da\u00f1o del que suponen en relaci\u00f3n a urnas contra el r\u00e9gimen.<\/p>\n\n\n\n<p>UN LECHERO LIGHT<\/p>\n\n\n\n<p>El puro lodazal y la guerra sucia entre rivales internos y externos en esta \u00e9poca de elecciones no necesitan lluvias climatol\u00f3gicas sino s\u00f3lo un ambiente \u00e1spero.<\/p>\n\n\n\n<p>\u00a1 ES CUANTO !<\/p>\n\n\n\n<p>Jos\u00e9 Luis Enr\u00edquez Ambell<br>enamjl62@gmail.com; enriquezambell@gmail.com<br>Secretario General de la Federaci\u00f3n Aut\u00e9ntica de Trabajadores del Estado de Veracruz (FATEV \u2013 JLEG) Registro Federal del Trabajo # 5844 y Director General de la Consultor\u00eda y Asesor\u00eda Integral AECAI Torre \u00c1nimas en Xalapa, Ver.<\/p>\n","protected":false},"excerpt":{"rendered":"<p>Jos\u00e9 Luis Enr\u00edquez AmbellCaf\u00e9 de Ma\u00f1ana La espina dorsal en todas las instituciones tiene el mejor capital con el que cuenta en toda la administraci\u00f3n p\u00fablica; en su recurso humano. La comunidad burocr\u00e1tica que integran los servidores p\u00fablicos es la parte m\u00e1s s\u00f3lida de las instituciones; e incluso, en m\u00e1s de una ocasi\u00f3n por encima [&hellip;]<\/p>\n","protected":false},"author":2,"featured_media":119814,"comment_status":"closed","ping_status":"closed","sticky":false,"template":"","format":"standard","meta":{"_jetpack_newsletter_access":"","_jetpack_dont_email_post_to_subs":false,"_jetpack_newsletter_tier_id":0,"_jetpack_memberships_contains_paywalled_content":false,"_jetpack_memberships_contains_paid_content":false,"footnotes":""},"categories":[70],"tags":[8383],"class_list":["post-120029","post","type-post","status-publish","format-standard","has-post-thumbnail","hentry","category-de-opinion","tag-jose-luis-enriquez-ambell"],"jetpack_featured_media_url":"https:\/\/lospoliticosveracruz.com.mx\/wp-content\/uploads\/2024\/03\/Ambell.jpg","jetpack_sharing_enabled":true,"jetpack_shortlink":"https:\/\/wp.me\/p4Qcd3-vdX","_links":{"self":[{"href":"https:\/\/lospoliticosveracruz.com.mx\/index.php?rest_route=\/wp\/v2\/posts\/120029","targetHints":{"allow":["GET"]}}],"collection":[{"href":"https:\/\/lospoliticosveracruz.com.mx\/index.php?rest_route=\/wp\/v2\/posts"}],"about":[{"href":"https:\/\/lospoliticosveracruz.com.mx\/index.php?rest_route=\/wp\/v2\/types\/post"}],"author":[{"embeddable":true,"href":"https:\/\/lospoliticosveracruz.com.mx\/index.php?rest_route=\/wp\/v2\/users\/2"}],"replies":[{"embeddable":true,"href":"https:\/\/lospoliticosveracruz.com.mx\/index.php?rest_route=%2Fwp%2Fv2%2Fcomments&post=120029"}],"version-history":[{"count":1,"href":"https:\/\/lospoliticosveracruz.com.mx\/index.php?rest_route=\/wp\/v2\/posts\/120029\/revisions"}],"predecessor-version":[{"id":120030,"href":"https:\/\/lospoliticosveracruz.com.mx\/index.php?rest_route=\/wp\/v2\/posts\/120029\/revisions\/120030"}],"wp:featuredmedia":[{"embeddable":true,"href":"https:\/\/lospoliticosveracruz.com.mx\/index.php?rest_route=\/wp\/v2\/media\/119814"}],"wp:attachment":[{"href":"https:\/\/lospoliticosveracruz.com.mx\/index.php?rest_route=%2Fwp%2Fv2%2Fmedia&parent=120029"}],"wp:term":[{"taxonomy":"category","embeddable":true,"href":"https:\/\/lospoliticosveracruz.com.mx\/index.php?rest_route=%2Fwp%2Fv2%2Fcategories&post=120029"},{"taxonomy":"post_tag","embeddable":true,"href":"https:\/\/lospoliticosveracruz.com.mx\/index.php?rest_route=%2Fwp%2Fv2%2Ftags&post=120029"}],"curies":[{"name":"wp","href":"https:\/\/api.w.org\/{rel}","templated":true}]}}