{"id":120139,"date":"2024-03-13T19:38:40","date_gmt":"2024-03-14T01:38:40","guid":{"rendered":"https:\/\/lospoliticosveracruz.com.mx\/?p=120139"},"modified":"2024-03-13T19:38:48","modified_gmt":"2024-03-14T01:38:48","slug":"vacaciones-y-descansos-quedan-como-estaban","status":"publish","type":"post","link":"https:\/\/lospoliticosveracruz.com.mx\/?p=120139","title":{"rendered":"VACACIONES Y DESCANSOS QUEDAN COMO ESTABAN!"},"content":{"rendered":"\n<p>GRACIAS A LOS TRABAJOS Y A LA PRESI\u00d3N DE LA PROFISSPEV Y DE OTROS SINDICATOS, MEDIANTE AMPAROS Y DEMANDAS QUE PRESENTARON, EL GOBIERNO DE VERACRUZ Y EL STSPV PRESENTARON UNA FE DE ERRATAS, RESPECTO DE LA CL\u00c1USULA 46 DE LAS CONDICIONES GENERALES DE TRABAJO.<\/p>\n\n\n<div class=\"wp-block-image\">\n<figure class=\"alignleft size-large is-resized\"><a href=\"https:\/\/lospoliticosveracruz.com.mx\/wp-content\/uploads\/2023\/08\/Alex.jpg\"><img decoding=\"async\" src=\"https:\/\/lospoliticosveracruz.com.mx\/wp-content\/uploads\/2023\/08\/Alex-1024x791.jpg\" alt=\"\" class=\"wp-image-110522\" style=\"width:179px;height:auto\"\/><\/a><\/figure><\/div>\n\n\n<p>QUEDARON COMO ESTABAN ANTERIORMENTE, ES DECIR, LOS TRABAJADORES DEL PODER EJECUTIVO PODRAN SEGUIR DISFRUTANDO LAS VACACIONES PENDIENTES, LOS D\u00cdAS LUNES O VIERNES O PEGADAS EN D\u00cdAS FESTIVOS O INCAPACIDADES.<\/p>\n\n\n\n<p>La PROFISSPEV agradece al Sr. Gobernador Ing. Cuitlahuat Garcia, la correcci\u00f3n oportuna, respecto la Cl\u00e1usula 46 de las Condiciones Generales de Trabajo del Poder Ejecutivo del Estado de Veracruz; demuestra buena fe y voluntad de su administraci\u00f3n, a la base trabajadora del Poder Ejecutivo del Estado de Veracruz.<\/p>\n\n\n\n<p>As\u00ed tambi\u00e9n el Mtro. Alfredo Su\u00e1rez, Srio Gral de la PROFISSPEV; invita y exhorta a todos sus agremiados, estar atentos y alertas respecto de los derechos y logros laborales y sindicales obtenidos a trav\u00e9s de todos los a\u00f1os; as\u00ed como mantener la unidad y lucha, para obtener beneficios, sociales y econ\u00f3micos, siempre en favor de los trabajadores y de sus familias.<\/p>\n","protected":false},"excerpt":{"rendered":"<p>GRACIAS A LOS TRABAJOS Y A LA PRESI\u00d3N DE LA PROFISSPEV Y DE OTROS SINDICATOS, MEDIANTE AMPAROS Y DEMANDAS QUE PRESENTARON, EL GOBIERNO DE VERACRUZ Y EL STSPV PRESENTARON UNA FE DE ERRATAS, RESPECTO DE LA CL\u00c1USULA 46 DE LAS CONDICIONES GENERALES DE TRABAJO. QUEDARON COMO ESTABAN ANTERIORMENTE, ES DECIR, LOS TRABAJADORES DEL PODER EJECUTIVO [&hellip;]<\/p>\n","protected":false},"author":2,"featured_media":0,"comment_status":"closed","ping_status":"closed","sticky":false,"template":"","format":"standard","meta":{"_jetpack_newsletter_access":"","_jetpack_dont_email_post_to_subs":false,"_jetpack_newsletter_tier_id":0,"_jetpack_memberships_contains_paywalled_content":false,"_jetpack_memberships_contains_paid_content":false,"footnotes":""},"categories":[72],"tags":[],"class_list":["post-120139","post","type-post","status-publish","format-standard","hentry","category-palomazos"],"jetpack_featured_media_url":"","jetpack_sharing_enabled":true,"jetpack_shortlink":"https:\/\/wp.me\/p4Qcd3-vfJ","_links":{"self":[{"href":"https:\/\/lospoliticosveracruz.com.mx\/index.php?rest_route=\/wp\/v2\/posts\/120139","targetHints":{"allow":["GET"]}}],"collection":[{"href":"https:\/\/lospoliticosveracruz.com.mx\/index.php?rest_route=\/wp\/v2\/posts"}],"about":[{"href":"https:\/\/lospoliticosveracruz.com.mx\/index.php?rest_route=\/wp\/v2\/types\/post"}],"author":[{"embeddable":true,"href":"https:\/\/lospoliticosveracruz.com.mx\/index.php?rest_route=\/wp\/v2\/users\/2"}],"replies":[{"embeddable":true,"href":"https:\/\/lospoliticosveracruz.com.mx\/index.php?rest_route=%2Fwp%2Fv2%2Fcomments&post=120139"}],"version-history":[{"count":1,"href":"https:\/\/lospoliticosveracruz.com.mx\/index.php?rest_route=\/wp\/v2\/posts\/120139\/revisions"}],"predecessor-version":[{"id":120141,"href":"https:\/\/lospoliticosveracruz.com.mx\/index.php?rest_route=\/wp\/v2\/posts\/120139\/revisions\/120141"}],"wp:attachment":[{"href":"https:\/\/lospoliticosveracruz.com.mx\/index.php?rest_route=%2Fwp%2Fv2%2Fmedia&parent=120139"}],"wp:term":[{"taxonomy":"category","embeddable":true,"href":"https:\/\/lospoliticosveracruz.com.mx\/index.php?rest_route=%2Fwp%2Fv2%2Fcategories&post=120139"},{"taxonomy":"post_tag","embeddable":true,"href":"https:\/\/lospoliticosveracruz.com.mx\/index.php?rest_route=%2Fwp%2Fv2%2Ftags&post=120139"}],"curies":[{"name":"wp","href":"https:\/\/api.w.org\/{rel}","templated":true}]}}