{"id":120142,"date":"2024-03-13T19:56:26","date_gmt":"2024-03-14T01:56:26","guid":{"rendered":"https:\/\/lospoliticosveracruz.com.mx\/?p=120142"},"modified":"2024-03-14T14:08:11","modified_gmt":"2024-03-14T20:08:11","slug":"pacificar-al-pais-i","status":"publish","type":"post","link":"https:\/\/lospoliticosveracruz.com.mx\/?p=120142","title":{"rendered":"PACIFICAR AL PA\u00cdS I"},"content":{"rendered":"\n<p><strong>El Chueco<br><\/strong><em>Tinta y tiempo<\/em><\/p>\n\n\n\n<p>Lo que dejo por escrito no est\u00e1 tallado en granito, yo apenas suelto en el viento presentimientos. Pido lo que necesito: tinta y tiempo, tinta y tiempo, as\u00ed versa el inicio de una canci\u00f3n Tinta y Tiempo del gran m\u00fasico Uruguayo Jorge Drexler, en el disco de igual nombre, este excelso trabajo musical dedicado al amor desde la visi\u00f3n cient\u00edfica, que al final, el autor es lo que es, un m\u00e9dico otorrinolaring\u00f3logo.<\/p>\n\n\n\n<figure class=\"wp-block-image size-large\"><a href=\"https:\/\/lospoliticosveracruz.com.mx\/wp-content\/uploads\/2016\/07\/Seguro-Julio-Cerecedo-2.jpg\"><img decoding=\"async\" src=\"https:\/\/lospoliticosveracruz.com.mx\/wp-content\/uploads\/2016\/07\/Seguro-Julio-Cerecedo-2-1024x381.jpg\" alt=\"\" class=\"wp-image-105879\"\/><\/a><\/figure>\n\n\n\n<p><br>En fin, toda esa antesala musical es para presentar el nombre de la nueva columna del que escribe, ahora en este medio, al que agradezco la apertura, al final, la libertad es el camino\u2026<br>La Conferencia del Episcopado Mexicano, el pasado lunes convoc\u00f3 a los Candidatos de la Presidencia de M\u00e9xico, en orden alfab\u00e9tico: Jorge \u00c1lvarez Ma\u00fdnez, X\u00f3chitl G\u00e1lvez y Claudia Sheimbaum Pardo, para firmar el documento titulado \u201cCompromiso Nacional por la Paz\u201d, con el prop\u00f3sito de trazar ruta de acci\u00f3n colectiva con una perspectiva interdisciplinaria, corresponsable y articulada en busca de abordar, de manera efectiva, la profunda crisis de violencia y descomposici\u00f3n social que aqueja a M\u00e9xico.<br>Los autores del mencionado documento, trabajo arduo de escucha y di\u00e1logo con la colaboraci\u00f3n de migrantes, universidades, empresas y colectivos, lograron identificar necesidades y recursos locales; los antes mencionados plantearon sus visiones sobre el tejido social, seguridad, justicia, c\u00e1rceles, adolescentes, gobernanza y Derechos Humanos, de los cuales, considero, en este \u00faltimo t\u00f3pico descansa la b\u00fasqueda de la paz.<br>Ma\u00fdnez y G\u00e1lvez, firmaron sin mayor trascendencia, en cambio la Doctora Claudia, dio un firme posicionamiento en defensa de la visi\u00f3n de la Cuarta Transformaci\u00f3n, en esencia, la discrepancia de \u201cla evaluaci\u00f3n de la degradaci\u00f3n del momento actual\u201d, a final de cuentas, para el dise\u00f1o de la pol\u00edtica p\u00fablica se necesita un riguroso diagn\u00f3stico para partir de realidades y no de narrativas creadas a modo, como bien lo dec\u00eda el Dr. Daniel Tapia, lo que no se puede medir, no sirve, o como dijeran por ah\u00ed\u2026 \u201clos n\u00fameros no mienten\u201d.<br>En este sentido, si bien se han impulsado acciones de gobierno, lo cual ha sido razonablemente bueno, porque una instituci\u00f3n que de alg\u00fan modo \u201csalva\u201d, no lo es todo, la paz, es un resultado de m\u00faltiples factores, como las libertades, la justicia, el estado de derecho, y la educaci\u00f3n (entend\u00e1mosla en el sentido m\u00e1s amplio).<br>Haciendo uso del derecho a la libertad, es v\u00e1lido que la Candidata morenista haya tenido diferencias de pensamiento con el documento, sin embargo, es importante escuchar, tolerar y recapitular, porque la pluralidad puede dar sabias enmiendas.<br>Si bien, los apoyos a los que menos tienen, es un avance pero de base, \u00bfy qu\u00e9 sigue?.<br>Lo l\u00f3gico, es plantear el c\u00f3mo avanzar hacia la construcci\u00f3n de un pa\u00eds con oportunidades para todas las personas, pero eso lo vamos a comentar la siguiente semana, en v\u00edspera de la primavera.<\/p>\n","protected":false},"excerpt":{"rendered":"<p>El ChuecoTinta y tiempo Lo que dejo por escrito no est\u00e1 tallado en granito, yo apenas suelto en el viento presentimientos. Pido lo que necesito: tinta y tiempo, tinta y tiempo, as\u00ed versa el inicio de una canci\u00f3n Tinta y Tiempo del gran m\u00fasico Uruguayo Jorge Drexler, en el disco de igual nombre, este excelso [&hellip;]<\/p>\n","protected":false},"author":2,"featured_media":120221,"comment_status":"closed","ping_status":"closed","sticky":false,"template":"","format":"standard","meta":{"_jetpack_newsletter_access":"","_jetpack_dont_email_post_to_subs":false,"_jetpack_newsletter_tier_id":0,"_jetpack_memberships_contains_paywalled_content":false,"_jetpack_memberships_contains_paid_content":false,"footnotes":""},"categories":[70],"tags":[36730,40436,40435,17531],"class_list":["post-120142","post","type-post","status-publish","format-standard","has-post-thumbnail","hentry","category-de-opinion","tag-el-chueco","tag-jorge-alvarez-maynez-3","tag-jorge-drexler","tag-xochitl-galvez"],"jetpack_featured_media_url":"https:\/\/lospoliticosveracruz.com.mx\/wp-content\/uploads\/2024\/03\/El-Chueco-1.jpg","jetpack_sharing_enabled":true,"jetpack_shortlink":"https:\/\/wp.me\/p4Qcd3-vfM","_links":{"self":[{"href":"https:\/\/lospoliticosveracruz.com.mx\/index.php?rest_route=\/wp\/v2\/posts\/120142","targetHints":{"allow":["GET"]}}],"collection":[{"href":"https:\/\/lospoliticosveracruz.com.mx\/index.php?rest_route=\/wp\/v2\/posts"}],"about":[{"href":"https:\/\/lospoliticosveracruz.com.mx\/index.php?rest_route=\/wp\/v2\/types\/post"}],"author":[{"embeddable":true,"href":"https:\/\/lospoliticosveracruz.com.mx\/index.php?rest_route=\/wp\/v2\/users\/2"}],"replies":[{"embeddable":true,"href":"https:\/\/lospoliticosveracruz.com.mx\/index.php?rest_route=%2Fwp%2Fv2%2Fcomments&post=120142"}],"version-history":[{"count":1,"href":"https:\/\/lospoliticosveracruz.com.mx\/index.php?rest_route=\/wp\/v2\/posts\/120142\/revisions"}],"predecessor-version":[{"id":120144,"href":"https:\/\/lospoliticosveracruz.com.mx\/index.php?rest_route=\/wp\/v2\/posts\/120142\/revisions\/120144"}],"wp:featuredmedia":[{"embeddable":true,"href":"https:\/\/lospoliticosveracruz.com.mx\/index.php?rest_route=\/wp\/v2\/media\/120221"}],"wp:attachment":[{"href":"https:\/\/lospoliticosveracruz.com.mx\/index.php?rest_route=%2Fwp%2Fv2%2Fmedia&parent=120142"}],"wp:term":[{"taxonomy":"category","embeddable":true,"href":"https:\/\/lospoliticosveracruz.com.mx\/index.php?rest_route=%2Fwp%2Fv2%2Fcategories&post=120142"},{"taxonomy":"post_tag","embeddable":true,"href":"https:\/\/lospoliticosveracruz.com.mx\/index.php?rest_route=%2Fwp%2Fv2%2Ftags&post=120142"}],"curies":[{"name":"wp","href":"https:\/\/api.w.org\/{rel}","templated":true}]}}