{"id":120146,"date":"2024-03-13T21:43:41","date_gmt":"2024-03-14T03:43:41","guid":{"rendered":"https:\/\/lospoliticosveracruz.com.mx\/?p=120146"},"modified":"2024-03-13T21:43:57","modified_gmt":"2024-03-14T03:43:57","slug":"zenyazen-se-pone-aromatico","status":"publish","type":"post","link":"https:\/\/lospoliticosveracruz.com.mx\/?p=120146","title":{"rendered":"ZENYAZEN SE PONE AROM\u00c1TICO!"},"content":{"rendered":"\n<p><\/p>\n\n\n\n<p><strong>Fort\u00edn de las Flores<br><\/strong>El candidato a diputado federal por el Distrito 16 de la coalici\u00f3n \u201cSigamos Haciendo Historia\u201d (Morena, PT, PVEM), Zenyazen Escobar, reiter\u00f3 su compromiso con el desarrollo agr\u00edcola y la justicia social, al asegurar que, con el apoyo del pueblo, buscar\u00e1 impulsar iniciativas que sirvan al rescate del caf\u00e9 y a sus productores.<\/p>\n\n\n<div class=\"wp-block-image\">\n<figure class=\"alignleft size-medium\"><a href=\"https:\/\/lospoliticosveracruz.com.mx\/wp-content\/uploads\/2023\/02\/Estancia.jpg\"><img decoding=\"async\" src=\"https:\/\/lospoliticosveracruz.com.mx\/wp-content\/uploads\/2023\/02\/Estancia-190x300.jpg\" alt=\"\" class=\"wp-image-102751\"\/><\/a><\/figure><\/div>\n\n\n<p>Durante su recorrido por este municipio, destac\u00f3 la importancia de garantizar que los apoyos econ\u00f3micos lleguen directamente a los productores de caf\u00e9.<\/p>\n\n\n\n<p>A nivel nacional, Veracruz cuenta con 90 municipios cafetaleros, por lo cual el candidato (quien en 2018 encabez\u00f3 los trabajos del simposio \u201cFomento, Desarrollo e Impulso de la Producci\u00f3n, Distribuci\u00f3n y Comercializaci\u00f3n del Caf\u00e9 Veracruzano\u201d, cuando se desempe\u00f1aba como vocal de la Comisi\u00f3n Especial para atender a la industria del caf\u00e9 en la LXIV Legislatura del Congreso del Estado) reconoci\u00f3 la necesidad de aprobar la Ley del Caf\u00e9, actualmente estancada en la C\u00e1mara de Diputados.<\/p>\n\n\n\n<p>Subray\u00f3 que como legislador evitar\u00e1 que este tipo de beneficios queden estancados o se conviertan en letra muerta, por el contrario, se buscar\u00e1 \u201clograr un beneficio tambi\u00e9n para este sector\u201d.<\/p>\n","protected":false},"excerpt":{"rendered":"<p>Fort\u00edn de las FloresEl candidato a diputado federal por el Distrito 16 de la coalici\u00f3n \u201cSigamos Haciendo Historia\u201d (Morena, PT, PVEM), Zenyazen Escobar, reiter\u00f3 su compromiso con el desarrollo agr\u00edcola y la justicia social, al asegurar que, con el apoyo del pueblo, buscar\u00e1 impulsar iniciativas que sirvan al rescate del caf\u00e9 y a sus productores. [&hellip;]<\/p>\n","protected":false},"author":2,"featured_media":0,"comment_status":"closed","ping_status":"closed","sticky":false,"template":"","format":"standard","meta":{"_jetpack_newsletter_access":"","_jetpack_dont_email_post_to_subs":false,"_jetpack_newsletter_tier_id":0,"_jetpack_memberships_contains_paywalled_content":false,"_jetpack_memberships_contains_paid_content":false,"footnotes":""},"categories":[73],"tags":[1026,2289],"class_list":["post-120146","post","type-post","status-publish","format-standard","hentry","category-de-boleto","tag-morena","tag-pt"],"jetpack_featured_media_url":"","jetpack_sharing_enabled":true,"jetpack_shortlink":"https:\/\/wp.me\/p4Qcd3-vfQ","_links":{"self":[{"href":"https:\/\/lospoliticosveracruz.com.mx\/index.php?rest_route=\/wp\/v2\/posts\/120146","targetHints":{"allow":["GET"]}}],"collection":[{"href":"https:\/\/lospoliticosveracruz.com.mx\/index.php?rest_route=\/wp\/v2\/posts"}],"about":[{"href":"https:\/\/lospoliticosveracruz.com.mx\/index.php?rest_route=\/wp\/v2\/types\/post"}],"author":[{"embeddable":true,"href":"https:\/\/lospoliticosveracruz.com.mx\/index.php?rest_route=\/wp\/v2\/users\/2"}],"replies":[{"embeddable":true,"href":"https:\/\/lospoliticosveracruz.com.mx\/index.php?rest_route=%2Fwp%2Fv2%2Fcomments&post=120146"}],"version-history":[{"count":1,"href":"https:\/\/lospoliticosveracruz.com.mx\/index.php?rest_route=\/wp\/v2\/posts\/120146\/revisions"}],"predecessor-version":[{"id":120148,"href":"https:\/\/lospoliticosveracruz.com.mx\/index.php?rest_route=\/wp\/v2\/posts\/120146\/revisions\/120148"}],"wp:attachment":[{"href":"https:\/\/lospoliticosveracruz.com.mx\/index.php?rest_route=%2Fwp%2Fv2%2Fmedia&parent=120146"}],"wp:term":[{"taxonomy":"category","embeddable":true,"href":"https:\/\/lospoliticosveracruz.com.mx\/index.php?rest_route=%2Fwp%2Fv2%2Fcategories&post=120146"},{"taxonomy":"post_tag","embeddable":true,"href":"https:\/\/lospoliticosveracruz.com.mx\/index.php?rest_route=%2Fwp%2Fv2%2Ftags&post=120146"}],"curies":[{"name":"wp","href":"https:\/\/api.w.org\/{rel}","templated":true}]}}