{"id":120606,"date":"2024-03-20T17:37:35","date_gmt":"2024-03-20T23:37:35","guid":{"rendered":"https:\/\/lospoliticosveracruz.com.mx\/?p=120606"},"modified":"2024-03-20T17:37:45","modified_gmt":"2024-03-20T23:37:45","slug":"a-luchar-por-la-salud","status":"publish","type":"post","link":"https:\/\/lospoliticosveracruz.com.mx\/?p=120606","title":{"rendered":"A LUCHAR POR LA SALUD!"},"content":{"rendered":"\n<p><\/p>\n\n\n\n<p>En su recorrido de campa\u00f1a por Tuxpan, el candidato al Senado de la Rep\u00fablica por la coalici\u00f3n Fuerza y Coraz\u00f3n por Veracruz, Miguel \u00c1ngel Yunes M\u00e1rquez, afirm\u00f3 que el tema de la salud es algo que preocupa a todos los veracruzanos, por lo que como Senador luchar\u00e1 para que tengan buenos servicios.<\/p>\n\n\n<div class=\"wp-block-image\">\n<figure class=\"alignleft size-large is-resized\"><a href=\"https:\/\/lospoliticosveracruz.com.mx\/wp-content\/uploads\/2023\/08\/Alex.jpg\"><img decoding=\"async\" src=\"https:\/\/lospoliticosveracruz.com.mx\/wp-content\/uploads\/2023\/08\/Alex-1024x791.jpg\" alt=\"\" class=\"wp-image-110522\" style=\"width:189px;height:auto\"\/><\/a><\/figure><\/div>\n\n\n<p>\u201cEstoy muy preocupado por lo que estoy viendo en todo el estado; de norte a sur hay una gran molestia por la falta de medicinas, y por todo lo que ha venido pasando a partir de que desapareci\u00f3 el Seguro Popular\u201d, expres\u00f3.<\/p>\n\n\n\n<p>Inform\u00f3 que casi 5 millones de veracruzanos y veracruzanas dejaron de tener un servicio de salud de calidad, y ahora la gente no puede acceder f\u00e1cilmente a una cita con un especialista, adem\u00e1s de que no hay medicinas en los hospitales, y no hay la posibilidad de tener de manera r\u00e1pida una operaci\u00f3n.<\/p>\n\n\n\n<p>\u201cLa gente literalmente se est\u00e1 muriendo, los hospitales est\u00e1n en las peores condiciones y esto es algo que indigna a todos los veracruzanos\u201d, enfatiz\u00f3.<\/p>\n\n\n\n<p>Yunes M\u00e1rquez reiter\u00f3 su compromiso a luchar para impulsar desde el Senado que regrese el Seguro Popular, y a trabajar incansablemente para promover iniciativas legislativas que garanticen el acceso equitativo a servicios de salud de calidad para todos los habitantes de Veracruz.<\/p>\n\n\n\n<p>Por \u00faltimo, Miguel \u00c1ngel Yunes M\u00e1rquez manifest\u00f3 que hay muchas necesidades en Veracruz, sin embargo, el tema de salud es uno de los que m\u00e1s le preocupa.<\/p>\n","protected":false},"excerpt":{"rendered":"<p>En su recorrido de campa\u00f1a por Tuxpan, el candidato al Senado de la Rep\u00fablica por la coalici\u00f3n Fuerza y Coraz\u00f3n por Veracruz, Miguel \u00c1ngel Yunes M\u00e1rquez, afirm\u00f3 que el tema de la salud es algo que preocupa a todos los veracruzanos, por lo que como Senador luchar\u00e1 para que tengan buenos servicios. \u201cEstoy muy preocupado [&hellip;]<\/p>\n","protected":false},"author":2,"featured_media":0,"comment_status":"closed","ping_status":"closed","sticky":false,"template":"","format":"standard","meta":{"_jetpack_newsletter_access":"","_jetpack_dont_email_post_to_subs":false,"_jetpack_newsletter_tier_id":0,"_jetpack_memberships_contains_paywalled_content":false,"_jetpack_memberships_contains_paid_content":false,"footnotes":""},"categories":[73],"tags":[536],"class_list":["post-120606","post","type-post","status-publish","format-standard","hentry","category-de-boleto","tag-miguel-angel-yunes-marquez"],"jetpack_featured_media_url":"","jetpack_sharing_enabled":true,"jetpack_shortlink":"https:\/\/wp.me\/p4Qcd3-vng","_links":{"self":[{"href":"https:\/\/lospoliticosveracruz.com.mx\/index.php?rest_route=\/wp\/v2\/posts\/120606","targetHints":{"allow":["GET"]}}],"collection":[{"href":"https:\/\/lospoliticosveracruz.com.mx\/index.php?rest_route=\/wp\/v2\/posts"}],"about":[{"href":"https:\/\/lospoliticosveracruz.com.mx\/index.php?rest_route=\/wp\/v2\/types\/post"}],"author":[{"embeddable":true,"href":"https:\/\/lospoliticosveracruz.com.mx\/index.php?rest_route=\/wp\/v2\/users\/2"}],"replies":[{"embeddable":true,"href":"https:\/\/lospoliticosveracruz.com.mx\/index.php?rest_route=%2Fwp%2Fv2%2Fcomments&post=120606"}],"version-history":[{"count":1,"href":"https:\/\/lospoliticosveracruz.com.mx\/index.php?rest_route=\/wp\/v2\/posts\/120606\/revisions"}],"predecessor-version":[{"id":120608,"href":"https:\/\/lospoliticosveracruz.com.mx\/index.php?rest_route=\/wp\/v2\/posts\/120606\/revisions\/120608"}],"wp:attachment":[{"href":"https:\/\/lospoliticosveracruz.com.mx\/index.php?rest_route=%2Fwp%2Fv2%2Fmedia&parent=120606"}],"wp:term":[{"taxonomy":"category","embeddable":true,"href":"https:\/\/lospoliticosveracruz.com.mx\/index.php?rest_route=%2Fwp%2Fv2%2Fcategories&post=120606"},{"taxonomy":"post_tag","embeddable":true,"href":"https:\/\/lospoliticosveracruz.com.mx\/index.php?rest_route=%2Fwp%2Fv2%2Ftags&post=120606"}],"curies":[{"name":"wp","href":"https:\/\/api.w.org\/{rel}","templated":true}]}}