{"id":120609,"date":"2024-03-20T17:48:51","date_gmt":"2024-03-20T23:48:51","guid":{"rendered":"https:\/\/lospoliticosveracruz.com.mx\/?p=120609"},"modified":"2024-03-20T17:49:02","modified_gmt":"2024-03-20T23:49:02","slug":"es-nahle-5","status":"publish","type":"post","link":"https:\/\/lospoliticosveracruz.com.mx\/?p=120609","title":{"rendered":"ES NAHLE!"},"content":{"rendered":"\n<p><\/p>\n\n\n\n<p>Que no quepa la menor duda, la pr\u00f3xima gobernadora de Veracruz ser\u00e1 Roc\u00edo Nahle Garc\u00eda, afirm\u00f3 la candidata presidencial de la coalici\u00f3n \u201cSigamos Haciendo Historia\u201d, Claudia Sheinbaum, porque as\u00ed lo quieren los veracruzanos.<\/p>\n\n\n\n<p>No hay que olvidar que Nahle Garc\u00eda tiene todo el respaldo Claudia Sheinbaum, quien el pasado 18 de marzo, en el marco del 86.\u00b0 aniversario de la Expropiaci\u00f3n Petrolera, afirm\u00f3 que una buena parte de las plantas petroqu\u00edmicas est\u00e1n en Veracruz, por ello, se invertir\u00e1n recursos para impulsar la industria petroqu\u00edmica, como uno de los ejes centrales del desarrollo de Petr\u00f3leos Mexicanos (PEMEX).<\/p>\n\n\n\n<p>Precisamente en Veracruz la guerra sucia est\u00e1 en todo su apogeo contra la candidata de la coalici\u00f3n \u201cSigamos Haciendo Historia\u201d (Morena, PVEM, PT y Fuerza x M\u00e9xico), Roc\u00edo Nahle Garc\u00eda, y eso que a\u00fan no empieza la campa\u00f1a rumbo a la gubernatura. Y es que Veracruz es el cuarto estado con el mayor n\u00famero de electores, pues seis millones 79 mil 912 ciudadanos podr\u00e1n votar el pr\u00f3ximo 2 de junio.<\/p>\n\n\n\n<p>Es un secreto a voces, atr\u00e1s de toda esa guerra sucia est\u00e1 la familia de los Yunes, que con su pensamiento machista y enfermo de poder trata a toda costa de desacreditar a Roc\u00edo Nahle Garc\u00eda, porque sencillamente le lleva la delantera al candidato del PRI, PAN y PRD, Jos\u00e9 Francisco Yunes Zorrilla, partidos que por s\u00ed solos no pueden y no les qued\u00f3 de otra que unirse en coalici\u00f3n (Fuerza y Coraz\u00f3n por Veracruz), adem\u00e1s, cabe recordar que estuvieron en el poder y hundieron a Veracruz en la pobreza, inseguridad y corrupci\u00f3n, sin olvidar que el sistema de salud colaps\u00f3 y las escuelas quedaron en el olvido.<\/p>\n\n\n\n<p>La carrera por la gubernatura empezar\u00e1 el 31 de marzo, y durante dos meses los candidatos se medir\u00e1n fuerzas para ver de cu\u00e1l cuero salen m\u00e1s correas; seguramente los rojos, azules y amarillos har\u00e1n hasta lo imposible por detener a la candidata emanada de Morena, pero ya lo dijo ella: se enfocar\u00e1 en su carrera y propuestas, y no caer\u00e1 en provocaciones.<\/p>\n\n\n\n<p>Y es que los de la coalici\u00f3n Fuerza y Coraz\u00f3n por Veracruz son tan ingenuos que piensan que los veracruzanos ya olvidaron c\u00f3mo qued\u00f3 Veracruz despu\u00e9s del bienio panista que encabez\u00f3 Miguel \u00c1ngel Yunes Linares. Pues bien, que sigan pensando as\u00ed y tremendo descalabro tendr\u00e1n el 2 de junio.<\/p>\n\n\n\n<p>Est\u00e1 claro como el agua que con Roc\u00edo Nahle comenzar\u00e1 una nueva etapa de transformaci\u00f3n en Veracruz, para concretar y comenzar proyectos, porque este estado es la puerta de entrada al sureste mexicano y como tal tiene que afianzar todo su potencial.<\/p>\n","protected":false},"excerpt":{"rendered":"<p>Que no quepa la menor duda, la pr\u00f3xima gobernadora de Veracruz ser\u00e1 Roc\u00edo Nahle Garc\u00eda, afirm\u00f3 la candidata presidencial de la coalici\u00f3n \u201cSigamos Haciendo Historia\u201d, Claudia Sheinbaum, porque as\u00ed lo quieren los veracruzanos. No hay que olvidar que Nahle Garc\u00eda tiene todo el respaldo Claudia Sheinbaum, quien el pasado 18 de marzo, en el marco [&hellip;]<\/p>\n","protected":false},"author":2,"featured_media":0,"comment_status":"closed","ping_status":"closed","sticky":false,"template":"","format":"standard","meta":{"_jetpack_newsletter_access":"","_jetpack_dont_email_post_to_subs":false,"_jetpack_newsletter_tier_id":0,"_jetpack_memberships_contains_paywalled_content":false,"_jetpack_memberships_contains_paid_content":false,"footnotes":""},"categories":[73],"tags":[],"class_list":["post-120609","post","type-post","status-publish","format-standard","hentry","category-de-boleto"],"jetpack_featured_media_url":"","jetpack_sharing_enabled":true,"jetpack_shortlink":"https:\/\/wp.me\/p4Qcd3-vnj","_links":{"self":[{"href":"https:\/\/lospoliticosveracruz.com.mx\/index.php?rest_route=\/wp\/v2\/posts\/120609","targetHints":{"allow":["GET"]}}],"collection":[{"href":"https:\/\/lospoliticosveracruz.com.mx\/index.php?rest_route=\/wp\/v2\/posts"}],"about":[{"href":"https:\/\/lospoliticosveracruz.com.mx\/index.php?rest_route=\/wp\/v2\/types\/post"}],"author":[{"embeddable":true,"href":"https:\/\/lospoliticosveracruz.com.mx\/index.php?rest_route=\/wp\/v2\/users\/2"}],"replies":[{"embeddable":true,"href":"https:\/\/lospoliticosveracruz.com.mx\/index.php?rest_route=%2Fwp%2Fv2%2Fcomments&post=120609"}],"version-history":[{"count":2,"href":"https:\/\/lospoliticosveracruz.com.mx\/index.php?rest_route=\/wp\/v2\/posts\/120609\/revisions"}],"predecessor-version":[{"id":120612,"href":"https:\/\/lospoliticosveracruz.com.mx\/index.php?rest_route=\/wp\/v2\/posts\/120609\/revisions\/120612"}],"wp:attachment":[{"href":"https:\/\/lospoliticosveracruz.com.mx\/index.php?rest_route=%2Fwp%2Fv2%2Fmedia&parent=120609"}],"wp:term":[{"taxonomy":"category","embeddable":true,"href":"https:\/\/lospoliticosveracruz.com.mx\/index.php?rest_route=%2Fwp%2Fv2%2Fcategories&post=120609"},{"taxonomy":"post_tag","embeddable":true,"href":"https:\/\/lospoliticosveracruz.com.mx\/index.php?rest_route=%2Fwp%2Fv2%2Ftags&post=120609"}],"curies":[{"name":"wp","href":"https:\/\/api.w.org\/{rel}","templated":true}]}}