{"id":120627,"date":"2024-03-21T07:44:24","date_gmt":"2024-03-21T13:44:24","guid":{"rendered":"https:\/\/lospoliticosveracruz.com.mx\/?p=120627"},"modified":"2024-03-21T07:44:46","modified_gmt":"2024-03-21T13:44:46","slug":"roman-en-el-1-2","status":"publish","type":"post","link":"https:\/\/lospoliticosveracruz.com.mx\/?p=120627","title":{"rendered":"ROM\u00c1N, EN EL 1-2!"},"content":{"rendered":"\n<p><strong>Xalapa<\/strong><\/p>\n\n\n\n<p>El candidato suplente a la diputaci\u00f3n federal por Xalapa, Rom\u00e1n Moreno, este mi\u00e9rcoles por la noche realiz\u00f3 un intenso recorrido por las principales calles del centro de Xalapa para dar a conocer algunas de las propuestas de su compa\u00f1ero de f\u00f3rmula Am\u00e9rico Z\u00fa\u00f1iga Mart\u00ednez.<\/p>\n\n\n<div class=\"wp-block-image\">\n<figure class=\"alignleft size-large is-resized\"><a href=\"https:\/\/lospoliticosveracruz.com.mx\/wp-content\/uploads\/2023\/08\/Alex.jpg\"><img decoding=\"async\" src=\"https:\/\/lospoliticosveracruz.com.mx\/wp-content\/uploads\/2023\/08\/Alex-1024x791.jpg\" alt=\"\" class=\"wp-image-110522\" style=\"width:177px;height:auto\"\/><\/a><\/figure><\/div>\n\n\n<p>El abanderado de la coalici\u00f3n Fuerza y Coraz\u00f3n por M\u00e9xico dialog\u00f3 con los ciudadanos que a su paso se encontraba para informarles acerca del proyecto legislativo.&nbsp;<\/p>\n\n\n\n<p>Los xalape\u00f1os escuchaban con atenci\u00f3n al candidato suplente Rom\u00e1n Moreno, quien les explicaba algunas de las 46 propuestas con las que se busca beneficiar a toda la poblaci\u00f3n de la ciudad capital.&nbsp;<\/p>\n\n\n\n<p>Asimismo, los invitaba a reflexionar sobre el trabajo que ha realizado el candidato Am\u00e9rico Z\u00fa\u00f1iga Mart\u00ednez desde hace 20 a\u00f1os al servicio de la ciudadan\u00eda y le brinden un voto de confianza.&nbsp;<\/p>\n\n\n\n<p>Rom\u00e1n Moreno fue bien recibido por las personas con quienes platicaba, tanto j\u00f3venes como adultos mayores.&nbsp;<\/p>\n\n\n\n<p>El candidato suplente a la diputaci\u00f3n federal por el Distrito X de Xalapa, camin\u00f3 por la zona de Los Lagos, avenida Enr\u00edquez, Xalape\u00f1os Ilustres, entre muchas otras.<\/p>\n","protected":false},"excerpt":{"rendered":"<p>Xalapa El candidato suplente a la diputaci\u00f3n federal por Xalapa, Rom\u00e1n Moreno, este mi\u00e9rcoles por la noche realiz\u00f3 un intenso recorrido por las principales calles del centro de Xalapa para dar a conocer algunas de las propuestas de su compa\u00f1ero de f\u00f3rmula Am\u00e9rico Z\u00fa\u00f1iga Mart\u00ednez. El abanderado de la coalici\u00f3n Fuerza y Coraz\u00f3n por M\u00e9xico [&hellip;]<\/p>\n","protected":false},"author":2,"featured_media":0,"comment_status":"closed","ping_status":"closed","sticky":false,"template":"","format":"standard","meta":{"_jetpack_newsletter_access":"","_jetpack_dont_email_post_to_subs":false,"_jetpack_newsletter_tier_id":0,"_jetpack_memberships_contains_paywalled_content":false,"_jetpack_memberships_contains_paid_content":false,"footnotes":""},"categories":[73],"tags":[],"class_list":["post-120627","post","type-post","status-publish","format-standard","hentry","category-de-boleto"],"jetpack_featured_media_url":"","jetpack_sharing_enabled":true,"jetpack_shortlink":"https:\/\/wp.me\/p4Qcd3-vnB","_links":{"self":[{"href":"https:\/\/lospoliticosveracruz.com.mx\/index.php?rest_route=\/wp\/v2\/posts\/120627","targetHints":{"allow":["GET"]}}],"collection":[{"href":"https:\/\/lospoliticosveracruz.com.mx\/index.php?rest_route=\/wp\/v2\/posts"}],"about":[{"href":"https:\/\/lospoliticosveracruz.com.mx\/index.php?rest_route=\/wp\/v2\/types\/post"}],"author":[{"embeddable":true,"href":"https:\/\/lospoliticosveracruz.com.mx\/index.php?rest_route=\/wp\/v2\/users\/2"}],"replies":[{"embeddable":true,"href":"https:\/\/lospoliticosveracruz.com.mx\/index.php?rest_route=%2Fwp%2Fv2%2Fcomments&post=120627"}],"version-history":[{"count":2,"href":"https:\/\/lospoliticosveracruz.com.mx\/index.php?rest_route=\/wp\/v2\/posts\/120627\/revisions"}],"predecessor-version":[{"id":120630,"href":"https:\/\/lospoliticosveracruz.com.mx\/index.php?rest_route=\/wp\/v2\/posts\/120627\/revisions\/120630"}],"wp:attachment":[{"href":"https:\/\/lospoliticosveracruz.com.mx\/index.php?rest_route=%2Fwp%2Fv2%2Fmedia&parent=120627"}],"wp:term":[{"taxonomy":"category","embeddable":true,"href":"https:\/\/lospoliticosveracruz.com.mx\/index.php?rest_route=%2Fwp%2Fv2%2Fcategories&post=120627"},{"taxonomy":"post_tag","embeddable":true,"href":"https:\/\/lospoliticosveracruz.com.mx\/index.php?rest_route=%2Fwp%2Fv2%2Ftags&post=120627"}],"curies":[{"name":"wp","href":"https:\/\/api.w.org\/{rel}","templated":true}]}}