{"id":120801,"date":"2024-03-23T17:23:46","date_gmt":"2024-03-23T23:23:46","guid":{"rendered":"https:\/\/lospoliticosveracruz.com.mx\/?p=120801"},"modified":"2024-03-23T17:23:52","modified_gmt":"2024-03-23T23:23:52","slug":"morena-agravo-crisis-ambiental","status":"publish","type":"post","link":"https:\/\/lospoliticosveracruz.com.mx\/?p=120801","title":{"rendered":"MORENA AGRAV\u00d3 CRISIS AMBIENTAL!"},"content":{"rendered":"\n<p><em>Xalapa<\/em><br>En M\u00e9xico vivimos una triste y lamentable situaci\u00f3n ambiental. Morena agrav\u00f3 los problemas y apost\u00f3 por la generaci\u00f3n de electricidad a trav\u00e9s de combust\u00f3leo, altamente contaminantes para la atm\u00f3sfera, se\u00f1al\u00f3 el candidato a la diputaci\u00f3n federal por Xalapa, Am\u00e9rico Z\u00fa\u00f1iga Mart\u00ednez.<\/p>\n\n\n\n<p>El abanderado de la coalici\u00f3n Fuerza y Coraz\u00f3n por M\u00e9xico indic\u00f3 que Morena devast\u00f3 la selva maya con la construcci\u00f3n del tren, adem\u00e1s de que se dej\u00f3 de invertir en la generaci\u00f3n de fuentes de agua y en la recarga de acu\u00edferos.<\/p>\n\n\n\n<p>\u00abNuestro pa\u00eds ha incumplido los acuerdos internacionales para la reducci\u00f3n de contaminantes\u00bb, manifest\u00f3.<\/p>\n\n\n\n<p>Por ello, Am\u00e9rico Z\u00fa\u00f1iga dijo que hoy se sum\u00f3 a la iniciativa mundial: La hora del planeta.<\/p>\n\n\n\n<p>\u00abApaguemos nuestras computadoras, televisiones, y todo lo que tenga que ver con energ\u00eda el\u00e9ctrica entre 20:30 y 21:30 horas. Demos un respiro a Xalapa y a M\u00e9xico. Salvemos al planeta\u00bb.<\/p>\n\n\n\n<p>El candidato expuso que es urgente tomar acciones por nuestro medio ambiente. \u00abMorena ha exacerbado los problemas con decisiones como la generaci\u00f3n de electricidad con combust\u00f3leo y la devastaci\u00f3n de la selva maya\u00bb.<\/p>\n\n\n\n<p>Este s\u00e1bado, en un intenso d\u00eda de actividades, acompa\u00f1\u00f3 a Jos\u00e9 Francisco Yunes Zorrilla al OPLE a registrarse como candidato de la coalici\u00f3n Fuerza y Coraz\u00f3n a la gubernatura de Veracruz. M\u00e1s tarde, estuvo en el 101 aniversario de la CNC, luego acudi\u00f3 a una reuni\u00f3n multitudinaria en el auditorio de la CNOP, llev\u00f3 a cabo un amplio recorrido por la colonia Benito Ju\u00e1rez y dialog\u00f3 tambi\u00e9n con vecinos de la colonia Am\u00e9rica.<\/p>\n\n\n\n<p>REUNI\u00d3N CON SIMESA<\/p>\n\n\n\n<p>Cabe destacar que Am\u00e9rico Z\u00fa\u00f1iga Mart\u00ednez tambi\u00e9n se reuni\u00f3 con integrantes del Sindicato Mexicano de la Salud de Veracruz (SIMESA).<\/p>\n\n\n\n<p>Congregados en un sal\u00f3n de eventos, destac\u00f3 su respaldo y apoyo al gremio. \u00abHoy SIMESA Veracruz est\u00e1 creciendo a un ritmo que dentro de muy poco tiempo, seguro estoy, ser\u00e1n los titulares de las condiciones generales del trabajo y del contrato colectivo de Servicios de Salud\u00bb.<\/p>\n\n\n\n<p>El abanderado agreg\u00f3 que seguir\u00e1n trabajando y defender\u00e1 los derechos de los trabajadores de salud.<\/p>\n\n\n\n<p>Por su parte, el candidato suplente Rom\u00e1n Moreno expuso que tiene puesta la camisa de la salud y tiene un compromiso moral, por lo que dar\u00e1 su respaldo a los trabajadores del sector.<\/p>\n\n\n\n<p>Estuvieron el secretario general en Veracruz, \u00d3scar Monz\u00f3n, y en representaci\u00f3n del l\u00edder nacional Ricardo Cruz Cotero, \u00d3scar Rivas Maldonado.<\/p>\n","protected":false},"excerpt":{"rendered":"<p>XalapaEn M\u00e9xico vivimos una triste y lamentable situaci\u00f3n ambiental. Morena agrav\u00f3 los problemas y apost\u00f3 por la generaci\u00f3n de electricidad a trav\u00e9s de combust\u00f3leo, altamente contaminantes para la atm\u00f3sfera, se\u00f1al\u00f3 el candidato a la diputaci\u00f3n federal por Xalapa, Am\u00e9rico Z\u00fa\u00f1iga Mart\u00ednez. El abanderado de la coalici\u00f3n Fuerza y Coraz\u00f3n por M\u00e9xico indic\u00f3 que Morena devast\u00f3 [&hellip;]<\/p>\n","protected":false},"author":2,"featured_media":0,"comment_status":"closed","ping_status":"closed","sticky":false,"template":"","format":"standard","meta":{"_jetpack_newsletter_access":"","_jetpack_dont_email_post_to_subs":false,"_jetpack_newsletter_tier_id":0,"_jetpack_memberships_contains_paywalled_content":false,"_jetpack_memberships_contains_paid_content":false,"footnotes":""},"categories":[73],"tags":[483,1037,40533,40534,40459,90,195],"class_list":["post-120801","post","type-post","status-publish","format-standard","hentry","category-de-boleto","tag-americo-zuniga","tag-medio-ambiente","tag-oscar-monzon","tag-ricardo-cruz-cotero","tag-roman-moreno","tag-salud","tag-veracruz"],"jetpack_featured_media_url":"","jetpack_sharing_enabled":true,"jetpack_shortlink":"https:\/\/wp.me\/p4Qcd3-vqp","_links":{"self":[{"href":"https:\/\/lospoliticosveracruz.com.mx\/index.php?rest_route=\/wp\/v2\/posts\/120801","targetHints":{"allow":["GET"]}}],"collection":[{"href":"https:\/\/lospoliticosveracruz.com.mx\/index.php?rest_route=\/wp\/v2\/posts"}],"about":[{"href":"https:\/\/lospoliticosveracruz.com.mx\/index.php?rest_route=\/wp\/v2\/types\/post"}],"author":[{"embeddable":true,"href":"https:\/\/lospoliticosveracruz.com.mx\/index.php?rest_route=\/wp\/v2\/users\/2"}],"replies":[{"embeddable":true,"href":"https:\/\/lospoliticosveracruz.com.mx\/index.php?rest_route=%2Fwp%2Fv2%2Fcomments&post=120801"}],"version-history":[{"count":1,"href":"https:\/\/lospoliticosveracruz.com.mx\/index.php?rest_route=\/wp\/v2\/posts\/120801\/revisions"}],"predecessor-version":[{"id":120803,"href":"https:\/\/lospoliticosveracruz.com.mx\/index.php?rest_route=\/wp\/v2\/posts\/120801\/revisions\/120803"}],"wp:attachment":[{"href":"https:\/\/lospoliticosveracruz.com.mx\/index.php?rest_route=%2Fwp%2Fv2%2Fmedia&parent=120801"}],"wp:term":[{"taxonomy":"category","embeddable":true,"href":"https:\/\/lospoliticosveracruz.com.mx\/index.php?rest_route=%2Fwp%2Fv2%2Fcategories&post=120801"},{"taxonomy":"post_tag","embeddable":true,"href":"https:\/\/lospoliticosveracruz.com.mx\/index.php?rest_route=%2Fwp%2Fv2%2Ftags&post=120801"}],"curies":[{"name":"wp","href":"https:\/\/api.w.org\/{rel}","templated":true}]}}