{"id":121121,"date":"2024-03-30T23:32:51","date_gmt":"2024-03-31T05:32:51","guid":{"rendered":"https:\/\/lospoliticosveracruz.com.mx\/?p=121121"},"modified":"2024-03-30T23:33:01","modified_gmt":"2024-03-31T05:33:01","slug":"nahle-y-pepe-2","status":"publish","type":"post","link":"https:\/\/lospoliticosveracruz.com.mx\/?p=121121","title":{"rendered":"NAHLE Y PEPE"},"content":{"rendered":"\n<p><strong>Jos\u00e9 Luis Ortega Vidal<\/strong><\/p>\n\n\n\n<p><em>Claroscuros<\/em><\/p>\n\n\n\n<p>(1)<br>El de ayer fue un s\u00e1bado singular en Acayucan, uno de los treinta y tres municipios veracruzanos cuya econom\u00eda se pretende impactar positivamente mediante el Corredor Interoce\u00e1nico del Istmo de Tehuantepec.<br>La monoton\u00eda de este pueblo jarocho, istme\u00f1o y de or\u00edgenes centenarios, se vio interrumpida por una circunstancia y un hecho: la liturgia de la Pasi\u00f3n del Se\u00f1or un d\u00eda antes y la v\u00edspera de la resurrecci\u00f3n, conformaron un s\u00e1bado de gloria caluroso y con miles de ciudadanos lanzados a playas y r\u00edos de la regi\u00f3n\u2026<br>Esa fue la circunstancia; en tanto, el hecho naci\u00f3 desde una tragedia: un joven empleado de una despachadora de cervezas, muri\u00f3 v\u00edctima de dos disparos en calles del antiguo barrio de Cruz Verde.<\/p>\n\n\n\n<p>(2)<br>Vale decir que, en el sur -como en la mayor parte del territorio veracruzano- los asesinatos se han convertido en algo com\u00fan; una suerte nueva y letal convivencia social, terriblemente dantesca.<br>La muerte como indicador para an\u00e1lisis de la econom\u00eda, de la pol\u00edtica, en una sociedad que ha encontrado, al respecto, una fuga tan cruenta como la sangre emanada de cuerpos inertes; como si la vida apenas fuese digna de convertirse en cifra de Estado.<br>Al respecto, la fuga de la sociedad veracruzana aparece en forma de indiferencia frente a la impunidad que, si bien no la justifica, ciertamente la explica\u2026<\/p>\n\n\n\n<p>(3)<br>Resulta tan com\u00fan la comisi\u00f3n de asesinatos sin que se detenga a culpables, que la reacci\u00f3n del grueso de la poblaci\u00f3n es continuar con su vida sin mirar atr\u00e1s, sin ver al frente, sin atender los robos de vidas por doquier\u2026<br>En el transcurso de la semana result\u00f3 asesinada una pareja aqu\u00ed nom\u00e1s entre los vecinos municipios de Soconusco y Texistepec; mientras que en Coatzacoalcos una joven mujer fue acribillada a bordo de un autob\u00fas\u2026<br>M\u00e9xico se desangra; Veracruz no es la excepci\u00f3n y el sur de la entidad abona su cuota alimentando un diagn\u00f3stico severo: el pa\u00eds, la entidad y la regi\u00f3n presentan s\u00edntomas de Estado fallido; se rompe nuestro tejido social\u2026<\/p>\n\n\n\n<p>(4)<br>La guerra contra el crimen organizado dio inicio mientras nos gobern\u00f3 el PAN, en diciembre del 2006\u2026<br>Se mantuvo e increment\u00f3 sus cifras mortales cuando el PRI volvi\u00f3 al poder, entre el 2012 y 2018\u2026<br>Y se ha incrementado tras cinco a\u00f1os y medio del arribo de la izquierda al poder federal -y estatal en el caso de Veracruz- con MORENA.<\/p>\n\n\n\n<p>(5)<br>Mientras usted lee este art\u00edculo, al concluir la Semana Santa del 2024, transcurre el inicio de la campa\u00f1a electoral por la gubernatura de Veracruz.<br>Compiten Roc\u00edo Nahle Garc\u00eda de la coalici\u00f3n Seguimos Haciendo Historia -MORENA\/PVEM\/PT- y Jos\u00e9 Yunes Zorrilla de la coalici\u00f3n Fuerza y Coraz\u00f3n por Veracruz -PAN\/PRI\/PRD-.<br>Hay un tercer participante: Hip\u00f3lito Deschamps Espino, del Movimiento Ciudadano (MC)<br>Se trata, empero, en el caso del se\u00f1or Deschamps Espino, de un testaferro de MORENA bajo las \u00f3rdenes de Dante Delgado Rannauro, senador y due\u00f1o de la franquicia del MC cuyo pacto con el presidente Andr\u00e9s Manuel L\u00f3pez Obrador resulta m\u00e1s que evidente a nivel estatal y federal\u2026<\/p>\n\n\n\n<p>(6)<br>La competencia real, entonces, ser\u00e1 entre Jos\u00e9 Yunes Zorrilla y Roc\u00edo Nahle Garc\u00eda\u2026<\/p>\n\n\n\n<p>(7)<br>A partir de hoy y hasta el veintisiete de mayo, viviremos la etapa donde la inteligencia -y la ley- obligan a la exposici\u00f3n de propuestas de trabajo por parte de los candidatos\u2026<\/p>\n\n\n\n<ul class=\"wp-block-list\">\n<li>Veremos, escucharemos, analizaremos diagn\u00f3sticos y planes espec\u00edficos de trabajo frente a un estado que pierde poblaci\u00f3n -ya no somos la tercera reserva electoral del pa\u00eds, Jalisco nos ha rebasado- al tiempo de incrementar sus rezagos hist\u00f3ricos en materia de justicia y desarrollo social\u2026<\/li>\n\n\n\n<li>\u00bfQu\u00e9 nos dir\u00e1n Roc\u00edo y Jos\u00e9 sobre un Veracruz v\u00edctima de la escasez de inversi\u00f3n p\u00fablica y privada?<\/li>\n\n\n\n<li>Un Veracruz rezagado -como casi todo el sureste de M\u00e9xico- frente al impulso y mejor\u00eda de indicadores productivos en el centro y norte de la Rep\u00fablica; entre ellos, los generados por el nearshoring, fen\u00f3meno frente al cual s\u00f3lo jugamos el pat\u00e9tico papel de mudos testigos\u2026<\/li>\n\n\n\n<li>Un Veracruz donde disminuyen recursos naturales que anta\u00f1o fueron motivo de orgullo y aportaci\u00f3n a la riqueza nacional: padecemos escasez de agua; nuestros bosques y selvas desaparecen; al norte, centro y sur, r\u00edos y lagunas cada d\u00eda est\u00e1n m\u00e1s contaminados; se deshielan nuestros volcanes\u2026<\/li>\n\n\n\n<li>Un estado cuya poblaci\u00f3n es cada d\u00eda m\u00e1s pobre:<\/li>\n<\/ul>\n\n\n\n<p>\u201cDe acuerdo con el Informe Anual Sobre la Situaci\u00f3n de Pobreza y Rezago Social 2023, elaborado por la Secretar\u00eda de Bienestar, se estima que alrededor de cinco millones setenta y seis mil personas, equivalentes al 60.8 por ciento de la poblaci\u00f3n total de Veracruz, se encuentran en situaci\u00f3n de pobreza.<br>El informe destaca que el 16 por ciento de la poblaci\u00f3n veracruzana se encuentra en pobreza extrema, lo que equivale a un mill\u00f3n trescientos treinta y siete mil personas, que enfrentan tres o m\u00e1s carencias sociales.\u201d En pobreza, m\u00e1s del 60 por ciento de la poblaci\u00f3n veracruzana &#8211; Hora Cero<\/p>\n\n\n\n<p>(8)<br>\u00bfCu\u00e1l argumento ofrecer\u00e1n Roc\u00edo Nahle y Jos\u00e9 Yunes a la familia del joven asesinado en Acayucan, durante un s\u00e1bado sin gloria y con luto abundante?<br>El dolor de una familia en el barrio acayuque\u00f1o de Cruz Verde, se extiende desde Las Choapas hasta P\u00e1nuco, desde las playas de Coatzacoalcos, Punta Delgada, Tuxpan, hasta las altas monta\u00f1as incendiadas de Huiloapan, sierra de Zongolica, la zona de Orizaba\u2026<\/p>\n\n\n\n<p>(9)<br>Se\u00f1ores candidatos, tienen nuestra atenci\u00f3n\u2026<br>No s\u00f3lo pidan el voto\u2026<br>Presenten diagn\u00f3sticos y propuestas coherentes, realistas, viables para soluciones mediatas e inmediatas porque Veracruz arde, lo mismo que buena parte del pa\u00eds\u2026<\/p>\n","protected":false},"excerpt":{"rendered":"<p>Jos\u00e9 Luis Ortega Vidal Claroscuros (1)El de ayer fue un s\u00e1bado singular en Acayucan, uno de los treinta y tres municipios veracruzanos cuya econom\u00eda se pretende impactar positivamente mediante el Corredor Interoce\u00e1nico del Istmo de Tehuantepec.La monoton\u00eda de este pueblo jarocho, istme\u00f1o y de or\u00edgenes centenarios, se vio interrumpida por una circunstancia y un hecho: [&hellip;]<\/p>\n","protected":false},"author":2,"featured_media":119931,"comment_status":"closed","ping_status":"closed","sticky":false,"template":"","format":"standard","meta":{"_jetpack_newsletter_access":"","_jetpack_dont_email_post_to_subs":false,"_jetpack_newsletter_tier_id":0,"_jetpack_memberships_contains_paywalled_content":false,"_jetpack_memberships_contains_paid_content":false,"footnotes":""},"categories":[70],"tags":[721,1026,570,7517,3578,195],"class_list":["post-121121","post","type-post","status-publish","format-standard","has-post-thumbnail","hentry","category-de-opinion","tag-elecciones","tag-morena","tag-pepe-yunes","tag-polo-deschamps","tag-rocio-nahle","tag-veracruz"],"jetpack_featured_media_url":"https:\/\/lospoliticosveracruz.com.mx\/wp-content\/uploads\/2024\/03\/Jose-Luis-Ortega-Vidal.jpg","jetpack_sharing_enabled":true,"jetpack_shortlink":"https:\/\/wp.me\/p4Qcd3-vvz","_links":{"self":[{"href":"https:\/\/lospoliticosveracruz.com.mx\/index.php?rest_route=\/wp\/v2\/posts\/121121","targetHints":{"allow":["GET"]}}],"collection":[{"href":"https:\/\/lospoliticosveracruz.com.mx\/index.php?rest_route=\/wp\/v2\/posts"}],"about":[{"href":"https:\/\/lospoliticosveracruz.com.mx\/index.php?rest_route=\/wp\/v2\/types\/post"}],"author":[{"embeddable":true,"href":"https:\/\/lospoliticosveracruz.com.mx\/index.php?rest_route=\/wp\/v2\/users\/2"}],"replies":[{"embeddable":true,"href":"https:\/\/lospoliticosveracruz.com.mx\/index.php?rest_route=%2Fwp%2Fv2%2Fcomments&post=121121"}],"version-history":[{"count":1,"href":"https:\/\/lospoliticosveracruz.com.mx\/index.php?rest_route=\/wp\/v2\/posts\/121121\/revisions"}],"predecessor-version":[{"id":121122,"href":"https:\/\/lospoliticosveracruz.com.mx\/index.php?rest_route=\/wp\/v2\/posts\/121121\/revisions\/121122"}],"wp:featuredmedia":[{"embeddable":true,"href":"https:\/\/lospoliticosveracruz.com.mx\/index.php?rest_route=\/wp\/v2\/media\/119931"}],"wp:attachment":[{"href":"https:\/\/lospoliticosveracruz.com.mx\/index.php?rest_route=%2Fwp%2Fv2%2Fmedia&parent=121121"}],"wp:term":[{"taxonomy":"category","embeddable":true,"href":"https:\/\/lospoliticosveracruz.com.mx\/index.php?rest_route=%2Fwp%2Fv2%2Fcategories&post=121121"},{"taxonomy":"post_tag","embeddable":true,"href":"https:\/\/lospoliticosveracruz.com.mx\/index.php?rest_route=%2Fwp%2Fv2%2Ftags&post=121121"}],"curies":[{"name":"wp","href":"https:\/\/api.w.org\/{rel}","templated":true}]}}