{"id":121128,"date":"2024-03-31T06:17:46","date_gmt":"2024-03-31T12:17:46","guid":{"rendered":"https:\/\/lospoliticosveracruz.com.mx\/?p=121128"},"modified":"2024-03-31T06:17:54","modified_gmt":"2024-03-31T12:17:54","slug":"veracruz-tendra-un-gobernador-de-verdad","status":"publish","type":"post","link":"https:\/\/lospoliticosveracruz.com.mx\/?p=121128","title":{"rendered":"VERACRUZ TENDR\u00c1 UN GOBERNADOR DE VERDAD!"},"content":{"rendered":"\n<p><em>Xalapa<\/em><\/p>\n\n\n\n<p>Lleg\u00f3 la hora del cambio en el estado. Veracruz tendr\u00e1 un gobernador de verdad. A Pepe Yunes lo avalan su preparaci\u00f3n y resultados, destac\u00f3 Am\u00e9rico Z\u00fa\u00f1iga Mart\u00ednez, candidato a la diputaci\u00f3n federal por Xalapa.<\/p>\n\n\n\n<p>\u00abInicia el camino para recuperar la tranquilidad, garantizar la aplicaci\u00f3n de la ley y llevar a Veracruz por el camino de la prosperidad\u00bb, subray\u00f3 en Boca del R\u00edo el abanderado de la coalici\u00f3n Fuerza y Coraz\u00f3n por M\u00e9xico durante el arranque de campa\u00f1a del candidato a la gubernatura.<\/p>\n\n\n\n<p>Adem\u00e1s, se\u00f1al\u00f3 que Morena le qued\u00f3 a deber a los veracruzanos. \u00abLos abrazos no funcionaron. La entidad est\u00e1 sumida en una crisis de seguridad\u00bb.<\/p>\n\n\n\n<p>Asimismo, dijo que los programas sociales no alcanzan, se comen al gasto.<\/p>\n\n\n\n<p>\u00abVeracruz necesita un gobernador de verdad. Pepe Yunes es el \u00fanico que puede sacar a nuestro estado del abandono\u00bb.<\/p>\n\n\n\n<p>Z\u00fa\u00f1iga Mart\u00ednez expuso que es hora de cambiar el rumbo en Veracruz.<\/p>\n\n\n\n<p>\u00abNecesitamos recuperar la seguridad, aplicar la ley y abrir las puertas a la prosperidad. Morena le ha fallado a los veracruzanos\u00bb, acot\u00f3.<\/p>\n\n\n\n<p>Por ello, reiter\u00f3 que los abrazos no resuelven problemas, pues estamos sumidos en una crisis de seguridad.<\/p>\n\n\n\n<p>\u00abLos programas sociales no llegan a todos y agotan el presupuesto. Veracruz merece un l\u00edder de verdad. Pepe Yunes es nuestra mejor opci\u00f3n para sacar al estado del abandono\u00bb, enfatiz\u00f3 Am\u00e9rico Z\u00fa\u00f1iga Mart\u00ednez.<\/p>\n","protected":false},"excerpt":{"rendered":"<p>Xalapa Lleg\u00f3 la hora del cambio en el estado. Veracruz tendr\u00e1 un gobernador de verdad. A Pepe Yunes lo avalan su preparaci\u00f3n y resultados, destac\u00f3 Am\u00e9rico Z\u00fa\u00f1iga Mart\u00ednez, candidato a la diputaci\u00f3n federal por Xalapa. \u00abInicia el camino para recuperar la tranquilidad, garantizar la aplicaci\u00f3n de la ley y llevar a Veracruz por el camino [&hellip;]<\/p>\n","protected":false},"author":2,"featured_media":0,"comment_status":"closed","ping_status":"closed","sticky":false,"template":"","format":"standard","meta":{"_jetpack_newsletter_access":"","_jetpack_dont_email_post_to_subs":false,"_jetpack_newsletter_tier_id":0,"_jetpack_memberships_contains_paywalled_content":false,"_jetpack_memberships_contains_paid_content":false,"footnotes":""},"categories":[73],"tags":[483,570,251,195],"class_list":["post-121128","post","type-post","status-publish","format-standard","hentry","category-de-boleto","tag-americo-zuniga","tag-pepe-yunes","tag-pri","tag-veracruz"],"jetpack_featured_media_url":"","jetpack_sharing_enabled":true,"jetpack_shortlink":"https:\/\/wp.me\/p4Qcd3-vvG","_links":{"self":[{"href":"https:\/\/lospoliticosveracruz.com.mx\/index.php?rest_route=\/wp\/v2\/posts\/121128","targetHints":{"allow":["GET"]}}],"collection":[{"href":"https:\/\/lospoliticosveracruz.com.mx\/index.php?rest_route=\/wp\/v2\/posts"}],"about":[{"href":"https:\/\/lospoliticosveracruz.com.mx\/index.php?rest_route=\/wp\/v2\/types\/post"}],"author":[{"embeddable":true,"href":"https:\/\/lospoliticosveracruz.com.mx\/index.php?rest_route=\/wp\/v2\/users\/2"}],"replies":[{"embeddable":true,"href":"https:\/\/lospoliticosveracruz.com.mx\/index.php?rest_route=%2Fwp%2Fv2%2Fcomments&post=121128"}],"version-history":[{"count":1,"href":"https:\/\/lospoliticosveracruz.com.mx\/index.php?rest_route=\/wp\/v2\/posts\/121128\/revisions"}],"predecessor-version":[{"id":121130,"href":"https:\/\/lospoliticosveracruz.com.mx\/index.php?rest_route=\/wp\/v2\/posts\/121128\/revisions\/121130"}],"wp:attachment":[{"href":"https:\/\/lospoliticosveracruz.com.mx\/index.php?rest_route=%2Fwp%2Fv2%2Fmedia&parent=121128"}],"wp:term":[{"taxonomy":"category","embeddable":true,"href":"https:\/\/lospoliticosveracruz.com.mx\/index.php?rest_route=%2Fwp%2Fv2%2Fcategories&post=121128"},{"taxonomy":"post_tag","embeddable":true,"href":"https:\/\/lospoliticosveracruz.com.mx\/index.php?rest_route=%2Fwp%2Fv2%2Ftags&post=121128"}],"curies":[{"name":"wp","href":"https:\/\/api.w.org\/{rel}","templated":true}]}}