{"id":121239,"date":"2024-04-01T18:22:34","date_gmt":"2024-04-02T00:22:34","guid":{"rendered":"https:\/\/lospoliticosveracruz.com.mx\/?p=121239"},"modified":"2024-04-01T18:22:49","modified_gmt":"2024-04-02T00:22:49","slug":"zenyazen-firme-en-la-unidad","status":"publish","type":"post","link":"https:\/\/lospoliticosveracruz.com.mx\/?p=121239","title":{"rendered":"ZENYAZEN, FIRME EN LA UNIDAD!"},"content":{"rendered":"\n<p><\/p>\n\n\n\n<p><strong>Veracruz<\/strong><br>En un evento que simboliza la unidad y el apoyo hacia el empoderamiento de las mujeres en la pol\u00edtica, el candidato a diputado federal por el Distrito 16, Zenyazen Escobar, estuvo como invitado en el arranque de campa\u00f1a de la candidata a gobernadora de la coalici\u00f3n Sigamos Haciendo Historia, Roc\u00edo Nahle Garc\u00eda.<\/p>\n\n\n<div class=\"wp-block-image\">\n<figure class=\"alignleft size-large is-resized\"><a href=\"https:\/\/lospoliticosveracruz.com.mx\/wp-content\/uploads\/2023\/08\/Alex.jpg\"><img decoding=\"async\" src=\"https:\/\/lospoliticosveracruz.com.mx\/wp-content\/uploads\/2023\/08\/Alex-1024x791.jpg\" alt=\"\" class=\"wp-image-110522\" style=\"width:176px;height:auto\"\/><\/a><\/figure><\/div>\n\n\n<p>El evento congreg\u00f3 a miles de simpatizantes de todo el estado, quienes abarrotaron la Macroplaza y sirvi\u00f3 para mostrar su firme respaldo hacia la candidata, a la unidad del partido y la importancia de la participaci\u00f3n femenina en la toma de decisiones.<\/p>\n\n\n\n<p>En entrevista, Escobar dijo que es lamentable la guerra sucia que desat\u00f3 la oposici\u00f3n para tratar de denostar a la candidata, y que esta sea la \u00fanica forma que tienen para enga\u00f1ar al pueblo. Asimismo, manifest\u00f3 que la carencia en propuestas y trabajo los orilla a demostrar lo que en realidad son.<\/p>\n\n\n\n<p>Entre gritos y porras de apoyo este acto de inicio de campa\u00f1a no solo marc\u00f3 el comienzo de una promesa electoral, sino tambi\u00e9n el avance hacia una mayor representaci\u00f3n femenina en la pol\u00edtica, que refleja el cambio positivo que Morena y sus candidatos buscan promover.<\/p>\n","protected":false},"excerpt":{"rendered":"<p>VeracruzEn un evento que simboliza la unidad y el apoyo hacia el empoderamiento de las mujeres en la pol\u00edtica, el candidato a diputado federal por el Distrito 16, Zenyazen Escobar, estuvo como invitado en el arranque de campa\u00f1a de la candidata a gobernadora de la coalici\u00f3n Sigamos Haciendo Historia, Roc\u00edo Nahle Garc\u00eda. El evento congreg\u00f3 [&hellip;]<\/p>\n","protected":false},"author":2,"featured_media":0,"comment_status":"closed","ping_status":"closed","sticky":false,"template":"","format":"standard","meta":{"_jetpack_newsletter_access":"","_jetpack_dont_email_post_to_subs":false,"_jetpack_newsletter_tier_id":0,"_jetpack_memberships_contains_paywalled_content":false,"_jetpack_memberships_contains_paid_content":false,"footnotes":""},"categories":[73],"tags":[11367,3578,40152],"class_list":["post-121239","post","type-post","status-publish","format-standard","hentry","category-de-boleto","tag-distrito-16","tag-rocio-nahle","tag-sigamos-haciendo-historia"],"jetpack_featured_media_url":"","jetpack_sharing_enabled":true,"jetpack_shortlink":"https:\/\/wp.me\/p4Qcd3-vxt","_links":{"self":[{"href":"https:\/\/lospoliticosveracruz.com.mx\/index.php?rest_route=\/wp\/v2\/posts\/121239","targetHints":{"allow":["GET"]}}],"collection":[{"href":"https:\/\/lospoliticosveracruz.com.mx\/index.php?rest_route=\/wp\/v2\/posts"}],"about":[{"href":"https:\/\/lospoliticosveracruz.com.mx\/index.php?rest_route=\/wp\/v2\/types\/post"}],"author":[{"embeddable":true,"href":"https:\/\/lospoliticosveracruz.com.mx\/index.php?rest_route=\/wp\/v2\/users\/2"}],"replies":[{"embeddable":true,"href":"https:\/\/lospoliticosveracruz.com.mx\/index.php?rest_route=%2Fwp%2Fv2%2Fcomments&post=121239"}],"version-history":[{"count":1,"href":"https:\/\/lospoliticosveracruz.com.mx\/index.php?rest_route=\/wp\/v2\/posts\/121239\/revisions"}],"predecessor-version":[{"id":121241,"href":"https:\/\/lospoliticosveracruz.com.mx\/index.php?rest_route=\/wp\/v2\/posts\/121239\/revisions\/121241"}],"wp:attachment":[{"href":"https:\/\/lospoliticosveracruz.com.mx\/index.php?rest_route=%2Fwp%2Fv2%2Fmedia&parent=121239"}],"wp:term":[{"taxonomy":"category","embeddable":true,"href":"https:\/\/lospoliticosveracruz.com.mx\/index.php?rest_route=%2Fwp%2Fv2%2Fcategories&post=121239"},{"taxonomy":"post_tag","embeddable":true,"href":"https:\/\/lospoliticosveracruz.com.mx\/index.php?rest_route=%2Fwp%2Fv2%2Ftags&post=121239"}],"curies":[{"name":"wp","href":"https:\/\/api.w.org\/{rel}","templated":true}]}}