{"id":121252,"date":"2024-04-01T20:44:33","date_gmt":"2024-04-02T02:44:33","guid":{"rendered":"https:\/\/lospoliticosveracruz.com.mx\/?p=121252"},"modified":"2024-04-01T20:44:40","modified_gmt":"2024-04-02T02:44:40","slug":"comprometidos-con-los-chavos","status":"publish","type":"post","link":"https:\/\/lospoliticosveracruz.com.mx\/?p=121252","title":{"rendered":"COMPROMETIDOS CON LOS CHAVOS!"},"content":{"rendered":"\n<p><\/p>\n\n\n\n<p><strong>Boca del R\u00edo<br><\/strong>\u201cVamos a ganar esta elecci\u00f3n para abrir las oportunidades de empleo y realizaci\u00f3n personal para cada joven de este estado. Veracruz tendr\u00e1 en X\u00f3chitl G\u00e1lvez una aliada perfecta\u201d, afirm\u00f3 Pepe Yunes al encabezar, al lado de la candidata a la Presidencia de la Rep\u00fablica, el lanzamiento de la Campa\u00f1a Juvenil X24.<\/p>\n\n\n<div class=\"wp-block-image\">\n<figure class=\"alignleft size-medium\"><a href=\"https:\/\/lospoliticosveracruz.com.mx\/wp-content\/uploads\/2023\/02\/Estancia.jpg\"><img decoding=\"async\" src=\"https:\/\/lospoliticosveracruz.com.mx\/wp-content\/uploads\/2023\/02\/Estancia-190x300.jpg\" alt=\"\" class=\"wp-image-102751\"\/><\/a><\/figure><\/div>\n\n\n<p>Ante una audiencia vibrante y entusiasta, el candidato manifest\u00f3 con fuerza: \u201cQuiero ser gobernador de Veracruz, con el apoyo de los j\u00f3venes veracruzanos, para hacer propias sus causas, sue\u00f1os, anhelos y razones\u201d, y reconoci\u00f3 en la abanderada de la coalici\u00f3n Fuerza y Coraz\u00f3n por M\u00e9xico a \u201cuna mujer que tiene claro lo que se puede hacer desde el gobierno para encauzar esta energ\u00eda, porque tiene visi\u00f3n de futuro y sabe lo que un joven necesita para crecer y salir adelante\u201d.<\/p>\n\n\n\n<p>Al hablar de la dif\u00edcil situaci\u00f3n actual, record\u00f3 que, hace 27 a\u00f1os, Veracruz contaba con un mill\u00f3n 600 mil habitantes en edad productiva m\u00e1s que ahora. Despu\u00e9s de estos cinco a\u00f1os, dijo Pepe, esa cantidad ha crecido debido a que quienes aqu\u00ed nacen, se forman y estudian una carrera, para ejercerla, tienen que irse a buscar oportunidades fuera de su estado, un estado que lo tiene todo. \u201cLa juventud no merece esto\u201d, asever\u00f3.<\/p>\n\n\n\n<p>A su vez, la candidata X\u00f3chitl G\u00e1lvez Ruiz denunci\u00f3 que las Universidades del Bienestar fueron un fraude y se comprometi\u00f3 con las y los j\u00f3venes veracruzanos a cumplir cada uno de los compromisos de su agenda, comenzando por la seguridad para que salgan a divertirse sin temor, al contar con polic\u00edas bien pagados y capacitados. A las y los j\u00f3venes \u201clos voy a cuidar como cuido a mis hijos. Ya no van a tener miedo de salir\u201d, les asegur\u00f3.<\/p>\n\n\n\n<p>En di\u00e1logo con representantes de las nuevas generaciones, expuso su plan de trabajo que consiste en impulsar la sanidad vegetal y animal, crear una agencia para emprendedores y cr\u00e9ditos, poner en marcha el programa de becas \u201cS\u00ed-s\u00ed, S\u00ed estudio y S\u00ed trabajo\u201d e incentivar el aprendizaje de ingl\u00e9s y programaci\u00f3n computacional.<\/p>\n\n\n\n<p>Adem\u00e1s, fortalecer las competencias laborales, implementar el programa de vivienda para j\u00f3venes, reactivar las becas Conacyt, reforzar el apoyo a la investigaci\u00f3n, el impulso al deporte y a la salud y poner especial \u00e9nfasis a la inclusi\u00f3n de personas con discapacidad y LGBTTTIQ+.<\/p>\n","protected":false},"excerpt":{"rendered":"<p>Boca del R\u00edo\u201cVamos a ganar esta elecci\u00f3n para abrir las oportunidades de empleo y realizaci\u00f3n personal para cada joven de este estado. Veracruz tendr\u00e1 en X\u00f3chitl G\u00e1lvez una aliada perfecta\u201d, afirm\u00f3 Pepe Yunes al encabezar, al lado de la candidata a la Presidencia de la Rep\u00fablica, el lanzamiento de la Campa\u00f1a Juvenil X24. Ante una [&hellip;]<\/p>\n","protected":false},"author":2,"featured_media":0,"comment_status":"closed","ping_status":"closed","sticky":false,"template":"","format":"standard","meta":{"_jetpack_newsletter_access":"","_jetpack_dont_email_post_to_subs":false,"_jetpack_newsletter_tier_id":0,"_jetpack_memberships_contains_paywalled_content":false,"_jetpack_memberships_contains_paid_content":false,"footnotes":""},"categories":[73],"tags":[570,17531],"class_list":["post-121252","post","type-post","status-publish","format-standard","hentry","category-de-boleto","tag-pepe-yunes","tag-xochitl-galvez"],"jetpack_featured_media_url":"","jetpack_sharing_enabled":true,"jetpack_shortlink":"https:\/\/wp.me\/p4Qcd3-vxG","_links":{"self":[{"href":"https:\/\/lospoliticosveracruz.com.mx\/index.php?rest_route=\/wp\/v2\/posts\/121252","targetHints":{"allow":["GET"]}}],"collection":[{"href":"https:\/\/lospoliticosveracruz.com.mx\/index.php?rest_route=\/wp\/v2\/posts"}],"about":[{"href":"https:\/\/lospoliticosveracruz.com.mx\/index.php?rest_route=\/wp\/v2\/types\/post"}],"author":[{"embeddable":true,"href":"https:\/\/lospoliticosveracruz.com.mx\/index.php?rest_route=\/wp\/v2\/users\/2"}],"replies":[{"embeddable":true,"href":"https:\/\/lospoliticosveracruz.com.mx\/index.php?rest_route=%2Fwp%2Fv2%2Fcomments&post=121252"}],"version-history":[{"count":1,"href":"https:\/\/lospoliticosveracruz.com.mx\/index.php?rest_route=\/wp\/v2\/posts\/121252\/revisions"}],"predecessor-version":[{"id":121254,"href":"https:\/\/lospoliticosveracruz.com.mx\/index.php?rest_route=\/wp\/v2\/posts\/121252\/revisions\/121254"}],"wp:attachment":[{"href":"https:\/\/lospoliticosveracruz.com.mx\/index.php?rest_route=%2Fwp%2Fv2%2Fmedia&parent=121252"}],"wp:term":[{"taxonomy":"category","embeddable":true,"href":"https:\/\/lospoliticosveracruz.com.mx\/index.php?rest_route=%2Fwp%2Fv2%2Fcategories&post=121252"},{"taxonomy":"post_tag","embeddable":true,"href":"https:\/\/lospoliticosveracruz.com.mx\/index.php?rest_route=%2Fwp%2Fv2%2Ftags&post=121252"}],"curies":[{"name":"wp","href":"https:\/\/api.w.org\/{rel}","templated":true}]}}