{"id":121341,"date":"2024-04-03T09:46:26","date_gmt":"2024-04-03T15:46:26","guid":{"rendered":"https:\/\/lospoliticosveracruz.com.mx\/?p=121341"},"modified":"2024-04-03T09:46:40","modified_gmt":"2024-04-03T15:46:40","slug":"puro-circo-la-denuncia","status":"publish","type":"post","link":"https:\/\/lospoliticosveracruz.com.mx\/?p=121341","title":{"rendered":"PURO CIRCO LA DENUNCIA!"},"content":{"rendered":"\n<p><\/p>\n\n\n\n<p>La candidata de MORENA al gobierno de Veracruz, Norma Roc\u00edo Nahle Garc\u00eda, asegur\u00f3 que la denuncia en su contra ante las instancias federales es un recurso pol\u00edtico m\u00e1s que jur\u00eddico y de mera publicidad por parte de la oposici\u00f3n ante una campa\u00f1a que no levanta.<\/p>\n\n\n<div class=\"wp-block-image\">\n<figure class=\"alignleft size-large is-resized\"><a href=\"https:\/\/lospoliticosveracruz.com.mx\/wp-content\/uploads\/2023\/08\/Alex.jpg\"><img decoding=\"async\" src=\"https:\/\/lospoliticosveracruz.com.mx\/wp-content\/uploads\/2023\/08\/Alex-1024x791.jpg\" alt=\"\" class=\"wp-image-110522\" style=\"width:148px;height:auto\"\/><\/a><\/figure><\/div>\n\n\n<p>De ah\u00ed que seguir\u00e1 con su plan de trabajo en el recorrido por el estado, escuchando a los ciudadanos en sus necesidades basicas.<\/p>\n\n\n\n<p>En entrevista, Nahle Garc\u00eda precis\u00f3 que ese tipo de se\u00f1alamientos solo la alientan porque se comprueba que la oposici\u00f3n no trae propuestas.<\/p>\n\n\n\n<p>\u00abNosotros vamos a continuar con la transformaci\u00f3n en el estado y ya no voy a tocar el tema, porque solo me distrae y en la cuarta transformaci\u00f3n no perdemos el tiempo a dos meses de la elecci\u00f3n m\u00e1s importante de Veracruz\u00bb.<\/p>\n","protected":false},"excerpt":{"rendered":"<p>La candidata de MORENA al gobierno de Veracruz, Norma Roc\u00edo Nahle Garc\u00eda, asegur\u00f3 que la denuncia en su contra ante las instancias federales es un recurso pol\u00edtico m\u00e1s que jur\u00eddico y de mera publicidad por parte de la oposici\u00f3n ante una campa\u00f1a que no levanta. De ah\u00ed que seguir\u00e1 con su plan de trabajo en [&hellip;]<\/p>\n","protected":false},"author":2,"featured_media":0,"comment_status":"closed","ping_status":"closed","sticky":false,"template":"","format":"standard","meta":{"_jetpack_newsletter_access":"","_jetpack_dont_email_post_to_subs":false,"_jetpack_newsletter_tier_id":0,"_jetpack_memberships_contains_paywalled_content":false,"_jetpack_memberships_contains_paid_content":false,"footnotes":""},"categories":[73],"tags":[1026,9982,195],"class_list":["post-121341","post","type-post","status-publish","format-standard","hentry","category-de-boleto","tag-morena","tag-norma-rocio-nahle-garcia","tag-veracruz"],"jetpack_featured_media_url":"","jetpack_sharing_enabled":true,"jetpack_shortlink":"https:\/\/wp.me\/p4Qcd3-vz7","_links":{"self":[{"href":"https:\/\/lospoliticosveracruz.com.mx\/index.php?rest_route=\/wp\/v2\/posts\/121341","targetHints":{"allow":["GET"]}}],"collection":[{"href":"https:\/\/lospoliticosveracruz.com.mx\/index.php?rest_route=\/wp\/v2\/posts"}],"about":[{"href":"https:\/\/lospoliticosveracruz.com.mx\/index.php?rest_route=\/wp\/v2\/types\/post"}],"author":[{"embeddable":true,"href":"https:\/\/lospoliticosveracruz.com.mx\/index.php?rest_route=\/wp\/v2\/users\/2"}],"replies":[{"embeddable":true,"href":"https:\/\/lospoliticosveracruz.com.mx\/index.php?rest_route=%2Fwp%2Fv2%2Fcomments&post=121341"}],"version-history":[{"count":1,"href":"https:\/\/lospoliticosveracruz.com.mx\/index.php?rest_route=\/wp\/v2\/posts\/121341\/revisions"}],"predecessor-version":[{"id":121342,"href":"https:\/\/lospoliticosveracruz.com.mx\/index.php?rest_route=\/wp\/v2\/posts\/121341\/revisions\/121342"}],"wp:attachment":[{"href":"https:\/\/lospoliticosveracruz.com.mx\/index.php?rest_route=%2Fwp%2Fv2%2Fmedia&parent=121341"}],"wp:term":[{"taxonomy":"category","embeddable":true,"href":"https:\/\/lospoliticosveracruz.com.mx\/index.php?rest_route=%2Fwp%2Fv2%2Fcategories&post=121341"},{"taxonomy":"post_tag","embeddable":true,"href":"https:\/\/lospoliticosveracruz.com.mx\/index.php?rest_route=%2Fwp%2Fv2%2Ftags&post=121341"}],"curies":[{"name":"wp","href":"https:\/\/api.w.org\/{rel}","templated":true}]}}