{"id":121343,"date":"2024-04-03T09:49:47","date_gmt":"2024-04-03T15:49:47","guid":{"rendered":"https:\/\/lospoliticosveracruz.com.mx\/?p=121343"},"modified":"2024-04-03T09:49:57","modified_gmt":"2024-04-03T15:49:57","slug":"el-dinero-del-pueblo-para-el-pueblo","status":"publish","type":"post","link":"https:\/\/lospoliticosveracruz.com.mx\/?p=121343","title":{"rendered":"EL DINERO DEL PUEBLO, PARA EL PUEBLO"},"content":{"rendered":"\n<p><\/p>\n\n\n\n<p><strong>Miguel Valera<\/strong><br><em>Contrase\u00f1as<\/em><\/p>\n\n\n\n<p>Han insistido algunos aspirantes a cargos de elecci\u00f3n popular en estos d\u00edas, que las autoridades electorales deben iniciar una campa\u00f1a ya, para informar a la poblaci\u00f3n que los programas sociales se aplican con dinero del mismo pueblo, particularmente de las y los empresarios que pagan impuestos. Tienen raz\u00f3n. Esto aplica para todo gobierno, del color que sea. En esa l\u00f3gica, el sueldo de todos los funcionarios p\u00fablicos, desde el presidente hasta el de intendencia del municipio m\u00e1s peque\u00f1o, lo pagamos todos los que con nuestro trabajo generamos riqueza y pagamos impuestos.<\/p>\n\n\n\n<figure class=\"wp-block-image size-large\"><a href=\"https:\/\/lospoliticosveracruz.com.mx\/wp-content\/uploads\/2016\/07\/Seguro-Julio-Cerecedo-2.jpg\"><img decoding=\"async\" src=\"https:\/\/lospoliticosveracruz.com.mx\/wp-content\/uploads\/2016\/07\/Seguro-Julio-Cerecedo-2-1024x381.jpg\" alt=\"\" class=\"wp-image-105879\"\/><\/a><\/figure>\n\n\n\n<p>Me lo dec\u00eda un especialista en temas financieros de la manera m\u00e1s sencilla: El ISR es el impuesto que te cobran por ganar dinero. El IVA, el impuesto que te cobran por gastar dinero. El IDE, el impuesto que te cobran por guardar dinero. El ISN, el impuesto que te cobran por dar empleo. El IEPS, el impuesto que te cobran sobre productos que ya hab\u00edan pagado impuestos.<\/p>\n\n\n\n<p>El predial, que casi todos pagamos al iniciar el a\u00f1o, es el impuesto que te cobran por atreverte a tener casa propia. La tenencia, el impuesto que te cobran por atreverte a tener carro propio. El ISH, el impuesto por hospedarte en hoteles o air bnb por viajes de trabajo o turismo y el peaje, el impuesto al usuario que utiliza autopistas.<\/p>\n\n\n\n<p>De aqu\u00ed y de los muchos activos que tienen los gobiernos, sale el dinero para los programas sociales, as\u00ed que los gobiernos y sus gobernantes \u2014que en sentido estricto son nuestros empleados\u2014 viven del dinero que generamos los ciudadanos. Esto hay que insistirlo de muchas maneras, porque es la ruta para que a la hora de acudir a las urnas nadie se sienta condicionado por alguna marca, por algunas siglas o candidatos.<\/p>\n\n\n\n<p>Ahora, y tambi\u00e9n hay que decirlo claro, ser empresario en nuestro pa\u00eds es una profesi\u00f3n de riesgo. S\u00ed, no s\u00f3lo por la cantidad de impuestos que se tienen que pagar, tambi\u00e9n porque la delincuencia organizada, desde los pueblos m\u00e1s modestos hasta en las grandes ciudades, est\u00e1 lista para extorsionar a quien ven que tiene \u00e9xito.<\/p>\n\n\n\n<p>Un reporte de M\u00e9xico Eval\u00faa, que puede leerse \u00edntegro en este link, https:\/\/www.mexicoevalua.org\/wp-content\/uploads\/2024\/03\/2024-03-20-seguridad-policybrief011-empresasbajofuego.pdf se\u00f1ala que \u201cel \u2018cobro de piso\u2019, en particular, ha alcanzado a una amplia variedad de establecimientos comerciales, de distintos tama\u00f1os y sectores, desde grandes empresas de telecomunicaci\u00f3n hasta tortiller\u00edas y comercios ambulantes y taquer\u00edas\u201d.<\/p>\n\n\n\n<p>\u201cLas experiencias directas con el crimen y la violencia afectan profundamente el desempe\u00f1o empresarial y las decisiones de inversi\u00f3n, m\u00e1s a\u00fan entre las empresas peque\u00f1as, de origen nacional y minoristas\u201d, indica el reporte y se\u00f1ala que \u201cel 37% de los establecimientos econ\u00f3micos del pa\u00eds tiene alguna medida de protecci\u00f3n contra el delito\u201d. En otras palabras, son los propios empresarios los que han tomado medidas para atender esta situaci\u00f3n de inseguridad.<\/p>\n\n\n\n<p>Entre las conclusiones de este interesante an\u00e1lisis, que vale la pena leer completo, realizado por M\u00e9xico Eval\u00faa, que dirige Mariana Campos, se indica que es particularmente necesario desarrollar medidas de apoyo y protecci\u00f3n a las empresas medianas del sector comercial, las cuales, al estar m\u00e1s expuestas y cubrir una diversidad de actividades, sufren mayores afectaciones e incurren en mayores p\u00e9rdidas econ\u00f3micas.<\/p>\n\n\n\n<p>En materia de combate a la extorsi\u00f3n, se expone que \u201ces indispensable desarrollar pol\u00edticas que se adentren en el desmantelamiento de los factores que sustentan a los grupos criminales; en las mismas redes de protecci\u00f3n que desde el Estado se tienden para sostener al crimen organizado, y que remedien la falta de capacidad y recursos en los sistemas de seguridad y justicia.\u201d<\/p>\n\n\n\n<p>\u201cEn la medida en que el crimen organizado subsista con instituciones de seguridad cooptadas, los grupos criminales se seguir\u00e1n multiplicando, confrontando y generando guerras, con la extorsi\u00f3n como principal fuente de su financiamiento (Moncada 2022). As\u00ed, y dado el tama\u00f1o de la actividad empresarial en M\u00e9xico y la consecuente incidencia que el sector privado puede tener en la vida p\u00fablica del pa\u00eds, conviene que el empresariado considere y desarrolle proactivamente acciones y estrategias m\u00e1s complejas, mediante mecanismos p\u00fablico-privados, orientadas a invertir en pol\u00edticas p\u00fablicas que atiendan las ra\u00edces del crimen organizado y faciliten el trabajo coordinado\u201d.<\/p>\n\n\n\n<p>En tercer lugar, comentan que \u201cante la r\u00e1pida evoluci\u00f3n de los delitos que afectan a las empresas en el pa\u00eds, es preciso ampliar la visi\u00f3n actual que el cuestionario de la encuesta incorpora para medir las afectaciones que tiene la delincuencia para la actividad econ\u00f3mica. El crecimiento del crimen organizado en M\u00e9xico y la desigual capacidad organizacional entre diferentes actores del empresariado invitan igualmente a considerar adecuaciones al cuestionario para, entre otras cosas, incorporar un listado m\u00e1s amplio de las acciones individuales y colectivas que las unidades econ\u00f3micas sabemos que ya realizan frente a la violencia, mucho m\u00e1s all\u00e1 de medidas b\u00e1sicas de protecci\u00f3n\u201d.<\/p>\n\n\n\n<p>El reto es grande. Si candidatas y candidatos quieren tomar en serio su cat\u00e1logo de propuestas, deben echarse un clavado en este documento para atender algo que afecta profundamente a nuestra sociedad hoy en d\u00eda.<\/p>\n\n\n\n<p>@MValeraH<\/p>\n","protected":false},"excerpt":{"rendered":"<p>Miguel ValeraContrase\u00f1as Han insistido algunos aspirantes a cargos de elecci\u00f3n popular en estos d\u00edas, que las autoridades electorales deben iniciar una campa\u00f1a ya, para informar a la poblaci\u00f3n que los programas sociales se aplican con dinero del mismo pueblo, particularmente de las y los empresarios que pagan impuestos. Tienen raz\u00f3n. Esto aplica para todo gobierno, [&hellip;]<\/p>\n","protected":false},"author":2,"featured_media":119815,"comment_status":"closed","ping_status":"closed","sticky":false,"template":"","format":"standard","meta":{"_jetpack_newsletter_access":"","_jetpack_dont_email_post_to_subs":false,"_jetpack_newsletter_tier_id":0,"_jetpack_memberships_contains_paywalled_content":false,"_jetpack_memberships_contains_paid_content":false,"footnotes":""},"categories":[70],"tags":[],"class_list":["post-121343","post","type-post","status-publish","format-standard","has-post-thumbnail","hentry","category-de-opinion"],"jetpack_featured_media_url":"https:\/\/lospoliticosveracruz.com.mx\/wp-content\/uploads\/2024\/03\/Miguel-Valera.jpg","jetpack_sharing_enabled":true,"jetpack_shortlink":"https:\/\/wp.me\/p4Qcd3-vz9","_links":{"self":[{"href":"https:\/\/lospoliticosveracruz.com.mx\/index.php?rest_route=\/wp\/v2\/posts\/121343","targetHints":{"allow":["GET"]}}],"collection":[{"href":"https:\/\/lospoliticosveracruz.com.mx\/index.php?rest_route=\/wp\/v2\/posts"}],"about":[{"href":"https:\/\/lospoliticosveracruz.com.mx\/index.php?rest_route=\/wp\/v2\/types\/post"}],"author":[{"embeddable":true,"href":"https:\/\/lospoliticosveracruz.com.mx\/index.php?rest_route=\/wp\/v2\/users\/2"}],"replies":[{"embeddable":true,"href":"https:\/\/lospoliticosveracruz.com.mx\/index.php?rest_route=%2Fwp%2Fv2%2Fcomments&post=121343"}],"version-history":[{"count":1,"href":"https:\/\/lospoliticosveracruz.com.mx\/index.php?rest_route=\/wp\/v2\/posts\/121343\/revisions"}],"predecessor-version":[{"id":121344,"href":"https:\/\/lospoliticosveracruz.com.mx\/index.php?rest_route=\/wp\/v2\/posts\/121343\/revisions\/121344"}],"wp:featuredmedia":[{"embeddable":true,"href":"https:\/\/lospoliticosveracruz.com.mx\/index.php?rest_route=\/wp\/v2\/media\/119815"}],"wp:attachment":[{"href":"https:\/\/lospoliticosveracruz.com.mx\/index.php?rest_route=%2Fwp%2Fv2%2Fmedia&parent=121343"}],"wp:term":[{"taxonomy":"category","embeddable":true,"href":"https:\/\/lospoliticosveracruz.com.mx\/index.php?rest_route=%2Fwp%2Fv2%2Fcategories&post=121343"},{"taxonomy":"post_tag","embeddable":true,"href":"https:\/\/lospoliticosveracruz.com.mx\/index.php?rest_route=%2Fwp%2Fv2%2Ftags&post=121343"}],"curies":[{"name":"wp","href":"https:\/\/api.w.org\/{rel}","templated":true}]}}