{"id":121467,"date":"2024-04-05T08:08:33","date_gmt":"2024-04-05T14:08:33","guid":{"rendered":"https:\/\/lospoliticosveracruz.com.mx\/?p=121467"},"modified":"2024-04-05T08:08:44","modified_gmt":"2024-04-05T14:08:44","slug":"son-cosas-que-lamentablemente-suceden","status":"publish","type":"post","link":"https:\/\/lospoliticosveracruz.com.mx\/?p=121467","title":{"rendered":"\u201cSON COSAS QUE LAMENTABLEMENTE SUCEDEN\u201d"},"content":{"rendered":"\n<p><strong>Felipe de Jes\u00fas Fern\u00e1ndez Basilio<\/strong><\/p>\n\n\n\n<p><em>Desde a Janela<\/em><\/p>\n\n\n\n<p>\u201cYa solo restan cinco meses y veinticinco d\u00edas para que se vaya a &#8230; su rancho\u201d<\/p>\n\n\n\n<p>Antes que nada, les deseo unas felices pascuas a todos mis lectores.<\/p>\n\n\n\n<p>Los pasados d\u00edas debieron de ser para la reflexi\u00f3n y\/o para el esparcimiento y, sin embargo, fueron muy movidos en nuestro ya de por s\u00ed atribulado M\u00e9xico.<\/p>\n\n\n\n<figure class=\"wp-block-image size-large\"><a href=\"https:\/\/lospoliticosveracruz.com.mx\/wp-content\/uploads\/2016\/07\/Seguro-Julio-Cerecedo-2.jpg\"><img decoding=\"async\" src=\"https:\/\/lospoliticosveracruz.com.mx\/wp-content\/uploads\/2016\/07\/Seguro-Julio-Cerecedo-2-1024x381.jpg\" alt=\"\" class=\"wp-image-105879\"\/><\/a><\/figure>\n\n\n\n<p>En la pasada semana mayor fuimos testigos de infanticidios, linchamientos, regueros de restos humanos en plazas p\u00fablicas, env\u00edo de polic\u00edas femeninos a contener un mot\u00edn carcelario, asesinatos de candidatos y levantones de familias expr\u00e9s; como pueden notar, el tiempo de asueto y de reflexi\u00f3n careci\u00f3 de la indispensable tranquilidad requerida para su \u00f3ptimo desarrollo.<\/p>\n\n\n\n<p>Siendo lo peor, que todos estos tr\u00e1gicos eventos tienen como com\u00fan denominador la ausencia del Estado tanto para evitarlos (funciones de prevenci\u00f3n y de reacci\u00f3n inmediata ante la posible comisi\u00f3n de un delito) como para esclarecer los hechos y llevar ante la justicia a sus perpetradores (funci\u00f3n represora del delito).<\/p>\n\n\n\n<p>Y como corolario tenemos que esa ausencia del Estado ha sido deliberadamente llevada a cabo por las autoridades en funciones emanadas de la transformaci\u00f3n que no fue, y la muestra de ello es la frase que con todo el cinismo del que una persona totalmente desvergonzada es capaz de pronunciar: \u201cSon cosas que lamentablemente suceden\u201d.<\/p>\n\n\n\n<p>S\u00ed, ese fue el dicho del gobernador morenista de Sinaloa, un sujeto de apellido Rocha, cuando se supo que fueron secuestradas en un instante 69 personas, entre las que se inclu\u00edan menores de edad, y posteriormente fueron la mayor\u00eda de ellas liberadas por sus mismos secuestradores sin que el Estado haya movido un solo dedo investigar los hechos.<\/p>\n\n\n\n<p>Claro, ese gobernador, con todo y su cinismo de antolog\u00eda, solo es un personero de su jefe pol\u00edtico ya que solamente repiti\u00f3 el modo de actuar del presidente saliente de M\u00e9xico.<\/p>\n\n\n\n<p>Como el que afirma est\u00e1 obligado a probar, y m\u00e1s en un se\u00f1alamiento como este, les invito a que regresemos tres a\u00f1os en la historia de M\u00e9xico, espec\u00edficamente a junio de 2021 cuando acababa de colapsar la L\u00ednea 12 del metro de la Ciudad de M\u00e9xico, mandando a la otra vida o permanentemente al hospital a muchos de sus pasajeros.<\/p>\n\n\n\n<p>Por esos d\u00edas y al referirse a la tragedia que provocaron sus funcionarios m\u00e1s cercanos y corruptos (Sheinbaum y Ebrard), el presidente saliente en uno de los episodios de su circo matutino dijo que los afectados, la gente humilde de Tl\u00e1huac e Iztapalapa entiende \u201cestas cosas desgraciadamente suceden\u201d y no politizan y bla, bla, bla.<\/p>\n\n\n\n<p>Por cierto, tanto el todav\u00eda presidente como su candidata han demostrado que las v\u00edas y los trenes simplemente no son lo suyo por corruptos y mal hechos; el metro de la Ciudad de M\u00e9xico en el periodo de Sheinbaum ha vivido sus peores momentos con fallas en casi todas sus l\u00edneas y consecuentemente ha transportado a menos pasajeros que en toda su historia y el trenecito de la selva sufri\u00f3 su primer descarrilamiento a los pocos d\u00edas de saberse que se estaba construyendo con materiales de baja calidad, producto de la corrupci\u00f3n de los hijos del presidente y sus amigos de juventud, incluso uno de estos \u00faltimos hab\u00eda aludido a que esto iba a suceder.<\/p>\n\n\n\n<p>Volviendo a nuestro tema, con estos dichos del presidente y de uno de sus gobernadores confirmamos que as\u00ed se trate de privaciones de la vida, de la libertad o actos de corrupci\u00f3n que tienen como consecuencia verdaderas tragedias; la divisa de la transformaci\u00f3n que no fue, ha sido decir que \u201cson cosas que lamentablemente (desgraciadamente) suceden\u201d.<\/p>\n\n\n\n<p>Y a pesar de todo esto a\u00fan se atreven a pedir el voto para pretender ponerle un segundo piso a \u201clas cosas que lamentablemente suceden\u201d.<\/p>\n\n\n\n<p>Ya es tiempo de abrir los ojos y decirles: \u201cNo, gracias; porque lamentablemente ya han sucedido muchas cosas\u201d.<\/p>\n\n\n\n<p><strong>De colof\u00f3n<\/strong><\/p>\n\n\n\n<p>El pr\u00f3ximo domingo es el primer debate entre los candidatos a la presidencia, hay que verlo de manera anal\u00edtica para comparar posturas y saber qui\u00e9n conviene m\u00e1s en el ejecutivo federal.<\/p>\n\n\n\n<p>Los debates son los mejores ejercicios que hay, no para escuchar propuestas de gobierno (para eso hay foros y m\u00edtines) sino para ver aptitudes y actitudes personales frente a circunstancias espec\u00edficas.<\/p>\n\n\n\n<p>felfebas@gmail.com<\/p>\n\n\n\n<p>Twitter: @FelipeFBasilio<\/p>\n","protected":false},"excerpt":{"rendered":"<p>Felipe de Jes\u00fas Fern\u00e1ndez Basilio Desde a Janela \u201cYa solo restan cinco meses y veinticinco d\u00edas para que se vaya a &#8230; su rancho\u201d Antes que nada, les deseo unas felices pascuas a todos mis lectores. Los pasados d\u00edas debieron de ser para la reflexi\u00f3n y\/o para el esparcimiento y, sin embargo, fueron muy movidos [&hellip;]<\/p>\n","protected":false},"author":2,"featured_media":119963,"comment_status":"closed","ping_status":"closed","sticky":false,"template":"","format":"standard","meta":{"_jetpack_newsletter_access":"","_jetpack_dont_email_post_to_subs":false,"_jetpack_newsletter_tier_id":0,"_jetpack_memberships_contains_paywalled_content":false,"_jetpack_memberships_contains_paid_content":false,"footnotes":""},"categories":[70],"tags":[],"class_list":["post-121467","post","type-post","status-publish","format-standard","has-post-thumbnail","hentry","category-de-opinion"],"jetpack_featured_media_url":"https:\/\/lospoliticosveracruz.com.mx\/wp-content\/uploads\/2024\/03\/Felipe-Fernandez-Basilio.jpg","jetpack_sharing_enabled":true,"jetpack_shortlink":"https:\/\/wp.me\/p4Qcd3-vB9","_links":{"self":[{"href":"https:\/\/lospoliticosveracruz.com.mx\/index.php?rest_route=\/wp\/v2\/posts\/121467","targetHints":{"allow":["GET"]}}],"collection":[{"href":"https:\/\/lospoliticosveracruz.com.mx\/index.php?rest_route=\/wp\/v2\/posts"}],"about":[{"href":"https:\/\/lospoliticosveracruz.com.mx\/index.php?rest_route=\/wp\/v2\/types\/post"}],"author":[{"embeddable":true,"href":"https:\/\/lospoliticosveracruz.com.mx\/index.php?rest_route=\/wp\/v2\/users\/2"}],"replies":[{"embeddable":true,"href":"https:\/\/lospoliticosveracruz.com.mx\/index.php?rest_route=%2Fwp%2Fv2%2Fcomments&post=121467"}],"version-history":[{"count":1,"href":"https:\/\/lospoliticosveracruz.com.mx\/index.php?rest_route=\/wp\/v2\/posts\/121467\/revisions"}],"predecessor-version":[{"id":121468,"href":"https:\/\/lospoliticosveracruz.com.mx\/index.php?rest_route=\/wp\/v2\/posts\/121467\/revisions\/121468"}],"wp:featuredmedia":[{"embeddable":true,"href":"https:\/\/lospoliticosveracruz.com.mx\/index.php?rest_route=\/wp\/v2\/media\/119963"}],"wp:attachment":[{"href":"https:\/\/lospoliticosveracruz.com.mx\/index.php?rest_route=%2Fwp%2Fv2%2Fmedia&parent=121467"}],"wp:term":[{"taxonomy":"category","embeddable":true,"href":"https:\/\/lospoliticosveracruz.com.mx\/index.php?rest_route=%2Fwp%2Fv2%2Fcategories&post=121467"},{"taxonomy":"post_tag","embeddable":true,"href":"https:\/\/lospoliticosveracruz.com.mx\/index.php?rest_route=%2Fwp%2Fv2%2Ftags&post=121467"}],"curies":[{"name":"wp","href":"https:\/\/api.w.org\/{rel}","templated":true}]}}