{"id":121529,"date":"2024-04-05T21:09:30","date_gmt":"2024-04-06T03:09:30","guid":{"rendered":"https:\/\/lospoliticosveracruz.com.mx\/?p=121529"},"modified":"2024-04-05T21:09:40","modified_gmt":"2024-04-06T03:09:40","slug":"kilo-por-kilo-compromiso-con-el-campo","status":"publish","type":"post","link":"https:\/\/lospoliticosveracruz.com.mx\/?p=121529","title":{"rendered":"KILO POR KILO, COMPROMISO CON EL CAMPO"},"content":{"rendered":"\n<p><\/p>\n\n\n\n<p><strong>Tomatl\u00e1n<\/strong><br>El programa \u201cUn kilo por un kilo\u201d permitir\u00e1 dotar de m\u00e1s fertilizante a los campesinos veracruzanos porque se har\u00e1 conjunto con el gobierno federal, asegur\u00f3 la candidata a la gubernatura por la coalici\u00f3n \u201cSigamos haciendo historia en Veracruz\u201d, Roc\u00edo Nahle Garc\u00eda.<\/p>\n\n\n<div class=\"wp-block-image\">\n<figure class=\"alignleft size-large is-resized\"><a href=\"https:\/\/lospoliticosveracruz.com.mx\/wp-content\/uploads\/2023\/08\/Alex.jpg\"><img decoding=\"async\" src=\"https:\/\/lospoliticosveracruz.com.mx\/wp-content\/uploads\/2023\/08\/Alex-1024x791.jpg\" alt=\"\" class=\"wp-image-110522\" style=\"width:239px;height:auto\"\/><\/a><\/figure><\/div>\n\n\n<p>Destac\u00f3 que gracias al gobierno de la Cuarta Transformaci\u00f3n, esta administraci\u00f3n puso en marcha el programa federal Fertilizantes para el Bienestar, por ello, cuando asuma el gobierno de Veracruz se sumar\u00e1n a esta estrategia.<\/p>\n\n\n\n<p>Este programa hecho por la federaci\u00f3n, subray\u00f3, est\u00e1 dirigido a poblaci\u00f3n agr\u00edcola dedicada a la producci\u00f3n de cultivos prioritarios.<\/p>\n\n\n\n<p>\u201cEs un programa que yo voy a establecer, actualmente el gobierno federal est\u00e1 otorgando fertilizantes, y yo hice un programa que se llama Un kilo por un kilo, \u00bfqu\u00e9 quiere decir?, que por cada kilo que de la Federaci\u00f3n de fertilizante, el gobierno del estado va a dar otro kilo para tener el doble de producto, esto es apoyo directo, ese es apoyo al campo\u201d \u201d, explic\u00f3.<\/p>\n\n\n\n<p>El objetivo es que los campesinos y productores puedan contar con mayor producto de calidad con criterios accesibles.<\/p>\n\n\n\n<p>De acuerdo a la ficha del Gobierno de M\u00e9xico, el programa Fertilizantes para el Bienestar tiene como objetivo contribuir a la producci\u00f3n de los cultivos prioritarios a trav\u00e9s de la entrega de fertilizantes a productores y productoras de las 32 entidades del pa\u00eds.<\/p>\n\n\n\n<p>Una vez que Nahle Garc\u00eda llegue a la gubernatura de Veracruz este programa ir\u00e1 mano a mano con la federaci\u00f3n.<\/p>\n","protected":false},"excerpt":{"rendered":"<p>Tomatl\u00e1nEl programa \u201cUn kilo por un kilo\u201d permitir\u00e1 dotar de m\u00e1s fertilizante a los campesinos veracruzanos porque se har\u00e1 conjunto con el gobierno federal, asegur\u00f3 la candidata a la gubernatura por la coalici\u00f3n \u201cSigamos haciendo historia en Veracruz\u201d, Roc\u00edo Nahle Garc\u00eda. Destac\u00f3 que gracias al gobierno de la Cuarta Transformaci\u00f3n, esta administraci\u00f3n puso en marcha [&hellip;]<\/p>\n","protected":false},"author":2,"featured_media":0,"comment_status":"closed","ping_status":"closed","sticky":false,"template":"","format":"standard","meta":{"_jetpack_newsletter_access":"","_jetpack_dont_email_post_to_subs":false,"_jetpack_newsletter_tier_id":0,"_jetpack_memberships_contains_paywalled_content":false,"_jetpack_memberships_contains_paid_content":false,"footnotes":""},"categories":[73],"tags":[1026,3578,195],"class_list":["post-121529","post","type-post","status-publish","format-standard","hentry","category-de-boleto","tag-morena","tag-rocio-nahle","tag-veracruz"],"jetpack_featured_media_url":"","jetpack_sharing_enabled":true,"jetpack_shortlink":"https:\/\/wp.me\/p4Qcd3-vC9","_links":{"self":[{"href":"https:\/\/lospoliticosveracruz.com.mx\/index.php?rest_route=\/wp\/v2\/posts\/121529","targetHints":{"allow":["GET"]}}],"collection":[{"href":"https:\/\/lospoliticosveracruz.com.mx\/index.php?rest_route=\/wp\/v2\/posts"}],"about":[{"href":"https:\/\/lospoliticosveracruz.com.mx\/index.php?rest_route=\/wp\/v2\/types\/post"}],"author":[{"embeddable":true,"href":"https:\/\/lospoliticosveracruz.com.mx\/index.php?rest_route=\/wp\/v2\/users\/2"}],"replies":[{"embeddable":true,"href":"https:\/\/lospoliticosveracruz.com.mx\/index.php?rest_route=%2Fwp%2Fv2%2Fcomments&post=121529"}],"version-history":[{"count":1,"href":"https:\/\/lospoliticosveracruz.com.mx\/index.php?rest_route=\/wp\/v2\/posts\/121529\/revisions"}],"predecessor-version":[{"id":121531,"href":"https:\/\/lospoliticosveracruz.com.mx\/index.php?rest_route=\/wp\/v2\/posts\/121529\/revisions\/121531"}],"wp:attachment":[{"href":"https:\/\/lospoliticosveracruz.com.mx\/index.php?rest_route=%2Fwp%2Fv2%2Fmedia&parent=121529"}],"wp:term":[{"taxonomy":"category","embeddable":true,"href":"https:\/\/lospoliticosveracruz.com.mx\/index.php?rest_route=%2Fwp%2Fv2%2Fcategories&post=121529"},{"taxonomy":"post_tag","embeddable":true,"href":"https:\/\/lospoliticosveracruz.com.mx\/index.php?rest_route=%2Fwp%2Fv2%2Ftags&post=121529"}],"curies":[{"name":"wp","href":"https:\/\/api.w.org\/{rel}","templated":true}]}}