{"id":121532,"date":"2024-04-06T03:58:56","date_gmt":"2024-04-06T09:58:56","guid":{"rendered":"https:\/\/lospoliticosveracruz.com.mx\/?p=121532"},"modified":"2024-04-06T08:50:35","modified_gmt":"2024-04-06T14:50:35","slug":"torean-a-papayunes","status":"publish","type":"post","link":"https:\/\/lospoliticosveracruz.com.mx\/?p=121532","title":{"rendered":"TOREAN A PAPAYUNES"},"content":{"rendered":"\n<p><strong>Ricardo Chua<\/strong><\/p>\n\n\n\n<p><em>Sale y Vale<\/em><\/p>\n\n\n\n<p>Despu\u00e9s de las apariciones p\u00fablicas del ex gobernador, Miguel \u00c1ngel Yunes Linares, de que anda caminando con candidatos de la oposici\u00f3n al gobierno de Veracruz y al Senado (Donde es suplente de la primera f\u00f3rmula).. Le han empezado a \u00absoltar buscapi\u00e9s\u00bb de presuntos asuntos que dej\u00f3 pendiente en su administraci\u00f3n.. Pero que en realidad, se ve que son \u00abborregos\u00bb porque la Auditor\u00eda Superior de la Federaci\u00f3n, no procedi\u00f3 en nada.. Como el tema de los sistemas de videovigilancia.. Un asunto nada nuevo\u2026<\/p>\n\n\n<div class=\"wp-block-image\">\n<figure class=\"alignleft size-full is-resized\"><a href=\"https:\/\/lospoliticosveracruz.com.mx\/wp-content\/uploads\/2023\/02\/Vinissimo.jpg\"><img decoding=\"async\" src=\"https:\/\/lospoliticosveracruz.com.mx\/wp-content\/uploads\/2023\/02\/Vinissimo.jpg\" alt=\"\" class=\"wp-image-102752\" style=\"width:144px;height:auto\"\/><\/a><\/figure><\/div>\n\n\n<p>Desde hace varios d\u00edas en grupos de \u00abwhatsapp\u00bb est\u00e1n manejando esa informaci\u00f3n, pero sin aportar datos nuevos.. Pareciera \u00abrefritos\u00bb de lo que ha salido ya desde el 2019 en varios medios de comunicaci\u00f3n de la entidad.. Por esa situaci\u00f3n, nos cuenta \u00abGarganta Profunda\u00bb, que lo que puede estar sucediendo.. Es que MORENA y sus operadores pol\u00edticos de Palacio de Gobierno, lo est\u00e1n \u00abtoreando\u00bb, s\u00f3lo para molestarlo y que se entretenga en otra cosa que no sea la campa\u00f1a.. Ya que no tienen nada nuevo..<\/p>\n\n\n\n<p>Seg\u00fan \u00abGarganta Profunda\u00bb dice que si algo ya tuviera en los hechos el gobierno de Andr\u00e9s Manuel L\u00f3pez Obrador, el de Cuitl\u00e1huac Garc\u00eda o la propia Auditor\u00eda Superior de la Federaci\u00f3n (ASF) .. Por qu\u00e9 se esperaron 6 a\u00f1os para proceder en consecuencia.. Y m\u00e1s ahora que ser\u00e1 senador suplente y que probablemente en 2025, \u00e9l se quede con la estafeta en la curul del Senado.. As\u00ed que todo esto que se\u00f1alan de Yunes Linares, mientras no haya nada en concreto, son puros \u00abmisiles al aire\u00bb.. Y no va a pasar nada..<\/p>\n\n\n\n<p>OJO.. Pese a que esto HA SIDO una denuncia p\u00fablica.. Nunca la Fiscal\u00eda General de la Rep\u00fablica procedi\u00f3 en consecuencia, quiz\u00e1s porque NO HUBO elementos para pedir a un juez proceder en contra del ex gobernador veracruzano o qu\u00e9 fue lo que pas\u00f3 que esto nunca sucedi\u00f3.. Ni modo que haya \u00abacuerdo\u00bb con Andr\u00e9s Manuel L\u00f3pez Obrador.. Ya que NO SE PUEDE ENTENDER de otra manera, en caso de que esas famosas denuncias tan cacareadas, existan.. A otros con esas \u00abCajas Chinas\u00bb.. AMEN..<\/p>\n\n\n\n<p>LOS N\u00daMEROS DE MORENA EN VERACRUZ.. Nos cuenta \u00abGarganta Profunda\u00bb que dentro del \u00abbunker\u00bb de MORENA, se tiene una certeza de que van a ganar la Presidencia de M\u00e9xico y el gobierno de Veracruz (En este caso).. Que ya tienen las percepciones de cu\u00e1ntos votos pueden alcanzar cada uno de los candidatos, tanto de ellos como de la oposici\u00f3n, sobre todo teniendo en cuenta, que en M\u00e9xico ya hay casi 100 millones de personas que pueden acudir el 2 de junio pr\u00f3ximo a votar.. Y para ellos, Claudia Sheinbaum y Roc\u00edo Nahle ganan sin problema..<\/p>\n\n\n\n<p>Seg\u00fan estos n\u00fameros se\u00f1alan que en la elecci\u00f3n Presidencial.. Con esos 100 millones de votantes en M\u00e9xico.. Teniendo en cuenta que pueden participar alrededor del 60 por ciento del padr\u00f3n en este proceso.. Para MORENA su candidata, Claudia Shienbaum obtendr\u00eda alrededor de los 35 millones de votos.. Mientras que Xochilth Galvez lograr\u00eda alrededor de los 18 millones de votos y Jorge Alvarez M\u00e1ynez tendr\u00eda alrededor de 3 millones de votos..<\/p>\n\n\n\n<p>Estos n\u00fameros, dice \u00abGarganta Profunda\u00bb, est\u00e1n basados en la informaci\u00f3n de MORENA y sus percepciones electorales. Ya que por haber un n\u00famero mayor de electores en este 2024, es que Claudia Shienbaum puede rebasar el n\u00famero de votos, con los cuales gan\u00f3 Andr\u00e9s Manuel L\u00f3pez Obrador en 2018.. Ya que en esas fechas s\u00f3lo hab\u00eda 80 millones de electores.. Y basado en la informaci\u00f3n de la elecci\u00f3n Presidencial pasada.. Es que se tiene la seguridad que Shienbaum ganar\u00e1 este proceso electoral..<\/p>\n\n\n\n<p>Mientras que en Veracruz, seg\u00fan MORENA, dice \u00abGarganta Profunda\u00bb, tienen la certeza que con los 6 millones de electores que hay en la entidad.. Su candidata a gobernador, Roc\u00edo Nahle puede obtener alrededor de un mill\u00f3n 470 mil votos.. Mientras que Pepe Yunes estar\u00eda apenas alcanzando el mill\u00f3n de votos.. Mientras Polo Deschamps estar\u00eda rebasando tambi\u00e9n los 150 mil votos.. Eso ser\u00eda basado en que alrededor del 60 por ciento de la poblaci\u00f3n veracruzana, con derecho a votar lo haga.. SON SUS N\u00daMEROS..<\/p>\n\n\n\n<p>REFLEXI\u00d3N.. Lo que se puede decir sobre estos n\u00fameros de MORENA.. Es que con esta votaci\u00f3n, Roc\u00edo Nahle no alcanzar\u00eda a Cuitl\u00e1huac Garc\u00eda en el 2018 y que \u00e9l seguir\u00eda siendo el gobernador m\u00e1s votado de la historia de Veracruz.. Mientras que Pepe Yunes lograr\u00eda doblar la votaci\u00f3n conseguida en 2018.. Pero volver\u00eda a perder.. OJO repetimos es la percepci\u00f3n que tienen en MORENA.. Tanto en Veracruz y CDMX.. Hay triunfalismo en sus n\u00fameros.. Habr\u00e1 que ver si en 53 d\u00edas se cumplen o son falacias.. PD.. La percepci\u00f3n de como quedar\u00e1 conformado el congreso federal y local, son otras y no tan triunfalistas.. AMEN..<\/p>\n","protected":false},"excerpt":{"rendered":"<p>Ricardo Chua Sale y Vale Despu\u00e9s de las apariciones p\u00fablicas del ex gobernador, Miguel \u00c1ngel Yunes Linares, de que anda caminando con candidatos de la oposici\u00f3n al gobierno de Veracruz y al Senado (Donde es suplente de la primera f\u00f3rmula).. Le han empezado a \u00absoltar buscapi\u00e9s\u00bb de presuntos asuntos que dej\u00f3 pendiente en su administraci\u00f3n.. [&hellip;]<\/p>\n","protected":false},"author":2,"featured_media":119817,"comment_status":"closed","ping_status":"closed","sticky":false,"template":"","format":"standard","meta":{"_jetpack_newsletter_access":"","_jetpack_dont_email_post_to_subs":false,"_jetpack_newsletter_tier_id":0,"_jetpack_memberships_contains_paywalled_content":false,"_jetpack_memberships_contains_paid_content":false,"footnotes":""},"categories":[70],"tags":[1563,26718,1026,570,3578,195],"class_list":["post-121532","post","type-post","status-publish","format-standard","has-post-thumbnail","hentry","category-de-opinion","tag-cuitlahuac-garcia-jimenez","tag-miguel-angel-yunes-linares-2","tag-morena","tag-pepe-yunes","tag-rocio-nahle","tag-veracruz"],"jetpack_featured_media_url":"https:\/\/lospoliticosveracruz.com.mx\/wp-content\/uploads\/2024\/03\/Ricardo-Chua.jpg","jetpack_sharing_enabled":true,"jetpack_shortlink":"https:\/\/wp.me\/p4Qcd3-vCc","_links":{"self":[{"href":"https:\/\/lospoliticosveracruz.com.mx\/index.php?rest_route=\/wp\/v2\/posts\/121532","targetHints":{"allow":["GET"]}}],"collection":[{"href":"https:\/\/lospoliticosveracruz.com.mx\/index.php?rest_route=\/wp\/v2\/posts"}],"about":[{"href":"https:\/\/lospoliticosveracruz.com.mx\/index.php?rest_route=\/wp\/v2\/types\/post"}],"author":[{"embeddable":true,"href":"https:\/\/lospoliticosveracruz.com.mx\/index.php?rest_route=\/wp\/v2\/users\/2"}],"replies":[{"embeddable":true,"href":"https:\/\/lospoliticosveracruz.com.mx\/index.php?rest_route=%2Fwp%2Fv2%2Fcomments&post=121532"}],"version-history":[{"count":2,"href":"https:\/\/lospoliticosveracruz.com.mx\/index.php?rest_route=\/wp\/v2\/posts\/121532\/revisions"}],"predecessor-version":[{"id":121538,"href":"https:\/\/lospoliticosveracruz.com.mx\/index.php?rest_route=\/wp\/v2\/posts\/121532\/revisions\/121538"}],"wp:featuredmedia":[{"embeddable":true,"href":"https:\/\/lospoliticosveracruz.com.mx\/index.php?rest_route=\/wp\/v2\/media\/119817"}],"wp:attachment":[{"href":"https:\/\/lospoliticosveracruz.com.mx\/index.php?rest_route=%2Fwp%2Fv2%2Fmedia&parent=121532"}],"wp:term":[{"taxonomy":"category","embeddable":true,"href":"https:\/\/lospoliticosveracruz.com.mx\/index.php?rest_route=%2Fwp%2Fv2%2Fcategories&post=121532"},{"taxonomy":"post_tag","embeddable":true,"href":"https:\/\/lospoliticosveracruz.com.mx\/index.php?rest_route=%2Fwp%2Fv2%2Ftags&post=121532"}],"curies":[{"name":"wp","href":"https:\/\/api.w.org\/{rel}","templated":true}]}}