{"id":121548,"date":"2024-04-06T12:38:29","date_gmt":"2024-04-06T18:38:29","guid":{"rendered":"https:\/\/lospoliticosveracruz.com.mx\/?p=121548"},"modified":"2024-04-06T12:38:36","modified_gmt":"2024-04-06T18:38:36","slug":"por-una-verdadera-division-de-poderes","status":"publish","type":"post","link":"https:\/\/lospoliticosveracruz.com.mx\/?p=121548","title":{"rendered":"POR UNA VERDADERA DIVISI\u00d3N DE PODERES!"},"content":{"rendered":"\n<p><strong>Emiliano Zapata<\/strong><\/p>\n\n\n\n<p>Dante Delgado Morales, candidato al Senado de la Rep\u00fablica por Movimiento Ciudadano, se\u00f1al\u00f3 que es necesario que exista una verdadero divisi\u00f3n de poderes en el pa\u00eds y en Veracruz para que haya una verdadera justicia.<\/p>\n\n\n<div class=\"wp-block-image\">\n<figure class=\"alignleft size-medium\"><a href=\"https:\/\/lospoliticosveracruz.com.mx\/wp-content\/uploads\/2023\/02\/Estancia.jpg\"><img decoding=\"async\" src=\"https:\/\/lospoliticosveracruz.com.mx\/wp-content\/uploads\/2023\/02\/Estancia-190x300.jpg\" alt=\"\" class=\"wp-image-102751\"\/><\/a><\/figure><\/div>\n\n\n<p>\u201cEs un tema fundamental, con nuestra compa\u00f1era Ang\u00e9lica, como es la separaci\u00f3n de los poderes, porque este gobierno quiere ocupar todo\u201d, se\u00f1al\u00f3&nbsp;<\/p>\n\n\n\n<p>Acompa\u00f1ado de la ex Jueza, Ang\u00e9lica S\u00e1nchez, candidata a Senado en segunda formula, coincidieron en que actualmente el gobierno federal y estatal han influido en los dem\u00e1s poderes, impidiendo que la justicia llegue a los veracruzanos.&nbsp;<\/p>\n\n\n\n<p>Dante Delgado Morales reiter\u00f3 que es muy importante recuperar la integraci\u00f3n de las familias, ya que por falta de recursos y oportunidades, se separa para buscar un mejor furudo para su familia.&nbsp;<\/p>\n\n\n\n<p>Destac\u00f3 que muchas veces Jalisco y Nuevo Le\u00f3n se convierten en destino de veracruzanos que buscan mejores empleos y salarios, sin embargo, detalla que esa migraci\u00f3n afecta la uni\u00f3n familiar y en ocasiones los m\u00e1s j\u00f3venes terminan influenciados por la delincuencia.&nbsp;<\/p>\n\n\n\n<p>Finalmente, Dante Delgado Morales, hizo un llamado a los ciudadanos para unirse y echar fuera a la vieja politica que tanto da\u00f1o le ha hecho a Veracruz.<\/p>\n","protected":false},"excerpt":{"rendered":"<p>Emiliano Zapata Dante Delgado Morales, candidato al Senado de la Rep\u00fablica por Movimiento Ciudadano, se\u00f1al\u00f3 que es necesario que exista una verdadero divisi\u00f3n de poderes en el pa\u00eds y en Veracruz para que haya una verdadera justicia. \u201cEs un tema fundamental, con nuestra compa\u00f1era Ang\u00e9lica, como es la separaci\u00f3n de los poderes, porque este gobierno [&hellip;]<\/p>\n","protected":false},"author":2,"featured_media":0,"comment_status":"closed","ping_status":"closed","sticky":false,"template":"","format":"standard","meta":{"_jetpack_newsletter_access":"","_jetpack_dont_email_post_to_subs":false,"_jetpack_newsletter_tier_id":0,"_jetpack_memberships_contains_paywalled_content":false,"_jetpack_memberships_contains_paid_content":false,"footnotes":""},"categories":[73],"tags":[40203,38238],"class_list":["post-121548","post","type-post","status-publish","format-standard","hentry","category-de-boleto","tag-dante-alfonso-delgado-morales","tag-movimiento-ciuadano"],"jetpack_featured_media_url":"","jetpack_sharing_enabled":true,"jetpack_shortlink":"https:\/\/wp.me\/p4Qcd3-vCs","_links":{"self":[{"href":"https:\/\/lospoliticosveracruz.com.mx\/index.php?rest_route=\/wp\/v2\/posts\/121548","targetHints":{"allow":["GET"]}}],"collection":[{"href":"https:\/\/lospoliticosveracruz.com.mx\/index.php?rest_route=\/wp\/v2\/posts"}],"about":[{"href":"https:\/\/lospoliticosveracruz.com.mx\/index.php?rest_route=\/wp\/v2\/types\/post"}],"author":[{"embeddable":true,"href":"https:\/\/lospoliticosveracruz.com.mx\/index.php?rest_route=\/wp\/v2\/users\/2"}],"replies":[{"embeddable":true,"href":"https:\/\/lospoliticosveracruz.com.mx\/index.php?rest_route=%2Fwp%2Fv2%2Fcomments&post=121548"}],"version-history":[{"count":1,"href":"https:\/\/lospoliticosveracruz.com.mx\/index.php?rest_route=\/wp\/v2\/posts\/121548\/revisions"}],"predecessor-version":[{"id":121550,"href":"https:\/\/lospoliticosveracruz.com.mx\/index.php?rest_route=\/wp\/v2\/posts\/121548\/revisions\/121550"}],"wp:attachment":[{"href":"https:\/\/lospoliticosveracruz.com.mx\/index.php?rest_route=%2Fwp%2Fv2%2Fmedia&parent=121548"}],"wp:term":[{"taxonomy":"category","embeddable":true,"href":"https:\/\/lospoliticosveracruz.com.mx\/index.php?rest_route=%2Fwp%2Fv2%2Fcategories&post=121548"},{"taxonomy":"post_tag","embeddable":true,"href":"https:\/\/lospoliticosveracruz.com.mx\/index.php?rest_route=%2Fwp%2Fv2%2Ftags&post=121548"}],"curies":[{"name":"wp","href":"https:\/\/api.w.org\/{rel}","templated":true}]}}