{"id":121638,"date":"2024-04-08T07:48:12","date_gmt":"2024-04-08T12:48:12","guid":{"rendered":"https:\/\/lospoliticosveracruz.com.mx\/?p=121638"},"modified":"2024-04-08T07:48:19","modified_gmt":"2024-04-08T12:48:19","slug":"hubo-ganadora-en-el-debate","status":"publish","type":"post","link":"https:\/\/lospoliticosveracruz.com.mx\/?p=121638","title":{"rendered":"HUBO GANADORA EN EL DEBATE"},"content":{"rendered":"\n<p><strong>Omar Z\u00fa\u00f1iga<\/strong><\/p>\n\n\n\n<p><em>De Primera Mano<\/em><\/p>\n\n\n\n<p>\u00bfEs un formato acartonado?, s\u00ed.<\/p>\n\n\n\n<p>\u00bfFue un desastre la producci\u00f3n?, s\u00ed.<\/p>\n\n\n\n<p>\u00bfPuede mejorar?, seguramente s\u00ed. Lo veremos el 28 de abril.<\/p>\n\n\n\n<p>En el aula universitaria se dieron debates mucho muy interesantes sobre el complejo tema de la objetividad period\u00edstica, ese tema desconocido ya por muchos j\u00f3venes egresados de las universidades, pero que debemos mantenerlo como una m\u00e1xima en nuestro desarrollo profesional.<\/p>\n\n\n\n<p>En este contexto, con la objetividad por delante&nbsp;y con la complejidad que resulta de decidir qui\u00e9n \u201cgana\u201d una debate, me parece que las mejores propuestas las llev\u00f3 la candidata de la coalici\u00f3n Fuerza y Amor por M\u00e9xico,&nbsp;<strong>X\u00f3chitl G\u00e1lvez<\/strong>, adem\u00e1s que siempre&nbsp;estuvo&nbsp;un paso&nbsp;adelante de sus adversarios, demostr\u00f3 mucha mano izquierda, lanzando&nbsp;jobs&nbsp;y haciendo rounds de sombra.<\/p>\n\n\n\n<p>Seguido de&nbsp;<strong>Jorge M\u00e1ynez<\/strong>, quien a pesar de que&nbsp;era&nbsp;el convidado de piedra, aquel que nadie pela en el sal\u00f3n a\u00fan queriendo agradar al profe haciendo alguna bromilla y lo \u00fanico que gana es un grillo chirriando.<\/p>\n\n\n\n<p>A&nbsp;<strong>Claudia&nbsp;<\/strong><strong>Sheinbaum<\/strong><strong>&nbsp;<\/strong>se le not\u00f3 inc\u00f3moda, pero al mismo tiempo soberbia, sin nunca siquiera dirigir la mirada a sus adversarios, esa soberbia que te da el saberte puntero en las encuestas ni llamarle a X\u00f3chitl por su nombre, estrategia por dem\u00e1s gastada y que no le reditu\u00f3 en nada, pues adem\u00e1s de&nbsp;que sus propuestas, ya sabemos que no son de ella, sino que son las del presidente&nbsp;<strong>L\u00f3pez Obrador<\/strong>, no es un secreto para nadie, ella misma lo ha dicho, incluso con la&nbsp;\u201cnuestra&nbsp;propuesta\u201d&nbsp;(as\u00ed&nbsp;lo&nbsp;dijo) para modificar la ley de&nbsp;Infonavit, propuesta que envi\u00f3&nbsp;al Congreso hace un par de meses L\u00f3pez Obrador&nbsp;como parte del paquete de reformas constitucionales, reconocida tambi\u00e9n por \u00e9l mismo como parte de su estrategia de campa\u00f1a, o de la estrategia de campa\u00f1a de su candidata, es lo mismo, pues.<\/p>\n\n\n\n<p>Una&nbsp;Sheinbaum&nbsp;que s\u00f3lo atin\u00f3 a decir \u2013si tiene pruebas que las presente-, ante&nbsp;el&nbsp;cuestionamiento sobre si ella se aventar\u00eda el trompo a la u\u00f1a de denunciar al presidente L\u00f3pez Obrador y sus&nbsp;bodoques, ante&nbsp;por las probadas muestras de&nbsp;corrupci\u00f3n que los rodean, el caso m\u00e1s reciente, el del balasto defectuoso que&nbsp;<strong>Gonzalo&nbsp;<\/strong><strong>Boby<\/strong><strong>&nbsp;L\u00f3pez Beltr\u00e1n&nbsp;<\/strong>y sus socios vendieron para el tren Maya, fara\u00f3nica obra insignia de AMLO., que ya ocasion\u00f3 un descarrilamiento.<\/p>\n\n\n\n<p>Que falt\u00f3 a los adversarios darles&nbsp;la puntilla, tambi\u00e9n es cierto;&nbsp;el formato acartonado del debate que propone el INE abona en ese sentido, los cortes raros en las intervenciones con las llamadas \u201cbolsas de tiempo\u201d es un sinsentido,&nbsp;en lugar de dejarlos debatir e intercambiar&nbsp;ideas libremente, pero en fin, esas son las reglas de juego y as\u00ed deben jugarlo.<\/p>\n\n\n\n<p>Finalmente,&nbsp;MasiveCaller&nbsp;una de las encuestadoras que han dado una clara ventaja a&nbsp;<strong>Claudia&nbsp;<\/strong><strong>Sheinbaum<\/strong><strong>&nbsp;<\/strong>en la carrera presidencial, dio por ganadora a&nbsp;<strong>X\u00f3chitl G\u00e1lvez&nbsp;<\/strong>del debate de esta noche de domingo, con un contundente 60 por ciento, contra 34 de Claudia&nbsp;Sheinbaum&nbsp;y 5 para Jorge M\u00e1ynez.<\/p>\n\n\n\n<p>Lo m\u00e1s interesante del caso es que la misma medici\u00f3n de anoche, despu\u00e9s del debate cambia la percepci\u00f3n y&nbsp;<strong>X\u00f3chitl G\u00e1lvez&nbsp;<\/strong>le da la vuelta, apareciendo como ganadora de la elecci\u00f3n con un 51 por ciento de las preferencias, contra 46.6 de&nbsp;<strong>Claudia&nbsp;<\/strong><strong>Sheinbaum<\/strong>.<\/p>\n\n\n\n<p>Por estas razones no es gratuito que&nbsp;<strong>L\u00f3pez Obrador&nbsp;<\/strong>haya iniciado de la nada un conflicto con Ecuador que termin\u00f3&nbsp;el viernes pasado&nbsp;con una intervenci\u00f3n ecuatoriana en la embajada de M\u00e9xico en aquel pa\u00eds sudamericano, buscando desviar la atenci\u00f3n al debate de este domingo por la noche.<\/p>\n\n\n\n<p>Ya sabemos porqu\u00e9\u2026<\/p>\n\n\n\n<p>\u00a1Qu\u00e9 barbaridad!<\/p>\n\n\n\n<p>deprimera.mano2020@gmail.com<\/p>\n","protected":false},"excerpt":{"rendered":"<p>Omar Z\u00fa\u00f1iga De Primera Mano \u00bfEs un formato acartonado?, s\u00ed. \u00bfFue un desastre la producci\u00f3n?, s\u00ed. \u00bfPuede mejorar?, seguramente s\u00ed. Lo veremos el 28 de abril. En el aula universitaria se dieron debates mucho muy interesantes sobre el complejo tema de la objetividad period\u00edstica, ese tema desconocido ya por muchos j\u00f3venes egresados de las universidades, [&hellip;]<\/p>\n","protected":false},"author":2,"featured_media":119918,"comment_status":"closed","ping_status":"closed","sticky":false,"template":"","format":"standard","meta":{"_jetpack_newsletter_access":"","_jetpack_dont_email_post_to_subs":false,"_jetpack_newsletter_tier_id":0,"_jetpack_memberships_contains_paywalled_content":false,"_jetpack_memberships_contains_paid_content":false,"footnotes":""},"categories":[70],"tags":[9627,11493,40616,1026,195],"class_list":["post-121638","post","type-post","status-publish","format-standard","has-post-thumbnail","hentry","category-de-opinion","tag-claudia-sheinbaum","tag-debate-presidencial","tag-jorge-alvarez-maynez-4","tag-morena","tag-veracruz"],"jetpack_featured_media_url":"https:\/\/lospoliticosveracruz.com.mx\/wp-content\/uploads\/2024\/03\/Omar-Zuniga.jpg","jetpack_sharing_enabled":true,"jetpack_shortlink":"https:\/\/wp.me\/p4Qcd3-vDU","_links":{"self":[{"href":"https:\/\/lospoliticosveracruz.com.mx\/index.php?rest_route=\/wp\/v2\/posts\/121638","targetHints":{"allow":["GET"]}}],"collection":[{"href":"https:\/\/lospoliticosveracruz.com.mx\/index.php?rest_route=\/wp\/v2\/posts"}],"about":[{"href":"https:\/\/lospoliticosveracruz.com.mx\/index.php?rest_route=\/wp\/v2\/types\/post"}],"author":[{"embeddable":true,"href":"https:\/\/lospoliticosveracruz.com.mx\/index.php?rest_route=\/wp\/v2\/users\/2"}],"replies":[{"embeddable":true,"href":"https:\/\/lospoliticosveracruz.com.mx\/index.php?rest_route=%2Fwp%2Fv2%2Fcomments&post=121638"}],"version-history":[{"count":1,"href":"https:\/\/lospoliticosveracruz.com.mx\/index.php?rest_route=\/wp\/v2\/posts\/121638\/revisions"}],"predecessor-version":[{"id":121639,"href":"https:\/\/lospoliticosveracruz.com.mx\/index.php?rest_route=\/wp\/v2\/posts\/121638\/revisions\/121639"}],"wp:featuredmedia":[{"embeddable":true,"href":"https:\/\/lospoliticosveracruz.com.mx\/index.php?rest_route=\/wp\/v2\/media\/119918"}],"wp:attachment":[{"href":"https:\/\/lospoliticosveracruz.com.mx\/index.php?rest_route=%2Fwp%2Fv2%2Fmedia&parent=121638"}],"wp:term":[{"taxonomy":"category","embeddable":true,"href":"https:\/\/lospoliticosveracruz.com.mx\/index.php?rest_route=%2Fwp%2Fv2%2Fcategories&post=121638"},{"taxonomy":"post_tag","embeddable":true,"href":"https:\/\/lospoliticosveracruz.com.mx\/index.php?rest_route=%2Fwp%2Fv2%2Ftags&post=121638"}],"curies":[{"name":"wp","href":"https:\/\/api.w.org\/{rel}","templated":true}]}}