{"id":121868,"date":"2024-04-10T15:09:27","date_gmt":"2024-04-10T20:09:27","guid":{"rendered":"https:\/\/lospoliticosveracruz.com.mx\/?p=121868"},"modified":"2024-04-10T15:11:45","modified_gmt":"2024-04-10T20:11:45","slug":"lista-de-pluris-acciones-afirmativas-y-violencia-politica","status":"publish","type":"post","link":"https:\/\/lospoliticosveracruz.com.mx\/?p=121868","title":{"rendered":"LISTA DE PLURIS, ACCIONES AFIRMATIVAS Y VIOLENCIA POLITICA"},"content":{"rendered":"\n<p><strong>El Chueco<\/strong><\/p>\n\n\n\n<p><em>Tinta y tiempo<\/em><\/p>\n\n\n\n<p>Los grupos en situac\u00f3n de vulneravilidad historicamente han luchando por el reconocimiento y goce pleno de sus derechos humanos, en materia electorial, que se han visto avances importantes, el primero, la regla de paridad de g\u00e9nero, que en 2018 se volvi\u00f3 real, en la Camara de Diputados y en el Senado de la republica, se tuvo por primera vez paridad, incluso, mayoria de mujeres.<\/p>\n\n\n<div class=\"wp-block-image\">\n<figure class=\"alignleft size-full is-resized\"><a href=\"https:\/\/lospoliticosveracruz.com.mx\/wp-content\/uploads\/2023\/02\/Vinissimo.jpg\"><img decoding=\"async\" src=\"https:\/\/lospoliticosveracruz.com.mx\/wp-content\/uploads\/2023\/02\/Vinissimo.jpg\" alt=\"\" class=\"wp-image-102752\" style=\"width:192px;height:auto\"\/><\/a><\/figure><\/div>\n\n\n<p>Despu\u00e9s de que el 3 de julio de 1955 las mujeres sufragaran por primera vez, 63 a\u00f1os m\u00e1s tarde se logra paridad, se entiende la lucha, el camino ha sido largo, y no abona nada a esta lucha, la descalificaci\u00f3n, y el sesgo mal intencionado de actores politicos, incluso, de columnistas que (aunque entiendo su negocio), argumentan cada disparate que \u00a1Ay nanita!\u2026<br>Lo anterior, lo digo por lo que provoc\u00f3 la marcha convocada de algunas colectivas la ma\u00f1ana de ayer, en defensa de la canditada de la coalici\u00f3n Morena-Verde-PT-FXM, Rocio Nalhe Garc\u00eda, en la cual, seg\u00fan sus declaraciones, se busca hacer visible la acciones que rayan e violencia politica de g\u00e9nero por parte de los CANDIDATOS de la oposici\u00f3n, que desde que inici\u00f3 la campa\u00f1a interna la tacharon como \u201cZacatecana\u201d, un discurso que si bien, sirve en lo mediatico, es sin sustento, ya que constitucionalmente no hay tema de debate, si no, el Tribuna Electoral no hubiera aceptado la candidatura; m\u00e1s aquel que presume haber sido \u201cexcelente estudiante de la facultad de derecho\u201d y el otro, como le apodaron sus compa\u00f1eros en la etapa de porro, \u201cEl Perro\u201d, los dos de apellido Yunes, los dos abogados, no lo hubieran permitido, es una candidatura legal y legitima, fin.<\/p>\n\n\n\n<p>Entonces, todo lo mediatico que se encuentra alrededor de este tema, es mal intencionado, sino lo queremos ver as\u00ed, analicemos el discurso de los HOMBRES del frente opositor con lentes de los coceptos b\u00e1sicos de violencia politica en raz\u00f3n de genero que public\u00f3 el Instituto Nacional Electoral (INE), aqu\u00ed se los dejo: <strong><em><a href=\"https:\/\/igualdad.ine.mx\/mujeres-en-la-politica\/violencia-politica\/conceptos-clave-sobre-violencia-politica\/.\">https:\/\/igualdad.ine.mx\/mujeres-en-la-politica\/violencia-politica\/conceptos-clave-sobre-violencia-politica\/.<\/a><\/em><\/strong><\/p>\n\n\n\n<p>Aun con todo lo que se est\u00e1 viviendo, se ha avanzado mucho en tema de paridad, pero hay asignaturas pedientes, respecto al goce de los drechos politicos electorales de los grupos en situaci\u00f3n de vulnerabilidad, para esto, el INE, desde el 2018, el Consejo General de INE, aprob\u00f3 los lineamietos para la implementaci\u00f3n de las acciones afirmativas en favor de grupos LGBT, juventudes, comunidades indigenas, mexicanos migrantes, personas en condici\u00f3n de pobreza, comunidades afromexicanas y personas con discapacidad.<\/p>\n\n\n\n<p>Entiendase a las Acciones Afirmativas como dispociones juridicas o acciones institucionales que compensan desventajas que debido a las caracteristicas de ciertas personas, les es complicado acceder a ciertos derechos. En temas electorales, se refiere a espacios reservados para que estos grupos tengan representaci\u00f3n y que su productividad sea enfocada a estos segmentos poblacionales.<\/p>\n\n\n\n<p>El pasado s\u00e1bado por la tarde, MORENA dio a conocer la lista que present\u00f3 al Organismo P\u00fablico Electoral de Veracruz (OPLEV), incluye de acuerdo al orden de la lista las siguientes acciones afirmativas, en el 1. J\u00f3venes, 7. Diversidad Sexual, 8. Discapacidad, y nuevamente Juventud en el 9.<\/p>\n\n\n\n<p>Esta es la primera parte, la segunda ser\u00e1, despues del dos de junio, de acuerdo a la votaci\u00f3n saber cuantos de estos perfiles llegan al congreso del Estado de Veracruz.<br>La tercera y ultima, ser\u00e1 el criterio que tomar\u00e1 el arbitro electoral para desigar el orden que ocupar\u00e1n estas porblaciones.<\/p>\n\n\n\n<p>El camino sigue siendo cuesta arriba, pero algo es algo dijo el calvo.<br>Nos leemos en la siguiente\u2026<\/p>\n","protected":false},"excerpt":{"rendered":"<p>El Chueco Tinta y tiempo Los grupos en situac\u00f3n de vulneravilidad historicamente han luchando por el reconocimiento y goce pleno de sus derechos humanos, en materia electorial, que se han visto avances importantes, el primero, la regla de paridad de g\u00e9nero, que en 2018 se volvi\u00f3 real, en la Camara de Diputados y en el [&hellip;]<\/p>\n","protected":false},"author":2,"featured_media":120221,"comment_status":"closed","ping_status":"closed","sticky":false,"template":"","format":"standard","meta":{"_jetpack_newsletter_access":"","_jetpack_dont_email_post_to_subs":false,"_jetpack_newsletter_tier_id":0,"_jetpack_memberships_contains_paywalled_content":false,"_jetpack_memberships_contains_paid_content":false,"footnotes":""},"categories":[70],"tags":[36730,1786],"class_list":["post-121868","post","type-post","status-publish","format-standard","has-post-thumbnail","hentry","category-de-opinion","tag-el-chueco","tag-pluris"],"jetpack_featured_media_url":"https:\/\/lospoliticosveracruz.com.mx\/wp-content\/uploads\/2024\/03\/El-Chueco-1.jpg","jetpack_sharing_enabled":true,"jetpack_shortlink":"https:\/\/wp.me\/p4Qcd3-vHC","_links":{"self":[{"href":"https:\/\/lospoliticosveracruz.com.mx\/index.php?rest_route=\/wp\/v2\/posts\/121868","targetHints":{"allow":["GET"]}}],"collection":[{"href":"https:\/\/lospoliticosveracruz.com.mx\/index.php?rest_route=\/wp\/v2\/posts"}],"about":[{"href":"https:\/\/lospoliticosveracruz.com.mx\/index.php?rest_route=\/wp\/v2\/types\/post"}],"author":[{"embeddable":true,"href":"https:\/\/lospoliticosveracruz.com.mx\/index.php?rest_route=\/wp\/v2\/users\/2"}],"replies":[{"embeddable":true,"href":"https:\/\/lospoliticosveracruz.com.mx\/index.php?rest_route=%2Fwp%2Fv2%2Fcomments&post=121868"}],"version-history":[{"count":2,"href":"https:\/\/lospoliticosveracruz.com.mx\/index.php?rest_route=\/wp\/v2\/posts\/121868\/revisions"}],"predecessor-version":[{"id":121871,"href":"https:\/\/lospoliticosveracruz.com.mx\/index.php?rest_route=\/wp\/v2\/posts\/121868\/revisions\/121871"}],"wp:featuredmedia":[{"embeddable":true,"href":"https:\/\/lospoliticosveracruz.com.mx\/index.php?rest_route=\/wp\/v2\/media\/120221"}],"wp:attachment":[{"href":"https:\/\/lospoliticosveracruz.com.mx\/index.php?rest_route=%2Fwp%2Fv2%2Fmedia&parent=121868"}],"wp:term":[{"taxonomy":"category","embeddable":true,"href":"https:\/\/lospoliticosveracruz.com.mx\/index.php?rest_route=%2Fwp%2Fv2%2Fcategories&post=121868"},{"taxonomy":"post_tag","embeddable":true,"href":"https:\/\/lospoliticosveracruz.com.mx\/index.php?rest_route=%2Fwp%2Fv2%2Ftags&post=121868"}],"curies":[{"name":"wp","href":"https:\/\/api.w.org\/{rel}","templated":true}]}}