{"id":122363,"date":"2024-04-17T07:39:30","date_gmt":"2024-04-17T12:39:30","guid":{"rendered":"https:\/\/lospoliticosveracruz.com.mx\/?p=122363"},"modified":"2024-04-17T08:51:22","modified_gmt":"2024-04-17T13:51:22","slug":"maximato-en-derecho","status":"publish","type":"post","link":"https:\/\/lospoliticosveracruz.com.mx\/?p=122363","title":{"rendered":"MAXIMATO EN DERECHO?"},"content":{"rendered":"\n<p><strong>Omar Z\u00fa\u00f1iga<\/strong><\/p>\n\n\n\n<p><em>De Primera Mano<\/em><\/p>\n\n\n\n<p>El viernes&nbsp;pasado, 12 de abril, tuvo lugar una \u201cJunta Acad\u00e9mica&nbsp;Ordinaria\u201d en la Facultad de Derecho.<\/p>\n\n\n\n<p>Las cejas levantadas empezaron desde que en la convocatoria marcaban las 14:00 horas para el inicio de la sesi\u00f3n, pues regularmente\u00a0(usos y costumbres)\u00a0se convocaba a las 17:00 horas, pues de esta manera se garantizaba mayor\u00a0participaci\u00f3n,\u00a0tanto de alumnos como de\u00a0acad\u00e9micos, pues coincide con el t\u00e9rmino de la hora de\u00a0la comida, ya no hay compromisos ni pretextos para ausentarse, por lo que los malpensados suger\u00edan que esa hora garantizaba poca afluencia\u00a0(antes de la comida), con lo que se prestaba a\u00a0hacer alg\u00fan movimiento\u00a0<em>ad hoc<\/em>, no s\u00e9\u00a0<em>ad hoc\u00a0<\/em>para qui\u00e9n, pero\u00a0<em>ad hoc<\/em>\u2026<\/p>\n\n\n<div class=\"wp-block-image\">\n<figure class=\"alignleft size-thumbnail\"><a href=\"https:\/\/lospoliticosveracruz.com.mx\/wp-content\/uploads\/2023\/02\/Vinissimo.jpg\"><img decoding=\"async\" src=\"https:\/\/lospoliticosveracruz.com.mx\/wp-content\/uploads\/2023\/02\/Vinissimo-150x150.jpg\" alt=\"\" class=\"wp-image-102752\"\/><\/a><\/figure><\/div>\n\n\n<p>La cosa es que la sesi\u00f3n arranc\u00f3 &nbsp;con media hora de retraso, a&nbsp;las dos y media de la tarde,&nbsp;sin&nbsp;embargo quien pens\u00f3 que no habr\u00eda qu\u00f3rum, le sali\u00f3 mal la jugada,&nbsp;al ser&nbsp;una de las m\u00e1s concurridas&nbsp;juntas,&nbsp;con la asistencia de 73 docentes y 40 alumnos, representantes de secci\u00f3n.<\/p>\n\n\n\n<p>La siguiente ceja levantada&nbsp;fue en el pase de lista, cuando&nbsp;nombraron a tres profesores, uno que no est\u00e1 dando clase este semestre y dos profesoras que est\u00e1n de a\u00f1o sab\u00e1tico, una de ellas&nbsp;<strong>Bertha Alicia Ram\u00edrez Arce<\/strong>, quien&nbsp;dijo \u201cpresente\u201d y casualmente, allegada (mucho) a la directora&nbsp;<strong>Araceli Reyes<\/strong>.&nbsp;<\/p>\n\n\n\n<p>La extra\u00f1eza del respetable fue porque a&nbsp;otros acad\u00e9micos&nbsp;que han estado de a\u00f1o sab\u00e1tico, la directora&nbsp;no les ha permitido participar, con lo que se refuerza lo que los malpensados pensaban.<\/p>\n\n\n\n<p>Una m\u00e1s de las cejas levantadas se dio en el punto VI de la convocatoria&nbsp;\u201cElecci\u00f3n del (a) Coordinador (a) de Derecho Romano (\u2026)\u201d.<\/p>\n\n\n\n<p>A manera de contexto,&nbsp;<strong>Bertha Alicia Ram\u00edrez Arce<\/strong>,&nbsp;fue&nbsp;coordinadora de&nbsp;dicho&nbsp;seminario durante 10 a\u00f1os,&nbsp;entre ellos el lapso de su c\u00f3nyuge&nbsp;<strong>Jos\u00e9 Luis C<\/strong><strong>uevas&nbsp;<\/strong>como&nbsp;director,&nbsp;por 4 a\u00f1os.&nbsp;<\/p>\n\n\n\n<p>Pues bien, ahora&nbsp;<strong>Araceli Reyes<\/strong>, la flamante directora,&nbsp;propuso&nbsp;que&nbsp;fuera&nbsp;Cuevas&nbsp;el&nbsp;coordinador del&nbsp;seminario,&nbsp;que fue aprobado, pero no por unanimidad, pues existe el recelo que Pepe Cuevas, previo a ser director de la&nbsp;Facultad, fue el coordinador de&nbsp;dicho seminario,&nbsp;que ciertamente fund\u00f3 su madre, la maestra&nbsp;Gayoso.<\/p>\n\n\n\n<p>La pregunta en&nbsp;radio-pasillo&nbsp;es por qu\u00e9 no se nombra a otra persona como coordinador del seminario de Derecho Romano, al haber much\u00edsimos acad\u00e9micos capaces de llevar esta responsabilidad, y ya se habla de un&nbsp;maximato&nbsp;al interior de la escuela de leyes.<\/p>\n\n\n\n<p>Por otra parte, el respetado&nbsp;<strong>Jos\u00e9 Lorenzo \u00c1lvarez Montero&nbsp;<\/strong>fue electo, tambi\u00e9n por&nbsp;mayor\u00eda, ya que hubo una abstenci\u00f3n&nbsp;para proclamarse la unanimidad, como coordinador del seminario&nbsp;de Estudios Judiciales.<\/p>\n\n\n\n<p>En&nbsp;la elecci\u00f3n de&nbsp;\u201cconsejero maestro\u201d del Consejo T\u00e9cnico&nbsp;se registr\u00f3&nbsp;una f\u00f3rmula,&nbsp;la del&nbsp;exdirector<strong>Alberto Cruz Silva<\/strong>,&nbsp;como&nbsp;titular; y&nbsp;<strong>Laura Helena \u00c1lvarez<\/strong>,&nbsp;de suplente, misma que fue aprobada.<\/p>\n\n\n\n<p>En el&nbsp;an\u00e1lisis del reglamento interno&nbsp;que&nbsp;rige&nbsp;desde&nbsp;1980,&nbsp;(en el&nbsp;a\u00f1o&nbsp;2019 se present\u00f3 un proyecto de reglamento interno), el acuerdo&nbsp;fue&nbsp;esperar la aprobaci\u00f3n&nbsp;de la&nbsp;Ley Org\u00e1nica&nbsp;de la UV en&nbsp;el Congreso del Estado y de ah\u00ed&nbsp;partir&nbsp;para el an\u00e1lisis del documento&nbsp;de 2019, para lo cual se&nbsp;cre\u00f3 una comisi\u00f3n,&nbsp;integrada por docentes&nbsp;y alumnos, entre quienes se encuentra&nbsp;<strong>Jos\u00e9 \u00c1lvarez Hern\u00e1ndez<\/strong>,&nbsp;estudiante de sexto semestre.<\/p>\n\n\n\n<p>De esta manera y traslad\u00e1ndolo al lenguaje&nbsp;panbolero, el marcador fue abultado, dejando un solo tanto para&nbsp;<strong>Araceli Reyes<\/strong>&nbsp;(Derecho Romano), contra tres de&nbsp;<strong>Jos\u00e9 Lorenzo \u00c1lvarez Montero<\/strong>, que gan\u00f3 de visitante, en la cancha de do\u00f1a Ara.<\/p>\n\n\n\n<p>Se posicion\u00f3 como coordinador del Seminario de Estudios Judiciales;&nbsp;adem\u00e1s de&nbsp;un integrante de la Comisi\u00f3n de An\u00e1lisis de Reglamento Interno de la facultad&nbsp;y&nbsp;la suplencia del Consejero Maestro.<\/p>\n\n\n\n<p>La ansiada reelecci\u00f3n que pregona&nbsp;<strong>Araceli Reyes&nbsp;<\/strong>se ve cada m\u00e1s lejana, pues se pretendi\u00f3 dar un albazo y sali\u00f3 con cajas destempladas.<\/p>\n\n\n\n<p>*****<\/p>\n\n\n\n<p>Para documentar el optimismo\u2026, la anarqu\u00eda que priva en el Seminario de Derecho Romano, se debe a que no hay un documento de creaci\u00f3n de dicho seminario.<\/p>\n\n\n\n<p>No&nbsp;tiene&nbsp;reglamento o estatuto,&nbsp;\u201cen virtud de que se rige bajo acuerdo de sus integrantes, con fundamento en el uso establecido&nbsp;desde su fundaci\u00f3n\u201d, es decir, se basa en usos y costumbres.<\/p>\n\n\n\n<p>La estructura del mismo est\u00e1 basada en&nbsp;sus&nbsp;integrantes y&nbsp;el o la&nbsp;coordinador&nbsp;(a).<\/p>\n\n\n\n<p>Y lo mejor de todo es que al no contar con un reglamento,&nbsp;tampoco se encuentra establecido un periodo espec\u00edfico para renovar la coordinaci\u00f3n, es decir que la coordinaci\u00f3n puede ser lo ef\u00edmera o longeva que se desee, a gusto pues del director (a).<\/p>\n\n\n\n<p>\u00a1Qu\u00e9 barbaridad!<\/p>\n\n\n\n<p>deprimera.mano2020@gmail.com<\/p>\n","protected":false},"excerpt":{"rendered":"<p>Omar Z\u00fa\u00f1iga De Primera Mano El viernes&nbsp;pasado, 12 de abril, tuvo lugar una \u201cJunta Acad\u00e9mica&nbsp;Ordinaria\u201d en la Facultad de Derecho. Las cejas levantadas empezaron desde que en la convocatoria marcaban las 14:00 horas para el inicio de la sesi\u00f3n, pues regularmente\u00a0(usos y costumbres)\u00a0se convocaba a las 17:00 horas, pues de esta manera se garantizaba mayor\u00a0participaci\u00f3n,\u00a0tanto [&hellip;]<\/p>\n","protected":false},"author":2,"featured_media":119918,"comment_status":"closed","ping_status":"closed","sticky":false,"template":"","format":"standard","meta":{"_jetpack_newsletter_access":"","_jetpack_dont_email_post_to_subs":false,"_jetpack_newsletter_tier_id":0,"_jetpack_memberships_contains_paywalled_content":false,"_jetpack_memberships_contains_paid_content":false,"footnotes":""},"categories":[70],"tags":[3356,8505,172],"class_list":["post-122363","post","type-post","status-publish","format-standard","has-post-thumbnail","hentry","category-de-opinion","tag-facultad-de-derecho","tag-jose-lorenzo-alvarez-montero","tag-uv"],"jetpack_featured_media_url":"https:\/\/lospoliticosveracruz.com.mx\/wp-content\/uploads\/2024\/03\/Omar-Zuniga.jpg","jetpack_sharing_enabled":true,"jetpack_shortlink":"https:\/\/wp.me\/p4Qcd3-vPB","_links":{"self":[{"href":"https:\/\/lospoliticosveracruz.com.mx\/index.php?rest_route=\/wp\/v2\/posts\/122363","targetHints":{"allow":["GET"]}}],"collection":[{"href":"https:\/\/lospoliticosveracruz.com.mx\/index.php?rest_route=\/wp\/v2\/posts"}],"about":[{"href":"https:\/\/lospoliticosveracruz.com.mx\/index.php?rest_route=\/wp\/v2\/types\/post"}],"author":[{"embeddable":true,"href":"https:\/\/lospoliticosveracruz.com.mx\/index.php?rest_route=\/wp\/v2\/users\/2"}],"replies":[{"embeddable":true,"href":"https:\/\/lospoliticosveracruz.com.mx\/index.php?rest_route=%2Fwp%2Fv2%2Fcomments&post=122363"}],"version-history":[{"count":2,"href":"https:\/\/lospoliticosveracruz.com.mx\/index.php?rest_route=\/wp\/v2\/posts\/122363\/revisions"}],"predecessor-version":[{"id":122369,"href":"https:\/\/lospoliticosveracruz.com.mx\/index.php?rest_route=\/wp\/v2\/posts\/122363\/revisions\/122369"}],"wp:featuredmedia":[{"embeddable":true,"href":"https:\/\/lospoliticosveracruz.com.mx\/index.php?rest_route=\/wp\/v2\/media\/119918"}],"wp:attachment":[{"href":"https:\/\/lospoliticosveracruz.com.mx\/index.php?rest_route=%2Fwp%2Fv2%2Fmedia&parent=122363"}],"wp:term":[{"taxonomy":"category","embeddable":true,"href":"https:\/\/lospoliticosveracruz.com.mx\/index.php?rest_route=%2Fwp%2Fv2%2Fcategories&post=122363"},{"taxonomy":"post_tag","embeddable":true,"href":"https:\/\/lospoliticosveracruz.com.mx\/index.php?rest_route=%2Fwp%2Fv2%2Ftags&post=122363"}],"curies":[{"name":"wp","href":"https:\/\/api.w.org\/{rel}","templated":true}]}}